{"id":9328,"date":"2024-10-11T12:18:22","date_gmt":"2024-10-11T15:18:22","guid":{"rendered":"https:\/\/gilpimentel.com.br\/site\/?p=9328"},"modified":"2024-10-11T12:18:22","modified_gmt":"2024-10-11T15:18:22","slug":"pecas-criadas-por-artesas-indigenas-da-amazonia-brilham-em-desfiles-do-estilista-mauricio-duarte-em-nova-york-e-milao","status":"publish","type":"post","link":"https:\/\/gilpimentel.com.br\/site\/pecas-criadas-por-artesas-indigenas-da-amazonia-brilham-em-desfiles-do-estilista-mauricio-duarte-em-nova-york-e-milao\/","title":{"rendered":"PE\u00c7AS CRIADAS POR ARTES\u00c3S IND\u00cdGENAS DA AMAZ\u00d4NIA BRILHAM EM DESFILES DO ESTILISTA MAUR\u00cdCIO DUARTE EM NOVA YORK E MIL\u00c3O"},"content":{"rendered":"<p>&nbsp;<\/p>\n<p>Pe\u00e7as feitas a partir da fibra de tucum pelas m\u00e3os de artes\u00e3s ind\u00edgenas do Amazonas ganharam as passarelas durante as semanas de moda em Nova York, nos Estados Unidos, e em Mil\u00e3o, na It\u00e1lia, duas das mais importantes vitrines fashion do mundo. Confeccionadas por artes\u00e3s do projeto \u201cParentas que Fazem\u201d, as cria\u00e7\u00f5es fazem parte da cole\u00e7\u00e3o \u2018Muiraquit\u00e3\u2019, do estilista manauara Maur\u00edcio Duarte, do povo Kaixana, um dos nomes brasileiros mais promissores no mundo da moda atualmente.<\/p>\n<p>&nbsp;<\/p>\n<p>As pe\u00e7as foram confeccionadas por artes\u00e3s da Associa\u00e7\u00e3o de Mulheres Ind\u00edgenas do Alto Rio Negro \u2013 Numi\u00e3 Kura (AMARN), Associa\u00e7\u00e3o das Mulheres Ind\u00edgenas Sater\u00e9-Maw\u00e9 (AMISM), Associa\u00e7\u00e3o de Mulheres Ind\u00edgenas da Regi\u00e3o do Alto Rio Negro (AMIARN) e Associa\u00e7\u00e3o dos Artes\u00e3os Ind\u00edgenas de S\u00e3o Gabriel da Cachoeira (ASSAI).<\/p>\n<p>&nbsp;<\/p>\n<p>Integradas a outros elementos naturais da Amaz\u00f4nia &#8211; como a fibra do buriti, escamas de pirarucu e sementes de a\u00e7a\u00ed &#8211; as fibras de tucum, tiradas de uma palmeira amaz\u00f4nica, compuseram as pe\u00e7as autorais do estilista, unindo sofistica\u00e7\u00e3o e valoriza\u00e7\u00e3o da cultura dos povos ind\u00edgenas.<\/p>\n<p>&nbsp;<\/p>\n<p>Em Nova York, Maur\u00edcio estreou sua nova cole\u00e7\u00e3o em um desfile no \u00faltimo dia 11 de setembro, em seguida partiu para Mil\u00e3o, para um showroom de marcas. Uma faixa de arum\u00e3 usada pelo estilista, outra fibra natural confeccionada a partir do artesanato ind\u00edgena, chamou a aten\u00e7\u00e3o da modelo Naomi Campbell, que posou para fotos usando a pe\u00e7a.<\/p>\n<p>&nbsp;<\/p>\n<p>\u201cFico muito feliz de poder vir para c\u00e1 trazer a nossa arte, a hist\u00f3ria que a gente acredita. Falar sobre moda autoral, sobre Brasil, sobre o Amazonas e o pertencimento. Quero agradecer \u00e0s associa\u00e7\u00f5es de mulheres ind\u00edgenas que produziram com a gente por meio do projeto Parentas que Fazem. \u00c9 sempre muito prazeroso reunir o que a gente constr\u00f3i no t\u00eaxtil com as fibras naturais\u201d, agradeceu Maur\u00edcio em suas redes sociais, ao falar sobre a estreia de sua cole\u00e7\u00e3o em Nova York.<\/p>\n<p>&nbsp;<\/p>\n<p>As associa\u00e7\u00f5es que criaram algumas pe\u00e7as do desfile de Maur\u00edcio Duarte comp\u00f5em o projeto Parentas que Fazem, que \u00e9 implementado pela Funda\u00e7\u00e3o Amaz\u00f4nia Sustent\u00e1vel (FAS), com apoio do Google.org, institui\u00e7\u00e3o filantr\u00f3pica do Google, e em parceria com a Coordena\u00e7\u00e3o das Organiza\u00e7\u00f5es Ind\u00edgenas da Amaz\u00f4nia Brasileira (Coiab) e Makira-E\u2019ta &#8211; Rede de Mulheres Ind\u00edgenas do Amazonas.<\/p>\n<p>&nbsp;<\/p>\n<p>Maur\u00edcio tamb\u00e9m participou de a\u00e7\u00f5es do projeto Parentas que Fazem a convite da FAS. O estilista atuou numa oficina de te\u00e7ume de arum\u00e3 na aldeia Yabi, do povo Bar\u00e9, em S\u00e3o Gabriel da Cachoeira (distante 852 quil\u00f4metros de Manaus), onde trocou t\u00e9cnicas e saberes com as artes\u00e3s. Ele tamb\u00e9m visitou a sede da AMARN, em Manaus, onde encomendou as pe\u00e7as e aprendeu mais sobre o processo de grafismo e tecelagem com a fibra de tucum.<\/p>\n<p>&nbsp;<\/p>\n<p>\u201cPartilhar as nossas simbologias, saberes ancestrais, produ\u00e7\u00e3o colaborativa com prop\u00f3sito para o mundo, j\u00e1 precisa nascer com prote\u00e7\u00e3o e com a certeza de vida pr\u00f3spera para todos que acreditam nessa ideia\u201d, escreveu Maur\u00edcio sobre a cole\u00e7\u00e3o Muiraquit\u00e3, que leva o nome de um amuleto de prote\u00e7\u00e3o ind\u00edgena, simbolizando a valoriza\u00e7\u00e3o das culturas e saberes ancestrais dos povos origin\u00e1rios.<\/p>\n<p>&nbsp;<\/p>\n<p>A coordenadora da Agenda Ind\u00edgena da FAS, Rosa dos Anjos, do povo Mura, conta que a parceria do projeto Parentas que Fazem, com o estilista Maur\u00edcio Duarte, \u00e9 extremamente importante porque est\u00e1 proporcionando uma grande troca de saberes e valoriza\u00e7\u00e3o das artes\u00e3s ind\u00edgenas. \u201cO Maur\u00edcio (Duarte) \u00e9 muito talentoso, um fen\u00f4meno que vem voando e ainda vai voar muito alto. Estamos muito felizes por ele ter esse olhar especial e ainda escolher algumas pe\u00e7as das nossas \u2018parentas\u2019 para inserir em seu desfile\u201d, comenta.<\/p>\n<p>&nbsp;<\/p>\n<p>Sobre a FAS<\/p>\n<p>&nbsp;<\/p>\n<p>A Funda\u00e7\u00e3o Amaz\u00f4nia Sustent\u00e1vel (FAS) \u00e9 uma organiza\u00e7\u00e3o da sociedade civil sem fins lucrativos que atua pelo desenvolvimento sustent\u00e1vel da Amaz\u00f4nia. Sua miss\u00e3o \u00e9 contribuir para a conserva\u00e7\u00e3o do bioma, para a melhoria da qualidade de vida das popula\u00e7\u00f5es da Amaz\u00f4nia e valoriza\u00e7\u00e3o da floresta em p\u00e9 e de sua biodiversidade. Com 16 anos de atua\u00e7\u00e3o, a institui\u00e7\u00e3o tem n\u00fameros de destaque, como o aumento de 202% na renda m\u00e9dia de milhares fam\u00edlias beneficiadas e a queda de 39% no desmatamento em \u00e1reas atendidas.<\/p>\n<p>&nbsp;<\/p>\n<p>Sobre a Coiab Amazonia<\/p>\n<p>&nbsp;<\/p>\n<p>A Coordena\u00e7\u00e3o das Organiza\u00e7\u00f5es Ind\u00edgenas da Amaz\u00f4nia Brasileira (Coiab) \u00e9 uma organiza\u00e7\u00e3o ind\u00edgena com 35 anos de atua\u00e7\u00e3o na defesa dos direitos ind\u00edgenas \u00e0 terra, sa\u00fade, educa\u00e7\u00e3o, cultura e sustentabilidade, considerando a diversidades de povos, e visando sua autonomia por meio de articula\u00e7\u00e3o pol\u00edtica e fortalecimento das organiza\u00e7\u00f5es ind\u00edgenas. \u00c9 a maior organiza\u00e7\u00e3o ind\u00edgena regional do Brasil em n\u00famero de povos inclu\u00eddos e \u00e1rea de abrang\u00eancia. Atua em nove estados da Amaz\u00f4nia Brasileira (Acre, Amap\u00e1, Amazonas, Maranh\u00e3o, Mato Grosso, Par\u00e1, Rond\u00f4nia, Roraima e Tocantins) e est\u00e1 articulada com uma rede composta por associa\u00e7\u00f5es locais, federa\u00e7\u00f5es regionais, organiza\u00e7\u00f5es de mulheres, professores, estudantes ind\u00edgenas, e subdividida em 64 regi\u00f5es de base.<\/p>\n<p>&nbsp;<\/p>\n<p>Sobre a Makira E\u2019ta<\/p>\n<p>&nbsp;<\/p>\n<p>A Makira E\u2019ta \u2013 Rede de Mulheres Ind\u00edgena do Estado do Amazonas \u00e9 uma Organiza\u00e7\u00e3o da Sociedade Civil (OSC) independente, privada, de interesse p\u00fablico, sem v\u00ednculos pol\u00edtico-partid\u00e1rios, com fins n\u00e3o econ\u00f4micos, fundada no dia 29 de julho de 2017. Tem como miss\u00e3o a promo\u00e7\u00e3o e o desenvolvimento social, pol\u00edtico e econ\u00f4mico, com prioridade \u00e0 mulher ind\u00edgena. A Makira E\u2019ta acredita em uma sociedade com igualdade de oportunidades a todas as pessoas e neste o protagonismo da mulher ind\u00edgena, principalmente nas comunidades que n\u00e3o s\u00e3o alcan\u00e7adas pelas pol\u00edticas p\u00fablicas estaduais e municipais.<\/p>\n","protected":false},"excerpt":{"rendered":"<p>&nbsp; Pe\u00e7as feitas a partir da fibra de tucum pelas m\u00e3os de artes\u00e3s ind\u00edgenas do Amazonas ganharam as passarelas durante as semanas de moda em &hellip; <\/p>\n","protected":false},"author":2,"featured_media":9329,"comment_status":"closed","ping_status":"closed","sticky":false,"template":"","format":"standard","meta":{"footnotes":""},"categories":[2],"tags":[],"class_list":["post-9328","post","type-post","status-publish","format-standard","has-post-thumbnail","hentry","category-noticias","latest_post"],"_links":{"self":[{"href":"https:\/\/gilpimentel.com.br\/site\/wp-json\/wp\/v2\/posts\/9328","targetHints":{"allow":["GET"]}}],"collection":[{"href":"https:\/\/gilpimentel.com.br\/site\/wp-json\/wp\/v2\/posts"}],"about":[{"href":"https:\/\/gilpimentel.com.br\/site\/wp-json\/wp\/v2\/types\/post"}],"author":[{"embeddable":true,"href":"https:\/\/gilpimentel.com.br\/site\/wp-json\/wp\/v2\/users\/2"}],"replies":[{"embeddable":true,"href":"https:\/\/gilpimentel.com.br\/site\/wp-json\/wp\/v2\/comments?post=9328"}],"version-history":[{"count":1,"href":"https:\/\/gilpimentel.com.br\/site\/wp-json\/wp\/v2\/posts\/9328\/revisions"}],"predecessor-version":[{"id":9330,"href":"https:\/\/gilpimentel.com.br\/site\/wp-json\/wp\/v2\/posts\/9328\/revisions\/9330"}],"wp:featuredmedia":[{"embeddable":true,"href":"https:\/\/gilpimentel.com.br\/site\/wp-json\/wp\/v2\/media\/9329"}],"wp:attachment":[{"href":"https:\/\/gilpimentel.com.br\/site\/wp-json\/wp\/v2\/media?parent=9328"}],"wp:term":[{"taxonomy":"category","embeddable":true,"href":"https:\/\/gilpimentel.com.br\/site\/wp-json\/wp\/v2\/categories?post=9328"},{"taxonomy":"post_tag","embeddable":true,"href":"https:\/\/gilpimentel.com.br\/site\/wp-json\/wp\/v2\/tags?post=9328"}],"curies":[{"name":"wp","href":"https:\/\/api.w.org\/{rel}","templated":true}]}}