{"id":8921,"date":"2024-09-25T14:40:19","date_gmt":"2024-09-25T17:40:19","guid":{"rendered":"https:\/\/gilpimentel.com.br\/site\/?p=8921"},"modified":"2024-09-25T14:40:19","modified_gmt":"2024-09-25T17:40:19","slug":"festuris-divulga-gramado-internacionalmente","status":"publish","type":"post","link":"https:\/\/gilpimentel.com.br\/site\/festuris-divulga-gramado-internacionalmente\/","title":{"rendered":"FESTURIS DIVULGA GRAMADO INTERNACIONALMENTE"},"content":{"rendered":"<p>&nbsp;<\/p>\n<p>Punta Del Este no Uruguai, Buenos Aires na Argentina, Lima no Peru e Bras\u00edlia s\u00e3o os destinos do Festuris Gramado neste m\u00eas de setembro.<\/p>\n<p>&nbsp;<\/p>\n<p>Promover a conex\u00e3o com players do turismo e marcas internacionais, divulgar e fortalecer a imagem de Gramado como destino tur\u00edstico de destaque, s\u00e3o algumas das miss\u00f5es das comitivas que marcam presen\u00e7a nos principais eventos e feiras de turismo da Am\u00e9rica Latina.<\/p>\n<p>&nbsp;<\/p>\n<p>Nesta semana, nos dias 26 e 27, a CEO do Festuris, Marta Rossi, acompanhada pela gerente de comunica\u00e7\u00e3o Cibele Marcon, o executivo comercial Abimael Rodrigues, o brand designer Mois\u00e9s Castilhos e o administrador S\u00e9rgio Prade estar\u00e3o no Uruguai, onde ocorre a Gramado Summit Punta Del Este. Eduardo e Juliana Zorzanello viajaram para o Uruguai ainda no domingo, e nesta segunda-feira (23), estiveram reunidos com o Minist\u00e9rio do Turismo do Uruguai.<\/p>\n<p>&nbsp;<\/p>\n<p>De 28 de setembro a 1\u00ba de outubro, a gerente de projetos especiais, K\u00eania Jaeger, estar\u00e1 em Buenos Aires, na Argentina, para participar da Feira Internacional de Turismo da Am\u00e9rica Latina, que vai reunir dezenas de pa\u00edses e o Brasil \u00e9 o grande homenageado desta edi\u00e7\u00e3o.<\/p>\n<p>&nbsp;<\/p>\n<p>\u201cA FIT sempre est\u00e1 no calend\u00e1rio do Festuris, pois encontramos muitas possibilidades de relacionamentos e prospec\u00e7\u00f5es, al\u00e9m dos principais destinos internacionais estarem l\u00e1. Estar l\u00e1 \u00e9 conectar o Festuris \u00e0 FIT e principalmente levar um olhar \u00e0s marcas de alto padr\u00e3o. L\u00e1 teremos espa\u00e7o para participar de rodadas de neg\u00f3cios e reuni\u00f5es com o mercado internacional\u201d, destaca K\u00eania.<\/p>\n<p>&nbsp;<\/p>\n<p>Tamb\u00e9m nesta semana, de 25 a 28, a executiva comercial do Festuris, Endi Betin, e o jornalista Fernando Gusen participam da ABAV Expo em Bras\u00edlia, realizada pela Associa\u00e7\u00e3o Brasileira de Agentes de Viagens e que deve receber mais de 40 mil participantes. Na capital federal uma das agendas \u00e9 com o ministro do Turismo, Celso Sabino.<\/p>\n<p>&nbsp;<\/p>\n<p>\u201cA presen\u00e7a em eventos globais permite estabelecer parcerias estrat\u00e9gicas com operadores tur\u00edsticos e agentes de viagens, ampliando a rede de contatos e oportunidades de neg\u00f3cios. A troca de experi\u00eancias com outros destinos tamb\u00e9m enriquece o conhecimento local, contribuindo para a inova\u00e7\u00e3o nos servi\u00e7os oferecidos. Ao atrair investimentos e aumentar a visibilidade, o Festuris refor\u00e7a seu papel como catalisador do desenvolvimento econ\u00f4mico e tur\u00edstico de Gramado, beneficiando toda a comunidade\u201d, destaca o CEO do Festuris, Eduardo Zorzanello.<\/p>\n<p>&nbsp;<\/p>\n<p>Recentemente, nos dias 17 e 18, a gerente Comercial Andrea Oliveira e a gerente de Log\u00edstica e Viagens D\u00e9bora Dilkin estiveram no Peru, onde participaram de encontro com a PROMPER\u00da &#8211; Comiss\u00e3o de Promo\u00e7\u00e3o do Peru para Exporta\u00e7\u00f5es e Turismo e operadoras de viagens para promover o destino Brasil e o turismo de neg\u00f3cios.<\/p>\n<p>&nbsp;<\/p>\n<p>Outra parte da agenda ocorreu na Embaixada do Brasil em Lima, onde foi poss\u00edvel apresentar o destino Gramado e a 36\u00aa edi\u00e7\u00e3o do Festuris. \u201cNesta miss\u00e3o, tivemos a confirma\u00e7\u00e3o da presen\u00e7a de um grupo peruano de compradores que estar\u00e3o em Gramado para negociar com os nossos expositores\u201d, comemora Andreia.<\/p>\n<p>&nbsp;<\/p>\n<p>SOBRE O FESTURIS<\/p>\n<p>&nbsp;<\/p>\n<p>O Festuris &#8211; Feira Internacional de Turismo \u00e9 um evento que acontece em Gramado desde 1989. \u00c9 um palco de debates de temas relevantes da atualidade e uma feira de neg\u00f3cios, considerada a mais efetiva em resultados para os expositores. Em 2023, vieram 2500 marcas, 15 mil participantes e 40 destinos internacionais. Ocupou tr\u00eas pavilh\u00f5es que totalizaram 27 mil metros quadrados de \u00e1rea. A edi\u00e7\u00e3o deste ano ocorre de 7 a 10 de novembro. Foto: Divulga\u00e7\u00e3o FESTURIS Gramado<\/p>\n","protected":false},"excerpt":{"rendered":"<p>&nbsp; Punta Del Este no Uruguai, Buenos Aires na Argentina, Lima no Peru e Bras\u00edlia s\u00e3o os destinos do Festuris Gramado neste m\u00eas de setembro. &hellip; <\/p>\n","protected":false},"author":2,"featured_media":8922,"comment_status":"closed","ping_status":"closed","sticky":false,"template":"","format":"standard","meta":{"footnotes":""},"categories":[2],"tags":[],"class_list":["post-8921","post","type-post","status-publish","format-standard","has-post-thumbnail","hentry","category-noticias","latest_post"],"_links":{"self":[{"href":"https:\/\/gilpimentel.com.br\/site\/wp-json\/wp\/v2\/posts\/8921","targetHints":{"allow":["GET"]}}],"collection":[{"href":"https:\/\/gilpimentel.com.br\/site\/wp-json\/wp\/v2\/posts"}],"about":[{"href":"https:\/\/gilpimentel.com.br\/site\/wp-json\/wp\/v2\/types\/post"}],"author":[{"embeddable":true,"href":"https:\/\/gilpimentel.com.br\/site\/wp-json\/wp\/v2\/users\/2"}],"replies":[{"embeddable":true,"href":"https:\/\/gilpimentel.com.br\/site\/wp-json\/wp\/v2\/comments?post=8921"}],"version-history":[{"count":1,"href":"https:\/\/gilpimentel.com.br\/site\/wp-json\/wp\/v2\/posts\/8921\/revisions"}],"predecessor-version":[{"id":8923,"href":"https:\/\/gilpimentel.com.br\/site\/wp-json\/wp\/v2\/posts\/8921\/revisions\/8923"}],"wp:featuredmedia":[{"embeddable":true,"href":"https:\/\/gilpimentel.com.br\/site\/wp-json\/wp\/v2\/media\/8922"}],"wp:attachment":[{"href":"https:\/\/gilpimentel.com.br\/site\/wp-json\/wp\/v2\/media?parent=8921"}],"wp:term":[{"taxonomy":"category","embeddable":true,"href":"https:\/\/gilpimentel.com.br\/site\/wp-json\/wp\/v2\/categories?post=8921"},{"taxonomy":"post_tag","embeddable":true,"href":"https:\/\/gilpimentel.com.br\/site\/wp-json\/wp\/v2\/tags?post=8921"}],"curies":[{"name":"wp","href":"https:\/\/api.w.org\/{rel}","templated":true}]}}