{"id":8915,"date":"2024-09-25T14:37:13","date_gmt":"2024-09-25T17:37:13","guid":{"rendered":"https:\/\/gilpimentel.com.br\/site\/?p=8915"},"modified":"2024-09-25T14:37:13","modified_gmt":"2024-09-25T17:37:13","slug":"gravura-galeria-de-arte-promovera-duas-novas-exposicoes-em-outubro","status":"publish","type":"post","link":"https:\/\/gilpimentel.com.br\/site\/gravura-galeria-de-arte-promovera-duas-novas-exposicoes-em-outubro\/","title":{"rendered":"GRAVURA GALERIA DE ARTE PROMOVER\u00c1 DUAS NOVAS EXPOSI\u00c7\u00d5ES EM OUTUBRO"},"content":{"rendered":"<p>Clara Pechansky e Milene Gensas apresentar\u00e3o obras a partir do dia 5<\/p>\n<p>&nbsp;<\/p>\n<p>A Gravura Galeria de Arte (Rua Corte Real, n\u00ba 647, bairro Petr\u00f3polis, Porto Alegre) abrir\u00e1 suas portas para duas novas exposi\u00e7\u00f5es no pr\u00f3ximo m\u00eas. O vernissage acontecer\u00e1 no dia 05 de outubro, das 11 \u00e0s 13h, e as obras ficar\u00e3o dispon\u00edveis para aprecia\u00e7\u00e3o at\u00e9 o dia 1\u00ba de novembro. A \u201cMiniarte\u201d, idealizada pela artista Clara Pechansky, estar\u00e1 exposta na sala negra, j\u00e1 \u201cLacunas Ancestrais\u201d, de Milene Gensas, ser\u00e1 na sala branca.<\/p>\n<p>&nbsp;<\/p>\n<p>A edi\u00e7\u00e3o de n\u00famero 50 da exposi\u00e7\u00e3o Miniarte reunir\u00e1 156 artistas de 10 pa\u00edses. A mostra internacional, criada h\u00e1 21 anos, ter\u00e1 como tema de abordagem a paz. A idealizadora e coordenadora geral do projeto \u00e9 a artista visual ga\u00facha Clara Pechansky. Os pain\u00e9is com as obras \u2013 pintura, desenho, escultura, gravura, colagem, cer\u00e2mica, arte digital, fotografia e objetos \u2013, montados pela restauradora Eliete Pereira, abrigam perspectivas origin\u00e1rias de pa\u00edses como Brasil, Argentina, M\u00e9xico, Col\u00f4mbia, Estados Unidos, Costa Rica, Espanha, Holanda, Irlanda do Norte e \u00cdndia. Uma novidade da atual edi\u00e7\u00e3o da Miniarte foi tornar poss\u00edvel a participa\u00e7\u00e3o de escritores e poetas.<\/p>\n<p>&nbsp;<\/p>\n<p>Entre os artistas do Rio Grande do Sul que est\u00e3o na Miniarte nomes como: Zoravia Bettiol, Liana Timm, Esther Bianco, Ana Lovatto, M\u00e1rcia Marostega, Gra\u00e7a Craidy, Nara Foga\u00e7a, Anaurelino Barros Neto, Kika Hermann, Rita Gil, Mara Galvani, Susane Kochhann e a pr\u00f3pria Clara Pechansky, que tamb\u00e9m exp\u00f5e obra. Al\u00e9m disso, integram ao grupo de escritores e poetas: Valesca de Assis, C\u00e1tia Simon, Patr\u00edcia Langlois, Paulo Wainberg, Marilice Costi, Rute Gusm\u00e3o e Liana Timm.<\/p>\n<p>&nbsp;<\/p>\n<p>J\u00e1 a exposi\u00e7\u00e3o assinada pela artista visual Milene Gensas, que tem curadoria de Maria Helena Bernardes, foi batizada como \u201cLacunas Ancestrais\u201d. Contar\u00e1 com fotografias, objetos, cartas, guardados e imagens geradas por Intelig\u00eancia Artificial (IA). A artista conta que o processo de cria\u00e7\u00e3o da instala\u00e7\u00e3o decorreu de uma investiga\u00e7\u00e3o espont\u00e2nea que vinha fazendo junto \u00e0 sua fam\u00edlia, na tentativa de saber sobre seus antepassados que, diferente do av\u00f4 materno, n\u00e3o migraram da Pol\u00f4nia para o Brasil, nos anos de 1930.<\/p>\n<p>&nbsp;<\/p>\n<p>A curadora da exposi\u00e7\u00e3o observa que o trabalho da artista \u201cparte de uma curiosidade n\u00e3o despida de assombro, pois a escolha de seu av\u00f4 por migrar para o Brasil, \u00e0s portas da guerra, permitiu que uma linha de acontecimentos se desdobrasse at\u00e9 o presente. De outro lado, a perman\u00eancia dos irm\u00e3os do av\u00f4 na terra natal produziu v\u00e1cuos narrativos angustiantes: o que teria acontecido com eles? Como teriam sido suas vidas se tivessem tamb\u00e9m deixado a Europa naquele momento?\u201d.<\/p>\n<p>&nbsp;<\/p>\n<p>A instala\u00e7\u00e3o, que ocupa a sala branca da Galeria Gravura, est\u00e1 dividida em tr\u00eas partes: uma gira em torno da hist\u00f3ria comprovada por fatos e documentos; outra trata de uma hist\u00f3ria constru\u00edda sobre poss\u00edveis fatos e prov\u00e1veis testemunhos; e uma terceira hist\u00f3ria d\u00e1 margem para a artista articular, em liberdade po\u00e9tica, o vivido e o n\u00e3o realizado. Nessa \u00faltima se\u00e7\u00e3o, sonho e vida se mesclam para reafirmar que, enquanto nos lembrarmos que algu\u00e9m um dia viveu, a brutalidade n\u00e3o ter\u00e1 a \u00faltima palavra.<\/p>\n<p>&nbsp;<\/p>\n<p>SERVI\u00c7O | EXPOSI\u00c7\u00d5ES \u201cMINIARTE\u201d, IDEALIZADA POR CLARA PECHANSKY, E \u201cLACUNAS ANCESTRAIS\u201d, DE MILENE GENSAS, NA GRAVURA GALERIA DE ARTE<\/p>\n<p>&nbsp;<\/p>\n<p>Vernissage: 05 de outubro de 2024, s\u00e1bado, das 11h \u00e0s 13h.<\/p>\n<p>&nbsp;<\/p>\n<p>Visita\u00e7\u00e3o: 07\/10\/2024 at\u00e9 01\/11\/2024, de segundas a sextas-feiras, das 9h30 \u00e0s 18h30, e aos s\u00e1bados, das 9h30 \u00e0s 13h30.<\/p>\n<p>&nbsp;<\/p>\n<p>Endere\u00e7o: Rua Corte Real, 647 \u2013 Petr\u00f3polis, Porto Alegre-RS<\/p>\n<p>&nbsp;<\/p>\n<p>Telefones: (51) 3333-1946, (51) 99718-9258 (WhatsApp) ou (51) 99666-3972.<\/p>\n<p>&nbsp;<\/p>\n<p>Instagram: gravuragaleria<\/p>\n<p>&nbsp;<\/p>\n<p>Site: www.gravuragaleria.com.br<\/p>\n<p>&nbsp;<\/p>\n<p>Sobre Gravura Galeria de Arte<\/p>\n<p>&nbsp;<\/p>\n<p>Inaugurada em meados de 1996, a Gravura Galeria de Arte \u00e9 coordenada pela arquiteta Regina Galbinski Teitelbaum. O acervo conta com mais de cem artistas visuais com obras de arte em pinturas, gravuras, desenhos, esculturas e fotografias. A Gravura mant\u00e9m uma programa\u00e7\u00e3o intensa de exposi\u00e7\u00f5es, individuais e coletivas, com o objetivo de divulgar a arte ao grande p\u00fablico e de atingir um n\u00famero cada vez maior de apreciadores.<\/p>\n<p>&nbsp;<\/p>\n<p>Sobre Clara Pechansky<\/p>\n<p>&nbsp;<\/p>\n<p>Bacharel em Pintura pela Escola de Belas Artes de Pelotas, com Medalha de Ouro. Cursou Licenciatura em Desenho e Hist\u00f3ria da Arte na UFRGS, com cursos de Extens\u00e3o em Educa\u00e7\u00e3o Audiovisual. Estudou com Aldo Locatelli, Glenio Bianchetti, Glauco Rodrigues, Xico Stockinger, Dan\u00fabio Gon\u00e7alves e Anico Herskovits. Mais de 70 exposi\u00e7\u00f5es individuais em galerias e museus do Brasil e do exterior. Selecionada e convidada para mais de 200 exposi\u00e7\u00f5es coletivas, Bienais e Trienais de Desenho e Arte Gr\u00e1fica em 17 pa\u00edses, recebeu 3 pr\u00eamios internacionais, al\u00e9m de homenagens em v\u00e1rios pa\u00edses, devido ao seu trabalho de divulga\u00e7\u00e3o da arte brasileira. Sua trajet\u00f3ria inclui individuais na Alemanha, B\u00e9lgica, Col\u00f4mbia, Espanha, Estados Unidos, Holanda, M\u00e9xico e Portugal.<\/p>\n<p>&nbsp;<\/p>\n<p>Produ\u00e7\u00e3o Cultural<\/p>\n<p>&nbsp;<\/p>\n<p>Al\u00e9m da atividade como artista visual e ilustradora, Clara Pechansky atua como gestora cultural e social, escrevendo sobre arte, palestrando e criando eventos como o Projeto Ensaio, para o Theatro S\u00e3o Pedro e o Lar da Crian\u00e7a Anne Frank (1998), e Artistas da Vida anos 1 e 2 (1999 e 2000), com Liana Timm. Em 2003 fundou o Projeto Miniarte International, que vem mostrando suas cole\u00e7\u00f5es nos cinco continentes, e em 2018 criou o Projeto Fiesta de Paz Brasil.<\/p>\n<p>&nbsp;<\/p>\n<p>Sobre Milene Gensas<\/p>\n<p>&nbsp;<\/p>\n<p>Formada em arquitetura pela UFRGS em 1998, ap\u00f3s 14 anos na profiss\u00e3o, graduou-se em fotografia avan\u00e7ada pela ESPM-Sul e deu in\u00edcio \u00e0 carreira de fot\u00f3grafa. Com seu trabalho &#8220;Caminhos de Pedra em Detalhes&#8221;, foi selecionada como destaque com outros 8 colegas do curso de fotografia da ESPM-Sul para fazer parte de uma publica\u00e7\u00e3o chamada &#8220;9 olhares\u201d. Em 2021, recebeu a men\u00e7\u00e3o honrosa do ND Awards (ND Magazine) na categoria fotografia conceitual. Desenvolve seus trabalhos explorando as possibilidades narrativas da fotografia como base para desenvolver uma po\u00e9tica pessoal, tirando-a de um lugar bidimensional e trazendo-a para um campo escult\u00f3rico.<\/p>\n","protected":false},"excerpt":{"rendered":"<p>Clara Pechansky e Milene Gensas apresentar\u00e3o obras a partir do dia 5 &nbsp; A Gravura Galeria de Arte (Rua Corte Real, n\u00ba 647, bairro Petr\u00f3polis, &hellip; <\/p>\n","protected":false},"author":2,"featured_media":8916,"comment_status":"closed","ping_status":"closed","sticky":false,"template":"","format":"standard","meta":{"footnotes":""},"categories":[2],"tags":[],"class_list":["post-8915","post","type-post","status-publish","format-standard","has-post-thumbnail","hentry","category-noticias","latest_post"],"_links":{"self":[{"href":"https:\/\/gilpimentel.com.br\/site\/wp-json\/wp\/v2\/posts\/8915","targetHints":{"allow":["GET"]}}],"collection":[{"href":"https:\/\/gilpimentel.com.br\/site\/wp-json\/wp\/v2\/posts"}],"about":[{"href":"https:\/\/gilpimentel.com.br\/site\/wp-json\/wp\/v2\/types\/post"}],"author":[{"embeddable":true,"href":"https:\/\/gilpimentel.com.br\/site\/wp-json\/wp\/v2\/users\/2"}],"replies":[{"embeddable":true,"href":"https:\/\/gilpimentel.com.br\/site\/wp-json\/wp\/v2\/comments?post=8915"}],"version-history":[{"count":1,"href":"https:\/\/gilpimentel.com.br\/site\/wp-json\/wp\/v2\/posts\/8915\/revisions"}],"predecessor-version":[{"id":8917,"href":"https:\/\/gilpimentel.com.br\/site\/wp-json\/wp\/v2\/posts\/8915\/revisions\/8917"}],"wp:featuredmedia":[{"embeddable":true,"href":"https:\/\/gilpimentel.com.br\/site\/wp-json\/wp\/v2\/media\/8916"}],"wp:attachment":[{"href":"https:\/\/gilpimentel.com.br\/site\/wp-json\/wp\/v2\/media?parent=8915"}],"wp:term":[{"taxonomy":"category","embeddable":true,"href":"https:\/\/gilpimentel.com.br\/site\/wp-json\/wp\/v2\/categories?post=8915"},{"taxonomy":"post_tag","embeddable":true,"href":"https:\/\/gilpimentel.com.br\/site\/wp-json\/wp\/v2\/tags?post=8915"}],"curies":[{"name":"wp","href":"https:\/\/api.w.org\/{rel}","templated":true}]}}