{"id":8894,"date":"2024-09-24T18:04:02","date_gmt":"2024-09-24T21:04:02","guid":{"rendered":"https:\/\/gilpimentel.com.br\/site\/?p=8894"},"modified":"2024-09-24T18:04:02","modified_gmt":"2024-09-24T21:04:02","slug":"colar-exclusivo-sera-leiloado-no-jantar-ilhas-da-gastronomia","status":"publish","type":"post","link":"https:\/\/gilpimentel.com.br\/site\/colar-exclusivo-sera-leiloado-no-jantar-ilhas-da-gastronomia\/","title":{"rendered":"COLAR EXCLUSIVO SER\u00c1 LEILOADO NO JANTAR ILHAS DA GASTRONOMIA\u00a0"},"content":{"rendered":"<p>Uma pe\u00e7a exclusiva desenvolvida pelo Studio Leila Fraga, especialmente para o Ilhas da Gastronomia, ser\u00e1 leiloada durante o jantar. O evento, promovido pelo Instituto da Crian\u00e7a com Diabetes (ICD), acontece nesta quinta-feira, 26 de setembro, a partir das 20h, na Associa\u00e7\u00e3o Leopoldina Juvenil, com os mais variados pratos assinados por renomados chefs e restaurantes de Porto Alegre.<\/p>\n<p>&nbsp;<\/p>\n<p>O \u201cPingente P\u00f4r do Sol Ga\u00facho\u201d estar\u00e1 exposto no evento e traz o conceito da ressignifica\u00e7\u00e3o, renascimento e natureza. O design de um sol poente em ouro com um ponto de diamante ao centro do pingente contrasta com a moldura em prata, representando o calor e, neste caso, o calor \u00e9 a energia do sol, um elemental da natureza que tamb\u00e9m simboliza a renova\u00e7\u00e3o no despertar de cada novo dia. \u201cSetembro \u00e9 o m\u00eas que aflora o amor pela nossa cultura ga\u00facha, ent\u00e3o, eis que surge uma joia \u2018pilchada\u2019 de esperan\u00e7a, renova\u00e7\u00e3o e de harmonia com a nossa natureza, onde o renascimento e a ressignifica\u00e7\u00e3o do que vivemos pedem passagem\u201d, declara Leila Fraga.<\/p>\n<p>&nbsp;<\/p>\n<p>Confeccionado em dois metais preciosos, a escolha se deu pelo contraste presente em ambos. Enquanto a prata 925 \u00e9 um metal de cor fria e remete \u00e0 \u00e1gua \u2013 assim como a pedra azul, de Top\u00e1zio Sky, da cor do c\u00e9u azul &#8211; o ouro amarelo 18k \u00e9 um metal de cor quente representando o sol. \u201cLogo temos o p\u00f4r do sol que \u00e9 um dos cart\u00f5es postais mais belos da nossa capital ga\u00facha materializado de forma preciosa\u201d, finaliza Leila.<\/p>\n<p>&nbsp;<\/p>\n<p>SERVI\u00c7O<\/p>\n<p>&nbsp;<\/p>\n<p>Jantar Ilhas da Gastronomia<\/p>\n<p>&nbsp;<\/p>\n<p>Data: Quinta-feira, 26 de setembro, a partir das 20h<\/p>\n<p>&nbsp;<\/p>\n<p>Local: Associa\u00e7\u00e3o Leopoldina Juvenil (Rua Marqu\u00eas do Herval, 280, Moinhos de Vento)<\/p>\n<p>&nbsp;<\/p>\n<p>Valor do Ingresso: R$ 350,00<\/p>\n","protected":false},"excerpt":{"rendered":"<p>Uma pe\u00e7a exclusiva desenvolvida pelo Studio Leila Fraga, especialmente para o Ilhas da Gastronomia, ser\u00e1 leiloada durante o jantar. O evento, promovido pelo Instituto da &hellip; <\/p>\n","protected":false},"author":2,"featured_media":8895,"comment_status":"closed","ping_status":"closed","sticky":false,"template":"","format":"standard","meta":{"footnotes":""},"categories":[2],"tags":[],"class_list":["post-8894","post","type-post","status-publish","format-standard","has-post-thumbnail","hentry","category-noticias","latest_post"],"_links":{"self":[{"href":"https:\/\/gilpimentel.com.br\/site\/wp-json\/wp\/v2\/posts\/8894","targetHints":{"allow":["GET"]}}],"collection":[{"href":"https:\/\/gilpimentel.com.br\/site\/wp-json\/wp\/v2\/posts"}],"about":[{"href":"https:\/\/gilpimentel.com.br\/site\/wp-json\/wp\/v2\/types\/post"}],"author":[{"embeddable":true,"href":"https:\/\/gilpimentel.com.br\/site\/wp-json\/wp\/v2\/users\/2"}],"replies":[{"embeddable":true,"href":"https:\/\/gilpimentel.com.br\/site\/wp-json\/wp\/v2\/comments?post=8894"}],"version-history":[{"count":1,"href":"https:\/\/gilpimentel.com.br\/site\/wp-json\/wp\/v2\/posts\/8894\/revisions"}],"predecessor-version":[{"id":8896,"href":"https:\/\/gilpimentel.com.br\/site\/wp-json\/wp\/v2\/posts\/8894\/revisions\/8896"}],"wp:featuredmedia":[{"embeddable":true,"href":"https:\/\/gilpimentel.com.br\/site\/wp-json\/wp\/v2\/media\/8895"}],"wp:attachment":[{"href":"https:\/\/gilpimentel.com.br\/site\/wp-json\/wp\/v2\/media?parent=8894"}],"wp:term":[{"taxonomy":"category","embeddable":true,"href":"https:\/\/gilpimentel.com.br\/site\/wp-json\/wp\/v2\/categories?post=8894"},{"taxonomy":"post_tag","embeddable":true,"href":"https:\/\/gilpimentel.com.br\/site\/wp-json\/wp\/v2\/tags?post=8894"}],"curies":[{"name":"wp","href":"https:\/\/api.w.org\/{rel}","templated":true}]}}