{"id":8862,"date":"2024-09-18T18:50:01","date_gmt":"2024-09-18T21:50:01","guid":{"rendered":"https:\/\/gilpimentel.com.br\/site\/?p=8862"},"modified":"2024-09-23T18:50:58","modified_gmt":"2024-09-23T21:50:58","slug":"governo-lanca-maior-campanha-de-divulgacao-turistica-da-historia-do-rs-com-investimento-de-r-30-milhoes","status":"publish","type":"post","link":"https:\/\/gilpimentel.com.br\/site\/governo-lanca-maior-campanha-de-divulgacao-turistica-da-historia-do-rs-com-investimento-de-r-30-milhoes\/","title":{"rendered":"GOVERNO LAN\u00c7A MAIOR CAMPANHA DE DIVULGA\u00c7\u00c3O TUR\u00cdSTICA DA HIST\u00d3RIA DO RS COM INVESTIMENTO DE R$ 30 MILH\u00d5ES\u00a0"},"content":{"rendered":"<p>&nbsp;<\/p>\n<p>Na manh\u00e3 de quarta-feira (18\/9), o governo do Estado lan\u00e7ou a Campanha Nacional de Turismo, considerada como a maior campanha mercadol\u00f3gica da hist\u00f3ria do Rio Grande do Sul e que tem como objetivo posicionar o Estado como um dos principais destinos tur\u00edsticos do Brasil, especialmente ap\u00f3s as enchentes que impactaram fortemente o fluxo de visitantes. O evento de lan\u00e7amento foi realizado no Pal\u00e1cio Piratini, com a presen\u00e7a do governador Eduardo Leite e dos titulares das secretarias de Turismo (Setur), Ronaldo Santini, e de Comunica\u00e7\u00e3o (Secom), Caio Tomazeli.<\/p>\n<p>&nbsp;<\/p>\n<p>A campanha inclui uma s\u00e9rie de a\u00e7\u00f5es que abrangem desde an\u00fancios em aeroportos brasileiros a inser\u00e7\u00f5es de \u00e1udio e v\u00eddeo em m\u00eddias especializadas e em ve\u00edculos de cobertura nacional. Na cerim\u00f4nia de lan\u00e7amento, tamb\u00e9m foi apresentado o v\u00eddeo da campanha, cujo tema \u00e9 O Brasil Abra\u00e7ou o Rio Grande do Sul e Agora Queremos Abra\u00e7ar o Brasil, slogan inspirado em falas do governador ap\u00f3s as enchentes.<\/p>\n<p>&nbsp;<\/p>\n<p>Leite destacou a capacidade da popula\u00e7\u00e3o ga\u00facha de superar e reagir aos desafios enfrentados pelo Estado. \u201cPassamos por muitos desafios e demonstramos a capacidade de rea\u00e7\u00e3o do povo ga\u00facho e a nossa capacidade de supera\u00e7\u00e3o, que tamb\u00e9m estamos observando agora. Essa campanha do turismo se soma a tantas outras a\u00e7\u00f5es que estamos empreendendo ao longo dos \u00faltimos anos, como a recupera\u00e7\u00e3o da capacidade de investimento do Estado e as iniciativas para impulsionar o turismo do Rio Grande do Sul\u201d, afirmou.<\/p>\n<p>&nbsp;<\/p>\n<p>O aporte do governo na iniciativa \u00e9 de R$ 30 milh\u00f5es, tendo como foco promover a resili\u00eancia, a seguran\u00e7a e a atratividade do Estado, destacando as belezas naturais, a cultura e a gastronomia ga\u00fachas em diversas regi\u00f5es do Brasil e fomentando o setor tur\u00edstico, um dos importantes pilares da economia.<\/p>\n<p>&nbsp;<\/p>\n<p>\u201cEste momento que vivemos hoje \u00e9 muito importante, pois agora temos a oportunidade de demonstrar a todos aqueles que dedicaram um tempo significativo para nos ajudar a nos reerguermos que estamos prontos. Queremos convidar o Brasil e o mundo para nos visitarem, passearem pelas nossas paisagens, vivenciarem a nossa cultura na sua diversidade e conhecerem os sabores da nossa culin\u00e1ria\u201d, afirmou Santini. \u201cCom o retorno em outubro da nossa principal porta de entrada para turistas, o Aeroporto Internacional Salgado Filho, precisamos mostrar para o Brasil que estamos prontos\u201d, complementou.<\/p>\n<p>&nbsp;<\/p>\n<p>Durante a apresenta\u00e7\u00e3o, Tomazeli, ressaltou que a campanha lan\u00e7ada \u00e9 mais do que uma a\u00e7\u00e3o promocional. \u201cN\u00e3o se trata apenas de uma campanha promocional e tur\u00edstica, \u00e9 tamb\u00e9m uma campanha de empatia, de reconhecimento, de relacionamento com toda a grande fam\u00edlia de brasileiros que apoiaram o Estado no momento de dificuldade. Em troca de tudo o que recebemos, queremos retribuir com a nossa hospitalidade, abrindo as portas do Rio Grande do Sul. O trade tur\u00edstico est\u00e1 preparado para receber as pessoas\u201d, enfatizou.<\/p>\n<p>&nbsp;<\/p>\n<p>\u201cEm troca de tudo o que recebemos, queremos retribuir com a nossa hospitalidade\u201d, frisou o secret\u00e1rio de Comunica\u00e7\u00e3o \u2013<\/p>\n<p>&nbsp;<\/p>\n<p>A Campanha Nacional de Turismo \u00e9 uma das a\u00e7\u00f5es do Plano Rio Grande, que atua em tr\u00eas eixos de enfrentamento aos efeitos das enchentes: a\u00e7\u00f5es emergenciais, a\u00e7\u00f5es de reconstru\u00e7\u00e3o e Rio Grande do Sul do futuro. A popula\u00e7\u00e3o tamb\u00e9m est\u00e1 envolvida, j\u00e1 que o Conselho do Plano Rio Grande \u00e9 formado por representantes do Poder P\u00fablico e da sociedade civil, incluindo pessoas atingidas pelas enchentes. Al\u00e9m disso, um Comit\u00ea Cient\u00edfico de Adapta\u00e7\u00e3o e Resili\u00eancia Clim\u00e1tica, formado por pesquisadores, d\u00e1 suporte ao desenvolvimento das a\u00e7\u00f5es.<\/p>\n<p>&nbsp;<\/p>\n<p>Import\u00e2ncia econ\u00f4mica \u2013 Um dos pilares da economia do Rio Grande do Sul, o setor de turismo \u00e9 respons\u00e1vel por uma parcela significativa do Produto Interno Bruto (PIB) estadual. Somente em 2022, o setor representou cerca de 4% do PIB ga\u00facho, com impacto em setores como hotelaria, gastronomia e com\u00e9rcio. O potencial tur\u00edstico do Estado \u00e9 demonstrado pelo crescimento do setor, um forte impulsionador do desenvolvimento econ\u00f4mico e social das regi\u00f5es com ele envolvidas.<\/p>\n<p>&nbsp;<\/p>\n<p>Outro ponto de destaque \u00e9 a gera\u00e7\u00e3o de empregos diretos e indiretos em diversas \u00e1reas, como transporte, hospedagem e produ\u00e7\u00e3o de artesanato e itens da cultura local. Em 2023, o Estado contabilizou 17,3 mil empresas registradas que t\u00eam liga\u00e7\u00e3o com a atividade tur\u00edstica, colocando em evid\u00eancia a import\u00e2ncia do setor.<\/p>\n<p>&nbsp;<\/p>\n<p>Al\u00e9m disso, o turismo tamb\u00e9m \u00e9 importante para a valoriza\u00e7\u00e3o cultural e a preserva\u00e7\u00e3o do ambiente. Com a promo\u00e7\u00e3o do Rio Grande do Sul como destino, o desenvolvimento sustent\u00e1vel \u00e9 fomentado, na medida em que s\u00e3o incentivadas pr\u00e1ticas que preservam as paisagens naturais e o patrim\u00f4nio cultural, ao mesmo tempo que promovem o crescimento econ\u00f4mico das comunidades locais.<\/p>\n<p>&nbsp;<\/p>\n<p>Foto: Maur\u00edcio Tonetto\/Secom<\/p>\n","protected":false},"excerpt":{"rendered":"<p>&nbsp; Na manh\u00e3 de quarta-feira (18\/9), o governo do Estado lan\u00e7ou a Campanha Nacional de Turismo, considerada como a maior campanha mercadol\u00f3gica da hist\u00f3ria do &hellip; <\/p>\n","protected":false},"author":2,"featured_media":8863,"comment_status":"closed","ping_status":"closed","sticky":false,"template":"","format":"standard","meta":{"footnotes":""},"categories":[2],"tags":[],"class_list":["post-8862","post","type-post","status-publish","format-standard","has-post-thumbnail","hentry","category-noticias","latest_post"],"_links":{"self":[{"href":"https:\/\/gilpimentel.com.br\/site\/wp-json\/wp\/v2\/posts\/8862","targetHints":{"allow":["GET"]}}],"collection":[{"href":"https:\/\/gilpimentel.com.br\/site\/wp-json\/wp\/v2\/posts"}],"about":[{"href":"https:\/\/gilpimentel.com.br\/site\/wp-json\/wp\/v2\/types\/post"}],"author":[{"embeddable":true,"href":"https:\/\/gilpimentel.com.br\/site\/wp-json\/wp\/v2\/users\/2"}],"replies":[{"embeddable":true,"href":"https:\/\/gilpimentel.com.br\/site\/wp-json\/wp\/v2\/comments?post=8862"}],"version-history":[{"count":1,"href":"https:\/\/gilpimentel.com.br\/site\/wp-json\/wp\/v2\/posts\/8862\/revisions"}],"predecessor-version":[{"id":8864,"href":"https:\/\/gilpimentel.com.br\/site\/wp-json\/wp\/v2\/posts\/8862\/revisions\/8864"}],"wp:featuredmedia":[{"embeddable":true,"href":"https:\/\/gilpimentel.com.br\/site\/wp-json\/wp\/v2\/media\/8863"}],"wp:attachment":[{"href":"https:\/\/gilpimentel.com.br\/site\/wp-json\/wp\/v2\/media?parent=8862"}],"wp:term":[{"taxonomy":"category","embeddable":true,"href":"https:\/\/gilpimentel.com.br\/site\/wp-json\/wp\/v2\/categories?post=8862"},{"taxonomy":"post_tag","embeddable":true,"href":"https:\/\/gilpimentel.com.br\/site\/wp-json\/wp\/v2\/tags?post=8862"}],"curies":[{"name":"wp","href":"https:\/\/api.w.org\/{rel}","templated":true}]}}