{"id":8843,"date":"2024-09-24T09:19:53","date_gmt":"2024-09-24T12:19:53","guid":{"rendered":"https:\/\/gilpimentel.com.br\/site\/?p=8843"},"modified":"2024-09-21T22:20:58","modified_gmt":"2024-09-22T01:20:58","slug":"flavio-fusco-sera-mediador-de-palestra-no-festuris","status":"publish","type":"post","link":"https:\/\/gilpimentel.com.br\/site\/flavio-fusco-sera-mediador-de-palestra-no-festuris\/","title":{"rendered":"FL\u00c1VIO FUSCO SER\u00c1 MEDIADOR DE PALESTRA NO FESTURIS\u00a0 \u00a0\u00a0"},"content":{"rendered":"<p>&nbsp;<\/p>\n<p>Eleito um dos 10 principais influenciadores de viagens LGBTQIA+ do Brasil pela revista Panrotas. Dezenas de milhares de seguidores na rede social. Viajante profissional com roteiros em 41 pa\u00edses e mais de 300 destinos visitados. Este \u00e9 o produtor de conte\u00fado Fl\u00e1vio Fusco do projeto #FuiComFusco, que compartilha dicas de viagens e destinos com seus seguidores.<\/p>\n<p>&nbsp;<\/p>\n<p>Fusco foi convidado pelo curador do espa\u00e7o LGBT+ do FESTURIS Gramado , Jardel Hay, para mediar uma palestra sobre \u201cHotelaria LGBT+: Desafios e Oportunidades\u201d. Ele estar\u00e1 ao lado de personalidades como Andr\u00e9 Loyola e Jefferson Abreu.<\/p>\n<p>&nbsp;<\/p>\n<p>Nas redes sociais, Fl\u00e1vio mant\u00e9m canais no Instagram e Youtube para postar dicas de viagens desde 2017. Depois da pandemia, o influencer percebeu que dar aten\u00e7\u00e3o ao p\u00fablico LGBT+ impulsionaria suas p\u00e1ginas. E deu certo, ao ponto de chegar ao Top10 nacional. Al\u00e9m dos roteiros abordados, todos visitados pessoalmente, Fusco faz coberturas em feiras e eventos tur\u00edsticos, como \u00e9 o caso do Festuris.<\/p>\n<p>&nbsp;<\/p>\n<p>\u201cExiste um universo gigantesco de gente disposta a viajar e conhecer novos lugares querendo gastar. E isso explodiu depois da pandemia. Trabalhar com essas orienta\u00e7\u00f5es exige muita responsabilidade para nunca botar o viajante em uma furada ou em riscos\u201d, comenta.<\/p>\n<p>&nbsp;<\/p>\n<p>Sobre sua viagem a Gramado, Fusco revelou que est\u00e1 ansioso para chegar logo em novembro e embarcar para o sul. \u201cAs pessoas me perguntam dicas sobre Gramado, mas j\u00e1 faz alguns anos que n\u00e3o visito, ent\u00e3o estou desatualizado, pois sei que muita coisa aconteceu nos \u00faltimos anos, como a inaugura\u00e7\u00e3o de novos parques e diversos roteiros. Ser\u00e1 incr\u00edvel voltar e mais ainda em poder participar do Festuris pela primeira vez. N\u00e3o vejo a hora\u201d, descreveu.<\/p>\n<p>&nbsp;<\/p>\n<p>FESTURIS &#8211; O espa\u00e7o LGBT+ do Festuris \u00e9 o ambiente segmentado mais antigo e duradouro da Feira. S\u00e3o 15 anos ininterruptos de abordagens inclusivas e expans\u00e3o ano a ano. O Festuris &#8211; Feira Internacional de Turismo \u00e9 um evento que acontece em Gramado desde 1989. \u00c9 um palco de debates de temas relevantes da atualidade e uma feira de neg\u00f3cios, considerada a mais efetiva em resultados para os expositores. A edi\u00e7\u00e3o deste ano ocorre de 7 a 10 de novembro.<\/p>\n","protected":false},"excerpt":{"rendered":"<p>&nbsp; Eleito um dos 10 principais influenciadores de viagens LGBTQIA+ do Brasil pela revista Panrotas. Dezenas de milhares de seguidores na rede social. Viajante profissional &hellip; <\/p>\n","protected":false},"author":2,"featured_media":8844,"comment_status":"closed","ping_status":"closed","sticky":false,"template":"","format":"standard","meta":{"footnotes":""},"categories":[2],"tags":[],"class_list":["post-8843","post","type-post","status-publish","format-standard","has-post-thumbnail","hentry","category-noticias","latest_post"],"_links":{"self":[{"href":"https:\/\/gilpimentel.com.br\/site\/wp-json\/wp\/v2\/posts\/8843","targetHints":{"allow":["GET"]}}],"collection":[{"href":"https:\/\/gilpimentel.com.br\/site\/wp-json\/wp\/v2\/posts"}],"about":[{"href":"https:\/\/gilpimentel.com.br\/site\/wp-json\/wp\/v2\/types\/post"}],"author":[{"embeddable":true,"href":"https:\/\/gilpimentel.com.br\/site\/wp-json\/wp\/v2\/users\/2"}],"replies":[{"embeddable":true,"href":"https:\/\/gilpimentel.com.br\/site\/wp-json\/wp\/v2\/comments?post=8843"}],"version-history":[{"count":1,"href":"https:\/\/gilpimentel.com.br\/site\/wp-json\/wp\/v2\/posts\/8843\/revisions"}],"predecessor-version":[{"id":8845,"href":"https:\/\/gilpimentel.com.br\/site\/wp-json\/wp\/v2\/posts\/8843\/revisions\/8845"}],"wp:featuredmedia":[{"embeddable":true,"href":"https:\/\/gilpimentel.com.br\/site\/wp-json\/wp\/v2\/media\/8844"}],"wp:attachment":[{"href":"https:\/\/gilpimentel.com.br\/site\/wp-json\/wp\/v2\/media?parent=8843"}],"wp:term":[{"taxonomy":"category","embeddable":true,"href":"https:\/\/gilpimentel.com.br\/site\/wp-json\/wp\/v2\/categories?post=8843"},{"taxonomy":"post_tag","embeddable":true,"href":"https:\/\/gilpimentel.com.br\/site\/wp-json\/wp\/v2\/tags?post=8843"}],"curies":[{"name":"wp","href":"https:\/\/api.w.org\/{rel}","templated":true}]}}