{"id":8794,"date":"2024-09-19T10:35:16","date_gmt":"2024-09-19T13:35:16","guid":{"rendered":"https:\/\/gilpimentel.com.br\/site\/?p=8794"},"modified":"2024-09-19T10:35:16","modified_gmt":"2024-09-19T13:35:16","slug":"inaugurado-no-parque-historico-general-bento-em-cristal-exposicao-bento-goncalves-seu-tempo-e-lugar","status":"publish","type":"post","link":"https:\/\/gilpimentel.com.br\/site\/inaugurado-no-parque-historico-general-bento-em-cristal-exposicao-bento-goncalves-seu-tempo-e-lugar\/","title":{"rendered":"INAUGURADO NO PARQUE HIST\u00d3RICO GENERAL BENTO, EM CRISTAL, EXPOSI\u00c7\u00c3O &#8220;BENTO GON\u00c7ALVES &#8211; SEU TEMPO E LUGAR&#8221;"},"content":{"rendered":"<p>Espa\u00e7o apresenta a vida e o legado do l\u00edder farroupilha<\/p>\n<p>O Movimento Tradicionalista Ga\u00facho (MTG), representado pelo Diretor de Pesquisa e Difus\u00e3o Cultural, Jeandro Garcia, marcou presen\u00e7a na inaugura\u00e7\u00e3o da Exposi\u00e7\u00e3o &#8220;Bento Gon\u00e7alves \u2013 Seu Tempo e Lugar&#8221;, realizada no Parque Hist\u00f3rico General Bento Gon\u00e7alves na \u00faltima segunda-feira (16\/09). A nova mostra foi criada para preencher uma importante lacuna na narrativa hist\u00f3rica do parque, oferecendo ao p\u00fablico uma experi\u00eancia rica em conte\u00fado e visualidade.<\/p>\n<p>&nbsp;<\/p>\n<p>\u201cO parque h\u00e1 muito tempo merecia uma nova exposi\u00e7\u00e3o. No ano passado, o MTG contribuiu com a doa\u00e7\u00e3o da cole\u00e7\u00e3o de quadros realistas dos Vultos Farroupilhas, parte do projeto Vultos Riograndenses. No entanto, o local ainda carecia de uma grande exposi\u00e7\u00e3o, algo que refletisse a grandiosidade da figura de Bento Gon\u00e7alves. Essa nova mostra preenche essa lacuna ao trazer uma narrativa completa sobre a vida e o legado de Bento, oferecendo ao p\u00fablico uma experi\u00eancia rica tanto visualmente quanto em conte\u00fado hist\u00f3rico\u201d, afirmou Jeandro Garcia.<\/p>\n<p>&nbsp;<\/p>\n<p>O Parque Hist\u00f3rico est\u00e1 aberto ao p\u00fablico de ter\u00e7a a domingo, das 10h \u00e0s 17h, inclusive nos feriados. Recentemente, todo o pr\u00e9dio foi restaurado pelo Governo do Estado, por meio da Secretaria de Estado da Cultura (SEDAC), que tamb\u00e9m foi respons\u00e1vel pela realiza\u00e7\u00e3o da nova exposi\u00e7\u00e3o.<\/p>\n<p>&nbsp;<\/p>\n<p>Sobre o MTG<\/p>\n<p>&nbsp;<\/p>\n<p>O Movimento Tradicionalista Ga\u00facho, conhecido como MTG, \u00e9 uma organiza\u00e7\u00e3o que preserva e promove a cultura e as tradi\u00e7\u00f5es do Rio Grande do Sul. Fundado em 1967, tem como objetivo principal preservar e difundir os costumes ga\u00fachos, como a m\u00fasica, a dan\u00e7a, a culin\u00e1ria e as vestimentas t\u00edpicas. \u00c9 respons\u00e1vel por coordenar os Centros de Tradi\u00e7\u00f5es Ga\u00fachas (CTGs), onde s\u00e3o realizados eventos culturais, festivais de m\u00fasica e dan\u00e7a, al\u00e9m de competi\u00e7\u00f5es de la\u00e7o e rodeios crioulos. Desempenha um papel fundamental na manuten\u00e7\u00e3o da identidade e no fortalecimento do orgulho ga\u00facho entre as gera\u00e7\u00f5es.<\/p>\n","protected":false},"excerpt":{"rendered":"<p>Espa\u00e7o apresenta a vida e o legado do l\u00edder farroupilha O Movimento Tradicionalista Ga\u00facho (MTG), representado pelo Diretor de Pesquisa e Difus\u00e3o Cultural, Jeandro Garcia, &hellip; <\/p>\n","protected":false},"author":2,"featured_media":8795,"comment_status":"closed","ping_status":"closed","sticky":false,"template":"","format":"standard","meta":{"footnotes":""},"categories":[2],"tags":[],"class_list":["post-8794","post","type-post","status-publish","format-standard","has-post-thumbnail","hentry","category-noticias","latest_post"],"_links":{"self":[{"href":"https:\/\/gilpimentel.com.br\/site\/wp-json\/wp\/v2\/posts\/8794","targetHints":{"allow":["GET"]}}],"collection":[{"href":"https:\/\/gilpimentel.com.br\/site\/wp-json\/wp\/v2\/posts"}],"about":[{"href":"https:\/\/gilpimentel.com.br\/site\/wp-json\/wp\/v2\/types\/post"}],"author":[{"embeddable":true,"href":"https:\/\/gilpimentel.com.br\/site\/wp-json\/wp\/v2\/users\/2"}],"replies":[{"embeddable":true,"href":"https:\/\/gilpimentel.com.br\/site\/wp-json\/wp\/v2\/comments?post=8794"}],"version-history":[{"count":1,"href":"https:\/\/gilpimentel.com.br\/site\/wp-json\/wp\/v2\/posts\/8794\/revisions"}],"predecessor-version":[{"id":8796,"href":"https:\/\/gilpimentel.com.br\/site\/wp-json\/wp\/v2\/posts\/8794\/revisions\/8796"}],"wp:featuredmedia":[{"embeddable":true,"href":"https:\/\/gilpimentel.com.br\/site\/wp-json\/wp\/v2\/media\/8795"}],"wp:attachment":[{"href":"https:\/\/gilpimentel.com.br\/site\/wp-json\/wp\/v2\/media?parent=8794"}],"wp:term":[{"taxonomy":"category","embeddable":true,"href":"https:\/\/gilpimentel.com.br\/site\/wp-json\/wp\/v2\/categories?post=8794"},{"taxonomy":"post_tag","embeddable":true,"href":"https:\/\/gilpimentel.com.br\/site\/wp-json\/wp\/v2\/tags?post=8794"}],"curies":[{"name":"wp","href":"https:\/\/api.w.org\/{rel}","templated":true}]}}