{"id":7365,"date":"2024-06-19T22:15:26","date_gmt":"2024-06-20T01:15:26","guid":{"rendered":"https:\/\/gilpimentel.com.br\/site\/?p=7365"},"modified":"2024-06-19T22:15:26","modified_gmt":"2024-06-20T01:15:26","slug":"7o-expo-forum-visite-sao-paulo","status":"publish","type":"post","link":"https:\/\/gilpimentel.com.br\/site\/7o-expo-forum-visite-sao-paulo\/","title":{"rendered":"7\u00ba EXPO F\u00d3RUM VISITE S\u00c3O PAULO\u00a0"},"content":{"rendered":"<p>&nbsp;<\/p>\n<p>7\u00ba Expo F\u00f3rum Visite S\u00e3o Paulo Presidente executivo do S\u00e3o Paulo Convention &amp; Visitors Bureau diz que &#8220;n\u00e3o existe partido pol\u00edtico no turismo&#8221; e destaca o desafio de tornar o viajante em visitante<\/p>\n<p>&nbsp;<\/p>\n<p>\u201cNas 47 regi\u00f5es tur\u00edsticas do Estado h\u00e1 um canteiro de obras e grandes projetos para desenvolver atrativos e produtos tur\u00edsticos\u201d, diz o<\/p>\n<p>secret\u00e1rio de Turismo e Viagens do Estado de S\u00e3o Paulo<\/p>\n<p>&nbsp;<\/p>\n<p>O presidente executivo do S\u00e3o Paulo Convention &amp; Visitors Bureau, Toni Sando, anunciou hoje (19\/6), na abertura do 7\u00ba Expo F\u00f3rum Visite S\u00e3o Paulo, a campanha Stop Over SP \/ Topo Ver SP, em parceria com a Secretaria de Turismo e Viagens do Estado de S\u00e3o Paulo e Associa\u00e7\u00e3o Brasileira de Empresas A\u00e9reas. Criada pela Rino, tem como principal objetivo convencer o viajante a prolongar sua estada em S\u00e3o Paulo.<\/p>\n<p>&nbsp;<\/p>\n<p>Em sua apresenta\u00e7\u00e3o, Sando deu grande destaque \u00e0 integra\u00e7\u00e3o de entidades e \u00f3rg\u00e3os governamentais para o desenvolvimento do turismo, lembrando que \u201cn\u00e3o existe partido pol\u00edtico nesse setor\u201d.<\/p>\n<p>&nbsp;<\/p>\n<p>No caso de S\u00e3o Paulo, Sando afirmou ainda que \u201co grande desafio \u00e9 aumentar o fluxo de turistas e transformar o viajante em visitante\u201d. E ressaltou a import\u00e2ncia da economia do visitante \u2013 \u201ccada um deles gera consumo e impostos para a cidade e cria empregos em toda a cadeia, que inclui hospedagem, alimenta\u00e7\u00e3o, espa\u00e7o para eventos, lazer e servi\u00e7os de todos os tipos\u201d.<\/p>\n<p>&nbsp;<\/p>\n<p>Turismo no Estado de S\u00e3o Paulo<\/p>\n<p>&nbsp;<\/p>\n<p>Em seguida, o secret\u00e1rio de Turismo e Viagens do Estado de S\u00e3o Paulo, Roberto de Lucena, a coordenadora de Turismo da Setur SP, Ana Clemente, e os consultores da InvestSP, Eduardo Madeira e Gustavo Grisa, conduziram o painel Turismo no Estado de S\u00e3o Paulo, que apresentou um panorama das conquistas, estrat\u00e9gicas e perspectivas do turismo no estado.<\/p>\n<p>&nbsp;<\/p>\n<p>Lucena se disse muito otimista com o avan\u00e7o dos projetos tur\u00edsticos no estado paulista. \u201cEm todas as \u00e1reas, nas 47 regi\u00f5es tur\u00edsticas do estado, h\u00e1 um canteiro de obras e grandes projetos para desenvolver atrativos e produtos. Nossa miss\u00e3o \u00e9 consolidar S\u00e3o Paulo como destino tur\u00edstico vibrante, din\u00e2mico e acolhedor\u201d.<\/p>\n<p>&nbsp;<\/p>\n<p>O secret\u00e1rio explicou que o estado, que tem sete Distritos Tur\u00edsticos, lan\u00e7ar\u00e1 o Distrito Tur\u00edstico do Vinho. \u201cS\u00e3o Paulo tem 670 vin\u00edcolas e vinhos premiados internacionalmente. Temos uma imensa variedade de experi\u00eancias e produtos que valorizam a nossa hist\u00f3ria\u201d. Atualmente, o estado conta com tr\u00eas segmentos tur\u00edsticos estrat\u00e9gicos: ferrovi\u00e1rio, n\u00e1utico e rural. \u201cNos pr\u00f3ximos anos implantaremos mais 10 projetos\u201d, informou.<\/p>\n<p>&nbsp;<\/p>\n<p>Gustavo Grisa destacou que o investimento \u00e9 essencial. \u201cS\u00e3o Paulo tem uma demanda constante e grande potencial a ser realizado. Para crescermos, precisamos qualificar e renovar a oferta. Nossa proje\u00e7\u00e3o \u00e9 investir R$ 12 bilh\u00f5es em investimentos at\u00e9 2027\u201d.<\/p>\n<p>&nbsp;<\/p>\n<p>Eduardo Madeira apontou que o Programa Creditur-SP aplicou R$ 1 bilh\u00f5es por meio de 17 parcerias. \u201cEsse investimento foi implementado em 19 mun\u00edcipios do estado. Temos hoje 3 bilh\u00f5es em cr\u00e9dito dispon\u00edvel para o turismo no estado. Por meio do trabalho integrado entre os setores p\u00fablicos e privados, iremos ampliar ainda mais\u201d, pontuou.<\/p>\n<p>&nbsp;<\/p>\n<p>Ana Clemente ressaltou o trabalho realizado pela Academia de Turismo. \u201c\u00c9 um HUB que integra oferta de cursos, solu\u00e7\u00f5es, demandas\u201d. Disse, lembrando que \u201ca capacita\u00e7\u00e3o \u00e9 uma chave para o desenvolvimento do turismo no estado. Nossa estimativa \u00e9 oferecer 100 mil vagas at\u00e9 2023 em todos os n\u00edveis de forma\u00e7\u00e3o\u201d.<\/p>\n<p>&nbsp;<\/p>\n<p>Acessibilidade e Inclus\u00e3o<\/p>\n<p>&nbsp;<\/p>\n<p>Em sua apresenta\u00e7\u00e3o sobre Acessibilidade e Inclus\u00e3o, Fernanda Mascarin, gerente de Receita Interna do Parque da M\u00f4nica, informou que, atualmente, h\u00e1 um bilh\u00e3o de pessoas com defici\u00eancia em todo o mundo, 85 milh\u00f5es das quais na Am\u00e9rica Latina e Caribe. E destacou que, pa\u00edses que nada fazem pelos PCDs costumam \u201cperder entre 3% e 7% de seus PIBs\u201d,<\/p>\n<p>&nbsp;<\/p>\n<p>No Brasil, segundo ela, 8,9% da popula\u00e7\u00e3o tem algum tipo de defici\u00eancia \u2013 s\u00e3o 18,6 milh\u00f5es de pessoas, 3,3 milh\u00f5es apenas em S\u00e3o Paulo. Sobre o Parque da M\u00f4nica, Fernanda destacou que j\u00e1 desenvolveu seu projeto de acessibilidade e inclus\u00e3o para atender seus visitantes: 70% s\u00e3o adultos entre 21 e 40 anos acompanhados de crian\u00e7as com idade entre 2 a 7 anos; 60% dos visitantes v\u00e3o ao parque uma vez ao ano; e 40% foram \u00e0 atra\u00e7\u00e3o por indica\u00e7\u00e3o.<\/p>\n<p>&nbsp;<\/p>\n<p>Fernanda lembrou que os quadrinhos da Turma da Monica j\u00e1 contam com novos personagens e todos eles j\u00e1 podem ser conhecidos no Parque. H\u00e1 crian\u00e7as com defici\u00eancia motora, visual, auditiva e com transtorno do espectro autista. \u201cNosso projeto de inclus\u00e3o\u201d, disse, \u201clevou em conta repensar o \u201cparque para receber todos os tipos de pessoas\u201d. E finalizou: \u201cAcessibilidade e inclus\u00e3o precisam permear toda a empresa\u201d.<\/p>\n<p>&nbsp;<\/p>\n<p>Tend\u00eancias do Consumidor<\/p>\n<p>&nbsp;<\/p>\n<p>Na palestra Tend\u00eancias e Novos Comportamentos do Consumidor, a futurista Sabina Deweik apontou que a Intelig\u00eancia Artificial, Turismo Consciente, Bem-estar e M\u00eddias Sociais abriram um novo horizonte para o mercado de viagens.<\/p>\n<p>&nbsp;<\/p>\n<p>As novas gera\u00e7\u00f5es consomem viagens e produtos de um modo bem diferente. \u201cO mundo est\u00e1 na palma da m\u00e3o e querem experi\u00eancias, personaliza\u00e7\u00e3o, customiza\u00e7\u00e3o\u201d, disse, destacando que \u201c64% dos viajantes globais consideram as viagens sustent\u00e1veis importantes e 71% dos brasileiros est\u00e3o preocupados com a consci\u00eancia ecol\u00f3gica\u201d.<\/p>\n<p>&nbsp;<\/p>\n<p>\u201cTodo mundo deve ser sustent\u00e1vel. Isso j\u00e1 est\u00e1 algo consumado. A prioridade \u00e9 ser regenerativo. A quest\u00e3o ambiental se tornar\u00e1 cada vez mais importante. 2023 foi o ano mais quente da hist\u00f3ria. E esse contexto est\u00e1 alterando as viagens\u201d, destacou Sabina.<\/p>\n<p>&nbsp;<\/p>\n<p>\u201cAs m\u00eddias sociais s\u00e3o uma plataforma extremamente importante de venda e inspira\u00e7\u00e3o. Dois em cinco viajantes usam as redes sociais como inspira\u00e7\u00e3o para suas viagens. Temos que estar em todos os canais de comunica\u00e7\u00e3o, aprender e n\u00e3o resistir \u00e0s mudan\u00e7as\u201d, enfatizou a especialista, lembrando que a AI \u00e9 a funda\u00e7\u00e3o de um novo ciclo supertecnol\u00f3gico.<\/p>\n<p>&nbsp;<\/p>\n<p>Supera Turismo<\/p>\n<p>&nbsp;<\/p>\n<p>A 7\u00aa edi\u00e7\u00e3o do Expo F\u00f3rum Visite S\u00e3o Paulo foi conclu\u00edda com a palestra de Carlos Prado, cofundador do Movimento Supera Turismo. Na palestra, o executivo destacou o papel importante do turismo na recupera\u00e7\u00e3o do Rio Grande do Sul p\u00f3s a cat\u00e1strofe clim\u00e1tica.<\/p>\n<p>&nbsp;<\/p>\n<p>\u201cNosso foco de trabalho \u00e9 ajudar o Estado e se aumentarmos o fluxo tur\u00edstico no destino, ajudaremos muito. Temos comit\u00eas e estamos em contato frequente para sermos assertivos em nossa colabora\u00e7\u00e3o. O desafio \u00e9 a recupera\u00e7\u00e3o o turismo e Gramado e Canela est\u00e3o preparados para receber os visitantes\u201d, disse Prado.<\/p>\n<p>&nbsp;<\/p>\n<p>Sobre o Spcvb Convention e Visite S\u00e3o Paulo<\/p>\n<p>&nbsp;<\/p>\n<p>Constitu\u00eddo h\u00e1 40 anos, o S\u00e3o Paulo Convention &amp; Visitors Bureau \u00e9 o primeiro CVB da Am\u00e9rica do Sul. \u00c9 uma entidade privada, com mais de 500 associados, que atua na capta\u00e7\u00e3o de eventos e apoio a seus organizadores, capacita\u00e7\u00e3o de profissionais para o setor e amplia\u00e7\u00e3o dos neg\u00f3cios no Estado.<\/p>\n<p>&nbsp;<\/p>\n<p>Com a marca Visite S\u00e3o Paulo, foca seu trabalho nos visitantes, criando o interesse de conhecer o que o Estado e a capital t\u00eam de melhor para ver e fazer, apoiando a melhoria dos servi\u00e7os e do atendimento aos visitantes e tamb\u00e9m por meio de campanhas promocionais<\/p>\n<p>&nbsp;<\/p>\n<p>Acesse o site<\/p>\n<p>&nbsp;<\/p>\n<p>@visite_sp<\/p>\n","protected":false},"excerpt":{"rendered":"<p>&nbsp; 7\u00ba Expo F\u00f3rum Visite S\u00e3o Paulo Presidente executivo do S\u00e3o Paulo Convention &amp; Visitors Bureau diz que &#8220;n\u00e3o existe partido pol\u00edtico no turismo&#8221; e &hellip; <\/p>\n","protected":false},"author":2,"featured_media":7366,"comment_status":"closed","ping_status":"closed","sticky":false,"template":"","format":"standard","meta":{"footnotes":""},"categories":[2],"tags":[],"class_list":["post-7365","post","type-post","status-publish","format-standard","has-post-thumbnail","hentry","category-noticias","latest_post"],"_links":{"self":[{"href":"https:\/\/gilpimentel.com.br\/site\/wp-json\/wp\/v2\/posts\/7365","targetHints":{"allow":["GET"]}}],"collection":[{"href":"https:\/\/gilpimentel.com.br\/site\/wp-json\/wp\/v2\/posts"}],"about":[{"href":"https:\/\/gilpimentel.com.br\/site\/wp-json\/wp\/v2\/types\/post"}],"author":[{"embeddable":true,"href":"https:\/\/gilpimentel.com.br\/site\/wp-json\/wp\/v2\/users\/2"}],"replies":[{"embeddable":true,"href":"https:\/\/gilpimentel.com.br\/site\/wp-json\/wp\/v2\/comments?post=7365"}],"version-history":[{"count":1,"href":"https:\/\/gilpimentel.com.br\/site\/wp-json\/wp\/v2\/posts\/7365\/revisions"}],"predecessor-version":[{"id":7367,"href":"https:\/\/gilpimentel.com.br\/site\/wp-json\/wp\/v2\/posts\/7365\/revisions\/7367"}],"wp:featuredmedia":[{"embeddable":true,"href":"https:\/\/gilpimentel.com.br\/site\/wp-json\/wp\/v2\/media\/7366"}],"wp:attachment":[{"href":"https:\/\/gilpimentel.com.br\/site\/wp-json\/wp\/v2\/media?parent=7365"}],"wp:term":[{"taxonomy":"category","embeddable":true,"href":"https:\/\/gilpimentel.com.br\/site\/wp-json\/wp\/v2\/categories?post=7365"},{"taxonomy":"post_tag","embeddable":true,"href":"https:\/\/gilpimentel.com.br\/site\/wp-json\/wp\/v2\/tags?post=7365"}],"curies":[{"name":"wp","href":"https:\/\/api.w.org\/{rel}","templated":true}]}}