{"id":7271,"date":"2024-06-05T20:10:49","date_gmt":"2024-06-05T23:10:49","guid":{"rendered":"https:\/\/gilpimentel.com.br\/site\/?p=7271"},"modified":"2024-06-05T20:10:49","modified_gmt":"2024-06-05T23:10:49","slug":"lorenzetti-e-patrocinadora-do-musical-priscilla-a-rainha-do-deserto","status":"publish","type":"post","link":"https:\/\/gilpimentel.com.br\/site\/lorenzetti-e-patrocinadora-do-musical-priscilla-a-rainha-do-deserto\/","title":{"rendered":"LORENZETTI \u00c9 PATROCINADORA DO MUSICAL PRISCILLA, A RAINHA DO DESERTO\u00a0"},"content":{"rendered":"<p>A megaprodu\u00e7\u00e3o protagonizada por Reynaldo Gianecchini chega ao Brasil, ap\u00f3s sucesso em diversos pa\u00edses<\/p>\n<p>&nbsp;<\/p>\n<p>Sucesso mundial nos palcos e no cinema, \u201cPriscilla, a Rainha do Deserto \u2013 O Musical\u201d chega ao Brasil e far\u00e1 temporada em S\u00e3o Paulo (SP), a partir desta sexta-feira, 7 de junho. Patrocinado pela Lorenzetti, o espet\u00e1culo que conta com Reynaldo Gianecchini e Diego Martins no elenco ficar\u00e1 em cartaz no Teatro Bradesco, localizado no Bourbon Shopping.<\/p>\n<p>&nbsp;<\/p>\n<p>O musical \u00e9 baseado no filme hom\u00f4nimo de 1994 e conta a hist\u00f3ria de duas drag queens e uma mulher transexual que s\u00e3o contratadas para fazer um show em pleno deserto australiano. Para chegar at\u00e9 l\u00e1, elas v\u00e3o a bordo do \u00f4nibus intitulado Priscilla, e encaram diversos desafios e aventuras durante a viagem at\u00e9 o destino final.<\/p>\n<p>&nbsp;<\/p>\n<p>Priscilla, a Rainha do Deserto &#8211; O Musical teve sua primeira adapta\u00e7\u00e3o para os palcos em 2006, e tem sido sucesso em diversos pa\u00edses, dentre eles Inglaterra (West End), Austr\u00e1lia, Canad\u00e1, It\u00e1lia e Argentina. O musical tamb\u00e9m ficou por mais de um ano em cartaz na Broadway, onde contou com mais de 500 apresenta\u00e7\u00f5es.<\/p>\n<p>&nbsp;<\/p>\n<p>Na pe\u00e7a, Gianecchini dar\u00e1 vida a Anthony \u201cTick\u201d Belrose, performer e drag queen, que possui o nome art\u00edstico Mitzi Mitosis. Ex-marido de Marion e pai ausente de Benjamin, sua jornada de desilus\u00e3o \u00e0 realiza\u00e7\u00e3o de se reencontrar com seu filho \u00e9 o n\u00facleo central da hist\u00f3ria. Diego Martins ser\u00e1 Adam Whiteley, tamb\u00e9m conhecido como Felicia. J\u00e1 as atrizes Ver\u00f3nica Valenttino e Wallie Ruy ir\u00e3o se revezar para interpretar o poderoso papel de Bernadette Bassenger.<\/p>\n<p>&nbsp;<\/p>\n<p>\u201cA Lorenzetti se orgulha em patrocinar o espet\u00e1culo \u2018Priscilla, a Rainha do Deserto &#8211; O Musical\u2019, um dos cl\u00e1ssicos mais admirados e conhecidos da Broadway. Al\u00e9m de contar com grandes atores e int\u00e9rpretes, foi um sucesso mundial nos palcos e no cinema, sendo reconhecido em diversos pa\u00edses, garantindo um espet\u00e1culo de qualidade para todos\u201d, ressalta Paulo Galina, gerente de marketing da Lorenzetti.<\/p>\n<p>&nbsp;<\/p>\n<p>Os ingressos j\u00e1 est\u00e3o \u00e0 venda na internet (www.uhuu.com) e na bilheteria oficial do Teatro Bradesco (sem taxa de conveni\u00eancia). O espet\u00e1culo ter\u00e1 sess\u00f5es todas as quintas e sextas, \u00e0s 20h; s\u00e1bados e domingos \u00e0s 16h e 20h.<\/p>\n<p>&nbsp;<\/p>\n<p>Priscilla, a Rainha do Deserto &#8211; O Musical<\/p>\n<p>&nbsp;<\/p>\n<p>Dia: De 07 de junho a 1 de setembro de 2024<\/p>\n<p>&nbsp;<\/p>\n<p>Hor\u00e1rios: Quintas-feiras e Sextas-feiras, \u00e0s 20h; s\u00e1bados e domingos, \u00e0s 16h e 20h<\/p>\n<p>&nbsp;<\/p>\n<p>Local: Teatro Bradesco<\/p>\n<p>&nbsp;<\/p>\n<p>Endere\u00e7o: Rua Palestra It\u00e1lia, n\u00ba 500 &#8211; Loja 263 &#8211; 3\u00ba Piso &#8211; Perdizes &#8211; S\u00e3o Paulo &#8211; SP<\/p>\n<p>&nbsp;<\/p>\n<p>Classifica\u00e7\u00e3o et\u00e1ria: 16 anos. Menores de 16 anos, somente poder\u00e3o entrar acompanhados dos pais<\/p>\n<p>ou respons\u00e1veis.*<\/p>\n<p>*Sujeito a altera\u00e7\u00e3o por Decis\u00e3o Judicial.<\/p>\n<p>&nbsp;<\/p>\n<p>Sobre a Lorenzetti<\/p>\n<p>&nbsp;<\/p>\n<p>Com uma trajet\u00f3ria marcada por inova\u00e7\u00e3o, pioneirismo e transforma\u00e7\u00e3o, a Lorenzetti completou 100 anos de hist\u00f3ria. A empresa \u00e9 l\u00edder no segmento de duchas, chuveiros, torneiras el\u00e9tricas e aquecedores de \u00e1gua a g\u00e1s e se destaca nos mercados de lou\u00e7as, assentos, metais e pl\u00e1sticos sanit\u00e1rios, purificadores de \u00e1gua, pressurizadores e l\u00e2mpadas, refletores, pain\u00e9is e spots. Com cinco f\u00e1bricas no Brasil, sendo quatro unidades no Estado de S\u00e3o Paulo e uma em Minas Gerais, a Lorenzetti possui distribui\u00e7\u00e3o nacional e internacional. Atualmente com cerca de 4 mil funcion\u00e1rios, a companhia se caracteriza por oferecer produtos de qualidade e com design inovador, tecnologia e consci\u00eancia ambiental, pela solidez financeira e pelo reconhecimento junto a consumidores, clientes e fornecedores.<\/p>\n<p>&nbsp;<\/p>\n<blockquote class=\"wp-embedded-content\" data-secret=\"8OuKntc2vj\"><p><a href=\"https:\/\/lorenzetti100anos.com.br\/\">Lorenzetti 100 anos &#8211; Home<\/a><\/p><\/blockquote>\n<p><iframe class=\"wp-embedded-content lazyload\" sandbox=\"allow-scripts\" security=\"restricted\" style=\"position: absolute; clip: rect(1px, 1px, 1px, 1px);\" title=\"&#8220;Lorenzetti 100 anos &#8211; Home&#8221; &#8212; Lorenzetti 100 Anos\" data-src=\"https:\/\/lorenzetti100anos.com.br\/?embed=true#?secret=wUQ7YKTosC#?secret=8OuKntc2vj\" data-secret=\"8OuKntc2vj\" width=\"600\" height=\"338\" frameborder=\"0\" marginwidth=\"0\" marginheight=\"0\" scrolling=\"no\" src=\"data:image\/svg+xml;base64,PHN2ZyB3aWR0aD0iMSIgaGVpZ2h0PSIxIiB4bWxucz0iaHR0cDovL3d3dy53My5vcmcvMjAwMC9zdmciPjwvc3ZnPg==\" data-load-mode=\"1\"><\/iframe><\/p>\n<p>&nbsp;<\/p>\n<p>www.lorenzetti.com.br\/pt\/<\/p>\n<p>&nbsp;<\/p>\n<p>www.facebook.com\/lorenzettioficial\/<\/p>\n<p>&nbsp;<\/p>\n<p>ww.instagram.com\/lorenzettioficial\/<\/p>\n<p>&nbsp;<\/p>\n<p>www.youtube.com\/user\/lorenzettisa<\/p>\n<p>&nbsp;<\/p>\n<p>www.tiktok.com Lorenzetti<\/p>\n<p>&nbsp;<\/p>\n<p>www.pinterest.com.br\/lorenzettioficial<\/p>\n<p>&nbsp;<\/p>\n<p>www.linkedin.com\/company\/lorenzettioficial<\/p>\n","protected":false},"excerpt":{"rendered":"<p>A megaprodu\u00e7\u00e3o protagonizada por Reynaldo Gianecchini chega ao Brasil, ap\u00f3s sucesso em diversos pa\u00edses &nbsp; Sucesso mundial nos palcos e no cinema, \u201cPriscilla, a Rainha &hellip; <\/p>\n","protected":false},"author":2,"featured_media":7272,"comment_status":"closed","ping_status":"closed","sticky":false,"template":"","format":"standard","meta":{"footnotes":""},"categories":[2],"tags":[],"class_list":["post-7271","post","type-post","status-publish","format-standard","has-post-thumbnail","hentry","category-noticias","latest_post"],"_links":{"self":[{"href":"https:\/\/gilpimentel.com.br\/site\/wp-json\/wp\/v2\/posts\/7271","targetHints":{"allow":["GET"]}}],"collection":[{"href":"https:\/\/gilpimentel.com.br\/site\/wp-json\/wp\/v2\/posts"}],"about":[{"href":"https:\/\/gilpimentel.com.br\/site\/wp-json\/wp\/v2\/types\/post"}],"author":[{"embeddable":true,"href":"https:\/\/gilpimentel.com.br\/site\/wp-json\/wp\/v2\/users\/2"}],"replies":[{"embeddable":true,"href":"https:\/\/gilpimentel.com.br\/site\/wp-json\/wp\/v2\/comments?post=7271"}],"version-history":[{"count":1,"href":"https:\/\/gilpimentel.com.br\/site\/wp-json\/wp\/v2\/posts\/7271\/revisions"}],"predecessor-version":[{"id":7273,"href":"https:\/\/gilpimentel.com.br\/site\/wp-json\/wp\/v2\/posts\/7271\/revisions\/7273"}],"wp:featuredmedia":[{"embeddable":true,"href":"https:\/\/gilpimentel.com.br\/site\/wp-json\/wp\/v2\/media\/7272"}],"wp:attachment":[{"href":"https:\/\/gilpimentel.com.br\/site\/wp-json\/wp\/v2\/media?parent=7271"}],"wp:term":[{"taxonomy":"category","embeddable":true,"href":"https:\/\/gilpimentel.com.br\/site\/wp-json\/wp\/v2\/categories?post=7271"},{"taxonomy":"post_tag","embeddable":true,"href":"https:\/\/gilpimentel.com.br\/site\/wp-json\/wp\/v2\/tags?post=7271"}],"curies":[{"name":"wp","href":"https:\/\/api.w.org\/{rel}","templated":true}]}}