{"id":51778,"date":"2026-09-04T07:00:17","date_gmt":"2026-09-04T10:00:17","guid":{"rendered":"https:\/\/gilpimentel.com.br\/site\/?p=51778"},"modified":"2026-09-04T19:40:16","modified_gmt":"2026-09-04T22:40:16","slug":"imama-divulga-as-datas-dos-eventos-da-campanha-outubro-rosa-2026-vem-ai-mais-um-bike-day-e-a-23a-caminhada-das-vitoriosas","status":"publish","type":"post","link":"https:\/\/gilpimentel.com.br\/site\/imama-divulga-as-datas-dos-eventos-da-campanha-outubro-rosa-2026-vem-ai-mais-um-bike-day-e-a-23a-caminhada-das-vitoriosas\/","title":{"rendered":"IMAMA DIVULGA AS DATAS DOS EVENTOS DA CAMPANHA OUTUBRO ROSA 2026"},"content":{"rendered":"<p>A campanha do Outubro Rosa se aproxima e, com ela, os tradicionais eventos do Instituto da Mama do Rio Grande do Sul (IMAMA). O objetivo das a\u00e7\u00f5es \u00e9 promover o autocuidado, a preven\u00e7\u00e3o e a dissemina\u00e7\u00e3o de informa\u00e7\u00f5es sobre o c\u00e2ncer de mama, doen\u00e7a que atinge 1 a cada 8 mulheres no Brasil, segundo dados do INCA.<\/p>\n<p>Confira a programa\u00e7\u00e3o divulgada pelo IMAMA e programe-se para participar:<\/p>\n<p>\ud83d\udeb4 IMAMA Bike Day<\/p>\n<p>O evento re\u00fane ciclistas de todo o estado em um circuito de bicicleta pelos principais pontos da Capital, unindo esporte, lazer e conscientiza\u00e7\u00e3o. Durante a atividade, haver\u00e1 o sorteio de uma bicicleta rosa doada pelas lojas King Bikes e Panther Bikes para os presentes.<\/p>\n<p>Quando: 03 de outubro (s\u00e1bado), a partir das 9 horas.<\/p>\n<p>Onde: Concentra\u00e7\u00e3o na Pra\u00e7a It\u00e1lia (fundos do Shopping Praia de Belas), com trajeto pela cidade e retorno ao ponto de partida.<\/p>\n<p>Parcerias: Realizado junto \u00e0s institui\u00e7\u00f5es PedAlegre, Pedal da Alegria e Federa\u00e7\u00e3o Ga\u00facha de Ciclismo.<\/p>\n<p>\ud83c\udf38 23\u00aa Caminhada das Vitoriosas<\/p>\n<p>Um dos maiores eventos sociais de Porto Alegre, a caminhada reuniu mais de 10 mil pessoas em sua \u00faltima edi\u00e7\u00e3o. O encontro busca celebrar a vida, reunir pacientes e familiares, al\u00e9m de comover a popula\u00e7\u00e3o a respeito da causa.<\/p>\n<p>Quando: 18 de outubro (domingo), a partir das 9 horas.<\/p>\n<p>Onde: Concentra\u00e7\u00e3o no Parque Moinhos de Vento (Parc\u00e3o), percorrendo as ruas da cidade at\u00e9 o ponto final no Parque Farroupilha (Reden\u00e7\u00e3o).<\/p>\n","protected":false},"excerpt":{"rendered":"<p>A campanha do Outubro Rosa se aproxima e, com ela, os tradicionais eventos do Instituto da Mama do Rio Grande do Sul (IMAMA). O objetivo &hellip; <\/p>\n","protected":false},"author":2,"featured_media":51779,"comment_status":"closed","ping_status":"closed","sticky":false,"template":"","format":"standard","meta":{"footnotes":""},"categories":[2],"tags":[],"class_list":["post-51778","post","type-post","status-publish","format-standard","has-post-thumbnail","hentry","category-noticias","latest_post"],"_links":{"self":[{"href":"https:\/\/gilpimentel.com.br\/site\/wp-json\/wp\/v2\/posts\/51778","targetHints":{"allow":["GET"]}}],"collection":[{"href":"https:\/\/gilpimentel.com.br\/site\/wp-json\/wp\/v2\/posts"}],"about":[{"href":"https:\/\/gilpimentel.com.br\/site\/wp-json\/wp\/v2\/types\/post"}],"author":[{"embeddable":true,"href":"https:\/\/gilpimentel.com.br\/site\/wp-json\/wp\/v2\/users\/2"}],"replies":[{"embeddable":true,"href":"https:\/\/gilpimentel.com.br\/site\/wp-json\/wp\/v2\/comments?post=51778"}],"version-history":[{"count":2,"href":"https:\/\/gilpimentel.com.br\/site\/wp-json\/wp\/v2\/posts\/51778\/revisions"}],"predecessor-version":[{"id":51781,"href":"https:\/\/gilpimentel.com.br\/site\/wp-json\/wp\/v2\/posts\/51778\/revisions\/51781"}],"wp:featuredmedia":[{"embeddable":true,"href":"https:\/\/gilpimentel.com.br\/site\/wp-json\/wp\/v2\/media\/51779"}],"wp:attachment":[{"href":"https:\/\/gilpimentel.com.br\/site\/wp-json\/wp\/v2\/media?parent=51778"}],"wp:term":[{"taxonomy":"category","embeddable":true,"href":"https:\/\/gilpimentel.com.br\/site\/wp-json\/wp\/v2\/categories?post=51778"},{"taxonomy":"post_tag","embeddable":true,"href":"https:\/\/gilpimentel.com.br\/site\/wp-json\/wp\/v2\/tags?post=51778"}],"curies":[{"name":"wp","href":"https:\/\/api.w.org\/{rel}","templated":true}]}}