{"id":51771,"date":"2026-09-04T06:31:57","date_gmt":"2026-09-04T09:31:57","guid":{"rendered":"https:\/\/gilpimentel.com.br\/site\/?p=51771"},"modified":"2026-09-04T19:24:33","modified_gmt":"2026-09-04T22:24:33","slug":"dia-nacional-do-acai-destaca-expansao-de-um-mercado-que-ganhou-forca-no-franchising-brasileiro","status":"publish","type":"post","link":"https:\/\/gilpimentel.com.br\/site\/dia-nacional-do-acai-destaca-expansao-de-um-mercado-que-ganhou-forca-no-franchising-brasileiro\/","title":{"rendered":"DIA NACIONAL DO A\u00c7A\u00cd DESTACA EXPANS\u00c3O DE UM MERCADO QUE GANHOU FOR\u00c7A NO FRANCHISING BRASILEIRO"},"content":{"rendered":"<p>Populariza\u00e7\u00e3o do fruto amaz\u00f4nico impulsiona novos formatos de consumo e abre espa\u00e7o para redes especializadas em diferentes regi\u00f5es do pa\u00eds<\/p>\n<p>Celebrado em 5 de setembro, o Dia Nacional do A\u00e7a\u00ed coloca em evid\u00eancia n\u00e3o apenas um dos frutos mais tradicionais da Amaz\u00f4nia, mas tamb\u00e9m uma categoria que ganhou relev\u00e2ncia no mercado brasileiro de alimenta\u00e7\u00e3o. A populariza\u00e7\u00e3o do produto fora da regi\u00e3o Norte impulsionou novos h\u00e1bitos de consumo e abriu espa\u00e7o para redes especializadas, especialmente no franchising.<\/p>\n<p>O movimento acontece em um momento de expans\u00e3o do pr\u00f3prio mercado de franquias no pa\u00eds. No primeiro trimestre de 2026, o setor alcan\u00e7ou 204.908 opera\u00e7\u00f5es, 6.178 a mais que no mesmo per\u00edodo do ano anterior. Em 2025, o segmento de franchising ultrapassou pela primeira vez a marca de R$ 300 bilh\u00f5es em faturamento, chegando a R$ 301,7 bilh\u00f5es, segundo a Associa\u00e7\u00e3o Brasileira de Franchising (ABF).<\/p>\n<p>Os dados da ABF tamb\u00e9m refor\u00e7am o potencial do mercado de alimenta\u00e7\u00e3o. No primeiro trimestre de 2026, o segmento registrou crescimento de 22%, impulsionado pela busca por neg\u00f3cios capazes de combinar conveni\u00eancia, variedade de produtos e possibilidade de expans\u00e3o em diferentes mercados. Nesse cen\u00e1rio, o a\u00e7a\u00ed se beneficia da transforma\u00e7\u00e3o dos h\u00e1bitos de consumo ao deixar de ser associado exclusivamente \u00e0 cultura amaz\u00f4nica e passar a fazer parte da rotina de consumidores em diferentes regi\u00f5es do pa\u00eds.<\/p>\n<p>Na rede de franquias A\u00e7a\u00ed Formosa, essa transforma\u00e7\u00e3o pode ser observada na pr\u00f3pria trajet\u00f3ria da marca. A hist\u00f3ria come\u00e7ou em 2013, quando Remo Santana, em sociedade com Marcos Ferreira, abriu a primeira unidade em S\u00e3o Bernardo do Campo, na regi\u00e3o metropolitana de S\u00e3o Paulo. A partir da\u00ed, a empresa iniciou sua expans\u00e3o por meio do sistema de franquias e atualmente soma 125 lojas nos estados de S\u00e3o Paulo, Minas Gerais e Rio de Janeiro.<\/p>\n<p>A expans\u00e3o acompanha a mudan\u00e7a na forma de consumo do produto, que passou a integrar card\u00e1pios de lanchonetes, cafeterias, academias e redes especializadas. A possibilidade de combinar o a\u00e7a\u00ed com diferentes acompanhamentos e adequ\u00e1-lo a diversas ocasi\u00f5es de consumo tamb\u00e9m contribuiu para ampliar seu p\u00fablico e criar novas oportunidades para neg\u00f3cios ligados \u00e0 categoria.<\/p>\n<p>\u201cExiste uma combina\u00e7\u00e3o interessante entre sabor, praticidade e caracter\u00edsticas nutricionais, mas tamb\u00e9m \u00e9 importante preservar a identidade do fruto e valorizar toda a cadeia envolvida na produ\u00e7\u00e3o&#8221;, afirma Rodrigo Santana, diretor de marketing e expans\u00e3o da A\u00e7a\u00ed Formosa.<\/p>\n<p>Al\u00e9m do potencial comercial, o a\u00e7a\u00ed mant\u00e9m caracter\u00edsticas nutricionais que ajudam a explicar sua presen\u00e7a crescente na alimenta\u00e7\u00e3o brasileira. \u201cO fruto \u00e9 fonte de fibras, vitamina E, minerais, \u00e1cidos graxos insaturados e compostos fen\u00f3licos, entre eles as antocianinas. Esses componentes est\u00e3o relacionados \u00e0 a\u00e7\u00e3o antioxidante caracter\u00edstica do alimento. A composi\u00e7\u00e3o final, por\u00e9m, depende dos ingredientes adicionados, especialmente em prepara\u00e7\u00f5es com acompanhamentos a\u00e7ucarados, que podem elevar o valor cal\u00f3rico\u201d, explica a nutricionista Monica Magalh\u00e3es, da Seed Nutri\u00e7\u00e3o e Gastronomia.<\/p>\n<p>O avan\u00e7o da categoria tamb\u00e9m reflete uma mudan\u00e7a estrutural no comportamento do consumidor e cria espa\u00e7o para modelos de neg\u00f3cio especializados. \u201cO a\u00e7a\u00ed conseguiu atravessar fronteiras regionais e se transformar em uma categoria de consumo com potencial de escala. Para o mercado de franquias, isso representa uma oportunidade porque existe uma demanda j\u00e1 consolidada e, ao mesmo tempo, espa\u00e7o para diferentes formatos de opera\u00e7\u00e3o. O nosso desafio \u00e9 acompanhar essa evolu\u00e7\u00e3o de forma sustent\u00e1vel, mantendo a qualidade do produto, a efici\u00eancia da opera\u00e7\u00e3o e a identidade que fez o a\u00e7a\u00ed conquistar consumidores em todo o pa\u00eds\u201d, conclui.<\/p>\n<p>Sobre o A\u00e7a\u00ed Formosa<\/p>\n<p>A A\u00e7a\u00ed Formosa nasceu de um pequeno quiosque e se transformou em uma rede especializada em a\u00e7a\u00ed e sobremesas geladas. A marca foi fundada por Marcos Ferreira e tem como CEO e s\u00f3cio-fundador Remo Santana. Hoje, a rede re\u00fane cerca de 125 unidades e comercializa aproximadamente 80 toneladas de a\u00e7a\u00ed por m\u00eas. A opera\u00e7\u00e3o \u00e9 baseada no sistema de franquias e conta com fabrica\u00e7\u00e3o pr\u00f3pria de a\u00e7a\u00ed, cremes e frozen, o que garante padroniza\u00e7\u00e3o e controle de qualidade nas unidades.<\/p>\n<p>A empresa encerrou 2025 com faturamento aproximado de 65 milh\u00f5es de reais e projeta crescimento de cerca de 15% impulsionado pela expans\u00e3o da rede e abertura de novas franquias. O modelo de franquia foi estruturado para ser acess\u00edvel, com investimento inicial a partir de 65 mil reais e formatos de opera\u00e7\u00e3o a partir de 20 m\u00b2 ou em cont\u00eainer, permitindo a entrada de novos empreendedores no setor de alimenta\u00e7\u00e3o.<\/p>\n<p>&nbsp;<\/p>\n<p>&nbsp;<\/p>\n<p>&nbsp;<\/p>\n<p>&nbsp;<\/p>\n","protected":false},"excerpt":{"rendered":"<p>Populariza\u00e7\u00e3o do fruto amaz\u00f4nico impulsiona novos formatos de consumo e abre espa\u00e7o para redes especializadas em diferentes regi\u00f5es do pa\u00eds Celebrado em 5 de setembro, &hellip; <\/p>\n","protected":false},"author":2,"featured_media":51772,"comment_status":"closed","ping_status":"closed","sticky":false,"template":"","format":"standard","meta":{"footnotes":""},"categories":[2],"tags":[],"class_list":["post-51771","post","type-post","status-publish","format-standard","has-post-thumbnail","hentry","category-noticias","latest_post"],"_links":{"self":[{"href":"https:\/\/gilpimentel.com.br\/site\/wp-json\/wp\/v2\/posts\/51771","targetHints":{"allow":["GET"]}}],"collection":[{"href":"https:\/\/gilpimentel.com.br\/site\/wp-json\/wp\/v2\/posts"}],"about":[{"href":"https:\/\/gilpimentel.com.br\/site\/wp-json\/wp\/v2\/types\/post"}],"author":[{"embeddable":true,"href":"https:\/\/gilpimentel.com.br\/site\/wp-json\/wp\/v2\/users\/2"}],"replies":[{"embeddable":true,"href":"https:\/\/gilpimentel.com.br\/site\/wp-json\/wp\/v2\/comments?post=51771"}],"version-history":[{"count":1,"href":"https:\/\/gilpimentel.com.br\/site\/wp-json\/wp\/v2\/posts\/51771\/revisions"}],"predecessor-version":[{"id":51773,"href":"https:\/\/gilpimentel.com.br\/site\/wp-json\/wp\/v2\/posts\/51771\/revisions\/51773"}],"wp:featuredmedia":[{"embeddable":true,"href":"https:\/\/gilpimentel.com.br\/site\/wp-json\/wp\/v2\/media\/51772"}],"wp:attachment":[{"href":"https:\/\/gilpimentel.com.br\/site\/wp-json\/wp\/v2\/media?parent=51771"}],"wp:term":[{"taxonomy":"category","embeddable":true,"href":"https:\/\/gilpimentel.com.br\/site\/wp-json\/wp\/v2\/categories?post=51771"},{"taxonomy":"post_tag","embeddable":true,"href":"https:\/\/gilpimentel.com.br\/site\/wp-json\/wp\/v2\/tags?post=51771"}],"curies":[{"name":"wp","href":"https:\/\/api.w.org\/{rel}","templated":true}]}}