{"id":51765,"date":"2026-09-04T05:15:03","date_gmt":"2026-09-04T08:15:03","guid":{"rendered":"https:\/\/gilpimentel.com.br\/site\/?p=51765"},"modified":"2026-09-04T19:02:38","modified_gmt":"2026-09-04T22:02:38","slug":"primeiro-fogo-de-chao-aberto-ao-publico-do-piquete-el-topador-2026-reune-musica-fotografia-e-saberes-guaranis","status":"publish","type":"post","link":"https:\/\/gilpimentel.com.br\/site\/primeiro-fogo-de-chao-aberto-ao-publico-do-piquete-el-topador-2026-reune-musica-fotografia-e-saberes-guaranis\/","title":{"rendered":"PRIMEIRO FOGO DE CH\u00c3O ABERTO AO P\u00daBLICO DO PIQUETE EL TOPADOR 2026 RE\u00daNE M\u00daSICA, FOTOGRAFIA E SABERES GUARANIS"},"content":{"rendered":"<p>Programa\u00e7\u00e3o neste domingo, no Rancho Tabacaray, ter\u00e1 apresenta\u00e7\u00e3o de As Maragatas e atividades dedicadas \u00e0 fotografia, \u00e0 erva-mate e \u00e0 cultura guarani com Guto Oliveira, Kerex\u00fa Taku\u00e1 e Rafael Becker<\/p>\n<p>O Piquete El Topador realiza neste domingo, 6 de setembro, o primeiro fogo de ch\u00e3o aberto ao p\u00fablico de sua edi\u00e7\u00e3o de 2026. A partir das 11h, o Rancho Tabacaray, em Porto Alegre, recebe fam\u00edlias e grupos de amigos para uma programa\u00e7\u00e3o que re\u00fane gastronomia, m\u00fasica e atividades relacionadas \u00e0 cultura e \u00e0 hist\u00f3ria das Miss\u00f5es.<\/p>\n<p>Em sua s\u00e9tima edi\u00e7\u00e3o, o projeto coloca em evid\u00eancia o legado dos povos ind\u00edgenas e as diferentes contribui\u00e7\u00f5es culturais da regi\u00e3o missioneira para a forma\u00e7\u00e3o do Rio Grande do Sul. A proposta do domingo \u00e9 promover um encontro em torno da mesa, da m\u00fasica e de saberes transmitidos entre gera\u00e7\u00f5es.<\/p>\n<p>A programa\u00e7\u00e3o come\u00e7a \u00e0s 11h, no Espa\u00e7o Jayme Caetano Braun, com a oficina Fotografia Missioneira, conduzida por Guto Oliveira. No Espa\u00e7o Sep\u00e9 Tiaraju, o p\u00fablico poder\u00e1 participar da Oficina de Artesanato e Agricultura Guarani, com a cacica Kerex\u00fa Taku\u00e1, e, \u00e0s 12h, da atividade Erva-mate: de onde viemos e para onde vamos, com Rafael Becker.<\/p>\n<p>\u00c0s 12h30min, As Maragatas sobem ao Palco Luiz Carlos Borges. Formado em S\u00e3o Miguel das Miss\u00f5es, o grupo nasceu em 2019 com o prop\u00f3sito de valorizar a cultura missioneira e ampliar a presen\u00e7a feminina na m\u00fasica tradicionalista. Bianca, Letusa, Julia e Naira apresentam um repert\u00f3rio que une tradi\u00e7\u00e3o, representatividade e a for\u00e7a da mulher ga\u00facha, preservando hist\u00f3rias e aproximando novas gera\u00e7\u00f5es da m\u00fasica regional.<\/p>\n<p>Durante o encontro, o p\u00fablico tamb\u00e9m poder\u00e1 aproveitar o almo\u00e7o preparado pela equipe do El Topador. Servido no formato fogo de ch\u00e3o, o card\u00e1pio re\u00fane cortes assados lentamente, pratos quentes, saladas e sobremesas que valorizam os sabores da cozinha regional.<\/p>\n<p>Entre as carnes est\u00e3o costela oito ossos, maminha e pernil de cordeiro. A ilha de pratos quentes ter\u00e1 coxa de frango assada no espeto com molho de melado, espinha\u00e7o de cordeiro com aipim, legumes grelhados, lasanha quatro queijos, pir\u00e3o de caldo de costela, arroz branco, feij\u00e3o e batata frita.<\/p>\n<p>Nas saladas, as op\u00e7\u00f5es incluem salada de feij\u00e3o, milho grelhado, folhas verdes, tomate com cebola-roxa e moranga assada com r\u00facula e queijo. Para a sobremesa, ser\u00e3o servidos doce de ab\u00f3bora, sagu com creme, ambrosia e doce de figo com mel e castanhas. As bebidas ser\u00e3o comercializadas separadamente, e o card\u00e1pio est\u00e1 sujeito a ajustes.<\/p>\n<p>SOBRE O PIQUETE EL TOPADOR<\/p>\n<p>Realizado anualmente, o Piquete El Topador chega \u00e0 sua s\u00e9tima edi\u00e7\u00e3o consolidado como um dos principais projetos culturais do Grupo El Topador. Durante setembro, transforma o Rancho Tabacaray em um espa\u00e7o de encontro entre m\u00fasica, gastronomia, fogo de ch\u00e3o, artes visuais, artesanato e outros saberes relacionados \u00e0 cultura do Sul.<\/p>\n<p>Em 2026, a programa\u00e7\u00e3o coloca em evid\u00eancia o legado dos povos ind\u00edgenas e a contribui\u00e7\u00e3o art\u00edstica e cultural das Miss\u00f5es para a forma\u00e7\u00e3o do Rio Grande do Sul. Mais do que celebrar o calend\u00e1rio farroupilha, o projeto convida o p\u00fablico a vivenciar a cultura de forma aut\u00eantica, fortalecendo os v\u00ednculos entre pessoas, tradi\u00e7\u00f5es e territ\u00f3rio.<\/p>\n<p>PROGRAMA\u00c7\u00c3O DE DOMINGO<\/p>\n<p>Espa\u00e7o Jayme Caetano Braun<\/p>\n<p>11h \u2014 Fotografia Missioneira, com Guto Oliveira<\/p>\n<p>Espa\u00e7o Sep\u00e9 Tiaraju<\/p>\n<p>Ao longo do evento \u2014 Oficina de Artesanato e Agricultura Guarani, com a cacica Kerex\u00fa Taku\u00e1<\/p>\n<p>12h \u2014 Erva-mate: de onde viemos e para onde vamos, com Rafael Becker<\/p>\n<p>Palco Luiz Carlos Borges<\/p>\n<p>12h30min \u2014 Apresenta\u00e7\u00e3o de As Maragatas<\/p>\n<p>SERVI\u00c7O<\/p>\n<p>Primeiro fogo de ch\u00e3o aberto ao p\u00fablico do Piquete El Topador 2026<\/p>\n<p>Quando: 6 de setembro, domingo, das 11h \u00e0s 16h<\/p>\n<p>Gastronomia: das 11h30min \u00e0s 15h<\/p>\n<p>Apresenta\u00e7\u00e3o de As Maragatas: 12h30min<\/p>\n<p>Onde: Rancho Tabacaray \u2014 Avenida Vicente Monteggia, 2770, Vila Nova, Porto Alegre<\/p>\n<p>Ingressos: dispon\u00edveis em www.sympla.com.br\/produtor\/grupoeltopador<\/p>\n<p>Reservas para grupos: a partir de seis pessoas, mediante disponibilidade, pelo WhatsApp (51) 99876-4010<\/p>\n<p>PATROCINADORES<\/p>\n<p>O Piquete El Topador 2026 \u00e9 realizado pelo Grupo El Topador e conta com o apoio de marcas que acreditam na valoriza\u00e7\u00e3o da cultura, da gastronomia e das tradi\u00e7\u00f5es do Sul.<\/p>\n<p>Apresenta\u00e7\u00e3o: VERO<\/p>\n<p>Patroc\u00ednio Master: Best Beef \u2014 Carne Oficial, Guaran\u00e1 Charrua, Baden Baden, Salton e Baldo<\/p>\n<p>Apoio: Termolar, Santa Clara, Nutrifrango, Tramontina e Sympla<\/p>\n<p>&nbsp;<\/p>\n","protected":false},"excerpt":{"rendered":"<p>Programa\u00e7\u00e3o neste domingo, no Rancho Tabacaray, ter\u00e1 apresenta\u00e7\u00e3o de As Maragatas e atividades dedicadas \u00e0 fotografia, \u00e0 erva-mate e \u00e0 cultura guarani com Guto Oliveira, &hellip; <\/p>\n","protected":false},"author":2,"featured_media":51766,"comment_status":"closed","ping_status":"closed","sticky":false,"template":"","format":"standard","meta":{"footnotes":""},"categories":[2],"tags":[],"class_list":["post-51765","post","type-post","status-publish","format-standard","has-post-thumbnail","hentry","category-noticias","latest_post"],"_links":{"self":[{"href":"https:\/\/gilpimentel.com.br\/site\/wp-json\/wp\/v2\/posts\/51765","targetHints":{"allow":["GET"]}}],"collection":[{"href":"https:\/\/gilpimentel.com.br\/site\/wp-json\/wp\/v2\/posts"}],"about":[{"href":"https:\/\/gilpimentel.com.br\/site\/wp-json\/wp\/v2\/types\/post"}],"author":[{"embeddable":true,"href":"https:\/\/gilpimentel.com.br\/site\/wp-json\/wp\/v2\/users\/2"}],"replies":[{"embeddable":true,"href":"https:\/\/gilpimentel.com.br\/site\/wp-json\/wp\/v2\/comments?post=51765"}],"version-history":[{"count":1,"href":"https:\/\/gilpimentel.com.br\/site\/wp-json\/wp\/v2\/posts\/51765\/revisions"}],"predecessor-version":[{"id":51767,"href":"https:\/\/gilpimentel.com.br\/site\/wp-json\/wp\/v2\/posts\/51765\/revisions\/51767"}],"wp:featuredmedia":[{"embeddable":true,"href":"https:\/\/gilpimentel.com.br\/site\/wp-json\/wp\/v2\/media\/51766"}],"wp:attachment":[{"href":"https:\/\/gilpimentel.com.br\/site\/wp-json\/wp\/v2\/media?parent=51765"}],"wp:term":[{"taxonomy":"category","embeddable":true,"href":"https:\/\/gilpimentel.com.br\/site\/wp-json\/wp\/v2\/categories?post=51765"},{"taxonomy":"post_tag","embeddable":true,"href":"https:\/\/gilpimentel.com.br\/site\/wp-json\/wp\/v2\/tags?post=51765"}],"curies":[{"name":"wp","href":"https:\/\/api.w.org\/{rel}","templated":true}]}}