{"id":51761,"date":"2026-09-04T05:01:03","date_gmt":"2026-09-04T08:01:03","guid":{"rendered":"https:\/\/gilpimentel.com.br\/site\/?p=51761"},"modified":"2026-09-04T18:57:41","modified_gmt":"2026-09-04T21:57:41","slug":"casacor-amplia-presenca-pelo-brasil-com-mostras-simultaneas-e-novas-aberturas-ate-outubro","status":"publish","type":"post","link":"https:\/\/gilpimentel.com.br\/site\/casacor-amplia-presenca-pelo-brasil-com-mostras-simultaneas-e-novas-aberturas-ate-outubro\/","title":{"rendered":"CASACOR AMPLIA PRESEN\u00c7A PELO BRASIL COM MOSTRAS SIMULT\u00c2NEAS E NOVAS ABERTURAS AT\u00c9 OUTUBRO"},"content":{"rendered":"<p>Com seis edi\u00e7\u00f5es em cartaz, plataforma refor\u00e7a sua abrang\u00eancia nacional e prepara novas inaugura\u00e7\u00f5es em diferentes regi\u00f5es do pa\u00eds<\/p>\n<p>A temporada 2026 da CASACOR avan\u00e7a pelo Brasil com uma agenda ampla e simult\u00e2nea. Neste momento, seis edi\u00e7\u00f5es est\u00e3o abertas ao p\u00fablico no Esp\u00edrito Santo, Bras\u00edlia, Rio Grande do Sul, Minas Gerais, Tocantins e Ribeir\u00e3o Preto. At\u00e9 outubro, a programa\u00e7\u00e3o ganha novos cap\u00edtulos com a estreia das mostras no Rio de Janeiro, Santa Catarina, Sergipe, Para\u00edba e Cear\u00e1.<\/p>\n<p>O circuito confirma a capilaridade da maior plataforma cultural de arquitetura, paisagismo e design de interiores das Am\u00e9ricas. Em cada pra\u00e7a, a marca re\u00fane profissionais, parceiros e visitantes em torno de diferentes leituras sobre arquitetura, interiores, paisagismo, arte e novas formas de viver.<\/p>\n<p>A CASACOR Esp\u00edrito Santo, aberta em 16 de julho, pode ser visitada at\u00e9 8 de setembro. J\u00e1 CASACOR Bras\u00edlia e CASACOR Rio Grande do Sul, que estrearam simultaneamente em 12 de agosto, seguem, respectivamente, at\u00e9 12 e 4 de outubro. CASACOR Minas Gerais, inaugurada em 15 de agosto, permanece aberta ao p\u00fablico at\u00e9 6 de outubro. CASACOR Tocantins, que inaugurou em 28 de agosto, segue at\u00e9 10 de outubro, e CASACOR Ribeir\u00e3o Preto, que abriu as portas dia 25 de agosto, segue sua temporada at\u00e9 12 de outubro.<\/p>\n<p>Em setembro, entram no circuito as edi\u00e7\u00f5es do Rio de Janeiro, de 15 de setembro a 8 de novembro, e de Santa Catarina, em Florian\u00f3polis, de 27 de setembro a 8 de novembro. E outubro marca a chegada de outras tr\u00eas mostras ao Nordeste. A CASACOR Sergipe acontece de 8 de outubro a 29 de novembro; a CASACOR Cear\u00e1, de 15 de outubro a 29 de novembro; e a CASACOR Para\u00edba, de 30 de outubro a 14 de dezembro.<\/p>\n<p>Ao ocupar diferentes estados, a CASACOR evidencia a pluralidade da produ\u00e7\u00e3o brasileira em arquitetura, design de interiores e paisagismo. As mostras partem das identidades culturais, sociais e arquitet\u00f4nicas de cada territ\u00f3rio para apresentar projetos conectados a quest\u00f5es contempor\u00e2neas, valorizando profissionais, refer\u00eancias e saberes locais.<\/p>\n<p>A circula\u00e7\u00e3o nacional tamb\u00e9m amplia o debate sobre o morar contempor\u00e2neo. Sustentabilidade, bem-estar, conex\u00e3o com a natureza, tecnologia, novos usos dos espa\u00e7os e valoriza\u00e7\u00e3o da produ\u00e7\u00e3o local atravessam o circuito, ganhando interpreta\u00e7\u00f5es pr\u00f3prias em cada cidade.<\/p>\n<p>CASACOR 2026 pelo Brasil<\/p>\n<p>Em cartaz<\/p>\n<p>CASACOR Esp\u00edrito Santo<\/p>\n<p>At\u00e9 8 de setembro de 2026<\/p>\n<p>CASACOR Bras\u00edlia<\/p>\n<p>At\u00e9 12 de outubro de 2026<\/p>\n<p>CASACOR Rio Grande do Sul<\/p>\n<p>At\u00e9 4 de outubro de 2026<\/p>\n<p>CASACOR Minas Gerais<\/p>\n<p>At\u00e9 6 de outubro de 2026<\/p>\n<p>CASACOR Tocantins<\/p>\n<p>At\u00e9 10 de outubro de 2026<\/p>\n<p>CASACOR Ribeir\u00e3o Preto<\/p>\n<p>At\u00e9 12 de outubro de 2026<\/p>\n<p>Pr\u00f3ximas aberturas<\/p>\n<p>CASACOR Rio de Janeiro<\/p>\n<p>15 de setembro a 8 de novembro de 2026<\/p>\n<p>CASACOR Santa Catarina &#8211; Florian\u00f3polis<\/p>\n<p>27 de setembro a 8 de novembro de 2026<\/p>\n<p>CASACOR Sergipe<\/p>\n<p>8 de outubro a 29 de novembro de 2026<\/p>\n<p>CASACOR Cear\u00e1<\/p>\n<p>15 de outubro a 29 de novembro de 2026<\/p>\n<p>CASACOR Para\u00edba<\/p>\n<p>30 de outubro a 14 de dezembro de 2026<\/p>\n<p>Servi\u00e7o<\/p>\n<p>A CASACOR S\u00e3o Paulo 2026 tem apoio da Lei Rouanet e do Vale-Cultura, com Patroc\u00ednio Master Deca; Patroc\u00ednio Coral; Patroc\u00ednio Local Duratex, Brastemp e Mercado Livre; Banco Oficial Ita\u00fa; Carro Oficial Denza; Patroc\u00ednio Local TIM; Apoio Local Portinari; Escola Oficial Senac; Parceira de Reparos e Manuten\u00e7\u00e3o Porto Servi\u00e7o; Caf\u00e9 Oficial Orfeu; Fornecedor Oficial SABESP; Cerveja Oficial Stella Artois; Media Partner Eletromidia; e Hospedagem Oficial Noon. Realiza\u00e7\u00e3o: Editora Globo e Minist\u00e9rio da Cultura.<\/p>\n<p>Sobre a CASACOR<\/p>\n<p>Reconhecida como a mais completa plataforma cultural de arquitetura, paisagismo e design de interiores das Am\u00e9ricas, a CASACOR re\u00fane anualmente nomes de destaque do setor. Em 2026, a edi\u00e7\u00e3o paulistana chegou \u00e0 sua 39\u00aa edi\u00e7\u00e3o e ocupou o Parque da \u00c1gua Branca.<\/p>\n<p>Instagram: @casacor_oficial | @casacor_sustentavel<\/p>\n<p>Facebook: facebook.com\/casacor_oficial<\/p>\n<p>Youtube: www.youtube.com\/casacoroficial<\/p>\n<p>Twitter: twitter.com\/casacor<\/p>\n<p>Telegram: t.me\/casacoroficial<\/p>\n<p>WhatsApp: whatsapp.com\/channel\/0029Va6nnYPAYlUPPSrquW2m<\/p>\n<p>Site: www.casacor.com.br<\/p>\n<p>&nbsp;<\/p>\n<p>&nbsp;<\/p>\n<p>&nbsp;<\/p>\n<p>&nbsp;<\/p>\n","protected":false},"excerpt":{"rendered":"<p>Com seis edi\u00e7\u00f5es em cartaz, plataforma refor\u00e7a sua abrang\u00eancia nacional e prepara novas inaugura\u00e7\u00f5es em diferentes regi\u00f5es do pa\u00eds A temporada 2026 da CASACOR avan\u00e7a &hellip; <\/p>\n","protected":false},"author":2,"featured_media":51762,"comment_status":"closed","ping_status":"closed","sticky":false,"template":"","format":"standard","meta":{"footnotes":""},"categories":[2],"tags":[],"class_list":["post-51761","post","type-post","status-publish","format-standard","has-post-thumbnail","hentry","category-noticias","latest_post"],"_links":{"self":[{"href":"https:\/\/gilpimentel.com.br\/site\/wp-json\/wp\/v2\/posts\/51761","targetHints":{"allow":["GET"]}}],"collection":[{"href":"https:\/\/gilpimentel.com.br\/site\/wp-json\/wp\/v2\/posts"}],"about":[{"href":"https:\/\/gilpimentel.com.br\/site\/wp-json\/wp\/v2\/types\/post"}],"author":[{"embeddable":true,"href":"https:\/\/gilpimentel.com.br\/site\/wp-json\/wp\/v2\/users\/2"}],"replies":[{"embeddable":true,"href":"https:\/\/gilpimentel.com.br\/site\/wp-json\/wp\/v2\/comments?post=51761"}],"version-history":[{"count":1,"href":"https:\/\/gilpimentel.com.br\/site\/wp-json\/wp\/v2\/posts\/51761\/revisions"}],"predecessor-version":[{"id":51763,"href":"https:\/\/gilpimentel.com.br\/site\/wp-json\/wp\/v2\/posts\/51761\/revisions\/51763"}],"wp:featuredmedia":[{"embeddable":true,"href":"https:\/\/gilpimentel.com.br\/site\/wp-json\/wp\/v2\/media\/51762"}],"wp:attachment":[{"href":"https:\/\/gilpimentel.com.br\/site\/wp-json\/wp\/v2\/media?parent=51761"}],"wp:term":[{"taxonomy":"category","embeddable":true,"href":"https:\/\/gilpimentel.com.br\/site\/wp-json\/wp\/v2\/categories?post=51761"},{"taxonomy":"post_tag","embeddable":true,"href":"https:\/\/gilpimentel.com.br\/site\/wp-json\/wp\/v2\/tags?post=51761"}],"curies":[{"name":"wp","href":"https:\/\/api.w.org\/{rel}","templated":true}]}}