{"id":51756,"date":"2026-09-04T04:46:39","date_gmt":"2026-09-04T07:46:39","guid":{"rendered":"https:\/\/gilpimentel.com.br\/site\/?p=51756"},"modified":"2026-09-04T18:51:56","modified_gmt":"2026-09-04T21:51:56","slug":"prefeitura-divulga-programacao-completa-da-14a-galponeira-de-bage-rs","status":"publish","type":"post","link":"https:\/\/gilpimentel.com.br\/site\/prefeitura-divulga-programacao-completa-da-14a-galponeira-de-bage-rs\/","title":{"rendered":"PREFEITURA DIVULGA PROGRAMA\u00c7\u00c3O COMPLETA DA 14\u00aa GALPONEIRA DE BAG\u00c9 (RS)"},"content":{"rendered":"<p>Festival come\u00e7a nesta sexta-feira (4), com entrada gratuita, e ter\u00e1 14 m\u00fasicas concorrentes, sete atra\u00e7\u00f5es musicais e homenagens a cinco nomes ligados \u00e0 cultura regional<\/p>\n<p>A 14\u00aa Galponeira de Bag\u00e9 come\u00e7a nesta sexta-feira (4) e segue at\u00e9 o domingo (6) reunindo m\u00fasica nativista, shows, homenagens e a disputa entre 14 composi\u00e7\u00f5es selecionadas para o festival. Com entrada gratuita, a programa\u00e7\u00e3o inicia \u00e0s 19h nos tr\u00eas dias, no Largo do Centro Administrativo.<\/p>\n<p>Promovida pela Prefeitura de Bag\u00e9, por meio da Secretaria Municipal de Cultura (Secult) em parceria com a Associa\u00e7\u00e3o dos Amigos do Imba (Amimba), a edi\u00e7\u00e3o recebeu 506 m\u00fasicas inscritas por compositores de mais de 50 munic\u00edpios do Rio Grande do Sul, al\u00e9m de Santa Catarina e do Uruguai. Deste total, 14 composi\u00e7\u00f5es foram selecionadas para as duas noites classificat\u00f3rias, sendo sete ligadas a Bag\u00e9 e sete da sele\u00e7\u00e3o geral.<\/p>\n<p>O prefeito Luiz Fernando Mainardi destaca que a programa\u00e7\u00e3o consolida a retomada da Galponeira e refor\u00e7a o papel de Bag\u00e9 como ponto de encontro da cultura do Pampa. \u201cEstamos chegando a uma Galponeira que re\u00fane aquilo que buscamos desde a retomada do festival: valorizar quem produz cultura em Bag\u00e9, abrir espa\u00e7o para artistas de outros lugares e colocar a cidade novamente no centro de um grande encontro da m\u00fasica regional. S\u00e3o tr\u00eas noites para celebrar as nossas ra\u00edzes e, ao mesmo tempo, mostrar a for\u00e7a e a diversidade que essa m\u00fasica tem hoje\u201d, afirma Mainardi.<\/p>\n<p>Para o secret\u00e1rio municipal de Cultura, Zeca Brito, a 14\u00aa Galponeira tamb\u00e9m marca a abertura das celebra\u00e7\u00f5es farroupilhas no munic\u00edpio e valoriza a liga\u00e7\u00e3o da regi\u00e3o com a cultura missioneira.\u201cSer\u00e1 uma Galponeira do tamanho do nosso orgulho pela cultura ga\u00facha, com grandes atra\u00e7\u00f5es e uma baita infraestrutura para receber milhares de pessoas. Ser\u00e1 uma Galponeira Farroupilha, inaugurando as festividades do m\u00eas de setembro que tanto nos orgulha, cantando os 400 anos das miss\u00f5es atrav\u00e9s de artistas que cultivam a arte missioneira na m\u00fasica e na poesia. Tradi\u00e7\u00e3o e hist\u00f3ria reunidas para festejar os novos talentos da m\u00fasica ga\u00facha, sob os olhos de Bag\u00e9\u201d, destaca Zeca.<\/p>\n<p>Atra\u00e7\u00f5es convidadas<\/p>\n<p>A programa\u00e7\u00e3o art\u00edstica da 14\u00aa Galponeira re\u00fane sete atra\u00e7\u00f5es ao longo das tr\u00eas noites. Na sexta-feira (4), sobem ao palco Andr\u00e9 Teixeira e Hermanos Guedes. No s\u00e1bado (5), as apresenta\u00e7\u00f5es ficam por conta de Thiago Reder e Fabiano \u00cdndio, L\u00facio Yanel e Daniel Torres. No domingo (6), a programa\u00e7\u00e3o ter\u00e1 Duo Salamanca e Ga\u00facho da Fronteira, que encerra os shows da 14\u00aa edi\u00e7\u00e3o.<\/p>\n<p>M\u00fasicas competidoras<\/p>\n<p>As 14 composi\u00e7\u00f5es que chegam ao palco foram selecionadas a partir de 506 inscri\u00e7\u00f5es de dezenas de munic\u00edpios ga\u00fachos, de Santa Catarina e do Uruguai.<\/p>\n<p>Na primeira classificat\u00f3ria concorrem Sempre Pertos e Separados, No Corredor do Meu Viver, Tropilheiro, Bueno, Floreios, A Batalha dos Cinco Dias e Dan\u00e7a dos Vagalumes. Na segunda noite ser\u00e3o apresentadas Ah\u00ed Nom\u00e1s Se Fue, Um Dia o Campo Me Disse, Bolicho Recuerdo, Junto \u00e0 Cruz, Regando Luces, Se Cruzares e Retratos de Galp\u00e3o. Ap\u00f3s as duas classificat\u00f3rias, dez composi\u00e7\u00f5es ser\u00e3o escolhidas para a final.<\/p>\n<p>Cada uma das 14 m\u00fasicas classificadas recebe R$ 3,5 mil de ajuda de custo. A vencedora ter\u00e1 pr\u00eamio de R$ 8 mil, seguida por R$ 5 mil para o segundo lugar e R$ 3 mil para o terceiro. Tamb\u00e9m ser\u00e3o entregues pr\u00eamios de R$ 1 mil para Melhor Int\u00e9rprete, Melhor Instrumentista, Melhor Letra, Melhor Melodia, Melhor Arranjo e M\u00fasica Mais Popular, esta \u00faltima definida pelo p\u00fablico na noite final.<\/p>\n<p>Homenageados<\/p>\n<p>A 14\u00aa Galponeira prestar\u00e1 homenagem a cinco nomes ligados \u00e0 m\u00fasica e \u00e0 cultura regional. Na sexta-feira (4), ser\u00e3o homenageadas Zaida Valentim, pianista bageense com trajet\u00f3ria na forma\u00e7\u00e3o musical, e Olga Paz, reconhecida por sua liga\u00e7\u00e3o com o tradicionalismo e conhecida como \u201cMadrinha dos Ginetes\u201d.<\/p>\n<p>No s\u00e1bado (5), as homenagens ser\u00e3o para L\u00facio Yanel, refer\u00eancia do viol\u00e3o regional sulino, e Daniel Torres, int\u00e9rprete com trajet\u00f3ria destacada nos festivais nativistas. No domingo (6), o homenageado ser\u00e1 Ga\u00facho da Fronteira, um dos nomes mais conhecidos da m\u00fasica regional brasileira.<\/p>\n<p>Jurados<\/p>\n<p>O j\u00fari da 14\u00aa Galponeira ser\u00e1 formado por cinco profissionais indicados pela Urcamp, Unipampa e Instituto Municipal de Belas Artes (Imba).<\/p>\n<p>Integram a comiss\u00e3o Guilherme Collares, m\u00fasico, compositor e professor da Urcamp; Jos\u00e9 Daniel Telles dos Santos, m\u00fasico e professor da Unipampa; Lucas Barres, regente da Banda Musical do Imba; M\u00e1rcio Costa, m\u00fasico, compositor e int\u00e9rprete; e Zaida Valentim, pianista e integrante de atividades do curso de M\u00fasica da Unipampa.<\/p>\n<p>PROGRAMA\u00c7\u00c3O<\/p>\n<p>Sexta-feira \u2014 4 de setembro<\/p>\n<p>A primeira noite ser\u00e1 dedicada \u00e0s sete m\u00fasicas classificadas com participa\u00e7\u00e3o de autores naturais ou residentes em Bag\u00e9. A programa\u00e7\u00e3o tamb\u00e9m ter\u00e1 shows de Andr\u00e9 Teixeira e Hermanos Guedes.<\/p>\n<p>19h \u2014 Abertura oficial<\/p>\n<p>19h30min \u2014 Show de Andr\u00e9 Teixeira<\/p>\n<p>20h50min \u2014 Chamada dos jurados<\/p>\n<p>21h \u2014 M\u00fasicas concorrentes:<\/p>\n<p>Sempre Pertos e Separados<\/p>\n<p>No Corredor do Meu Viver<\/p>\n<p>Tropilheiro<\/p>\n<p>Bueno<\/p>\n<p>Floreios<\/p>\n<p>A Batalha dos Cinco Dias<\/p>\n<p>Dan\u00e7a dos Vagalumes<\/p>\n<p>22h10min \u2014 Show Hermanos Guedes<\/p>\n<p>S\u00e1bado \u2014 5 de setembro<\/p>\n<p>No s\u00e1bado, sobem ao palco as sete m\u00fasicas da sele\u00e7\u00e3o geral. A noite contar\u00e1 ainda com apresenta\u00e7\u00f5es de Thiago Reder e Fabiano \u00cdndio, L\u00facio Yanel e Daniel Torres.<\/p>\n<p>19h \u2014 Abertura<\/p>\n<p>19h10min \u2014 Show de Thiago Reder e Fabiano \u00cdndio<\/p>\n<p>20h30min \u2014 Show de L\u00facio Yanel<\/p>\n<p>21h50min \u2014 Chamada dos jurados<\/p>\n<p>22h \u2014 M\u00fasicas concorrentes:<\/p>\n<p>Ah\u00ed Nom\u00e1s Se Fue<\/p>\n<p>Um Dia o Campo Me Disse<\/p>\n<p>Bolicho Recuerdo<\/p>\n<p>Junto \u00e0 Cruz<\/p>\n<p>Regando Luces<\/p>\n<p>Se Cruzares<\/p>\n<p>Retratos de Galp\u00e3o<\/p>\n<p>23h10min \u2014 Show de Daniel Torres<\/p>\n<p>Domingo \u2014 6 de setembro<\/p>\n<p>As dez m\u00fasicas classificadas pelo j\u00fari ap\u00f3s as duas primeiras noites retornam ao palco no domingo para disputar a final. Os nomes das finalistas ser\u00e3o revelados ap\u00f3s a programa\u00e7\u00e3o de s\u00e1bado.<\/p>\n<p>19h \u2014 Abertura<\/p>\n<p>19h20min \u2014 Show Duo Salamanca<\/p>\n<p>20h30min \u2014 Chamada dos jurados<\/p>\n<p>20h40min \u2014 M\u00fasicas finalistas<\/p>\n<p>22h20min \u2014 Show de Ga\u00facho da Fronteira<\/p>\n<p>23h50min \u2014Premia\u00e7\u00e3o<\/p>\n<p>&nbsp;<\/p>\n<p>&nbsp;<\/p>\n","protected":false},"excerpt":{"rendered":"<p>Festival come\u00e7a nesta sexta-feira (4), com entrada gratuita, e ter\u00e1 14 m\u00fasicas concorrentes, sete atra\u00e7\u00f5es musicais e homenagens a cinco nomes ligados \u00e0 cultura regional &hellip; <\/p>\n","protected":false},"author":2,"featured_media":51757,"comment_status":"closed","ping_status":"closed","sticky":false,"template":"","format":"standard","meta":{"footnotes":""},"categories":[2],"tags":[],"class_list":["post-51756","post","type-post","status-publish","format-standard","has-post-thumbnail","hentry","category-noticias","latest_post"],"_links":{"self":[{"href":"https:\/\/gilpimentel.com.br\/site\/wp-json\/wp\/v2\/posts\/51756","targetHints":{"allow":["GET"]}}],"collection":[{"href":"https:\/\/gilpimentel.com.br\/site\/wp-json\/wp\/v2\/posts"}],"about":[{"href":"https:\/\/gilpimentel.com.br\/site\/wp-json\/wp\/v2\/types\/post"}],"author":[{"embeddable":true,"href":"https:\/\/gilpimentel.com.br\/site\/wp-json\/wp\/v2\/users\/2"}],"replies":[{"embeddable":true,"href":"https:\/\/gilpimentel.com.br\/site\/wp-json\/wp\/v2\/comments?post=51756"}],"version-history":[{"count":1,"href":"https:\/\/gilpimentel.com.br\/site\/wp-json\/wp\/v2\/posts\/51756\/revisions"}],"predecessor-version":[{"id":51758,"href":"https:\/\/gilpimentel.com.br\/site\/wp-json\/wp\/v2\/posts\/51756\/revisions\/51758"}],"wp:featuredmedia":[{"embeddable":true,"href":"https:\/\/gilpimentel.com.br\/site\/wp-json\/wp\/v2\/media\/51757"}],"wp:attachment":[{"href":"https:\/\/gilpimentel.com.br\/site\/wp-json\/wp\/v2\/media?parent=51756"}],"wp:term":[{"taxonomy":"category","embeddable":true,"href":"https:\/\/gilpimentel.com.br\/site\/wp-json\/wp\/v2\/categories?post=51756"},{"taxonomy":"post_tag","embeddable":true,"href":"https:\/\/gilpimentel.com.br\/site\/wp-json\/wp\/v2\/tags?post=51756"}],"curies":[{"name":"wp","href":"https:\/\/api.w.org\/{rel}","templated":true}]}}