{"id":51700,"date":"2026-09-04T01:00:18","date_gmt":"2026-09-04T04:00:18","guid":{"rendered":"https:\/\/gilpimentel.com.br\/site\/?p=51700"},"modified":"2026-09-03T20:01:12","modified_gmt":"2026-09-03T23:01:12","slug":"sabores-do-pampa-completa-experiencia-enoturistica-da-vinicola-almaden","status":"publish","type":"post","link":"https:\/\/gilpimentel.com.br\/site\/sabores-do-pampa-completa-experiencia-enoturistica-da-vinicola-almaden\/","title":{"rendered":"SABORES DO PAMPA\u2019 COMPLETA EXPERI\u00caNCIA ENOTUR\u00cdSTICA DA VIN\u00cdCOLA ALMAD\u00c9N  \u00a0"},"content":{"rendered":"<p><em>Vin\u00edcola de Santana do Livramento estreia no domingo, dia 6, programa\u00e7\u00e3o que une fogo, vinho e gastronomia em celebra\u00e7\u00e3o \u00e0 cultura ga\u00facha<\/em><\/p>\n<p>No Pampa, vinho, fogo e gastronomia compartilham a mesma hist\u00f3ria: a conex\u00e3o com a terra, os costumes e o modo de viver o territ\u00f3rio. \u00c9 dessa integra\u00e7\u00e3o que nasce o \u201cSabores do Pampa\u201d, nova experi\u00eancia enotur\u00edstica da Vin\u00edcola Almad\u00e9n, em Santana do Livramento. Criada em celebra\u00e7\u00e3o ao M\u00eas do Ga\u00facho, a atra\u00e7\u00e3o estreia no pr\u00f3ximo domingo, dia 6, e segue nos dias 13, 20 e 27 de setembro, agregando gastronomia regional \u00e0 jornada dos visitantes.<\/p>\n<p>Durante os domingos de setembro, o p\u00fablico poder\u00e1 desfrutar de almo\u00e7o em meio \u00e0 paisagem caracter\u00edstica da regi\u00e3o, tendo o fogo e o vinho como elementos centrais da experi\u00eancia. \u00c0 mesa, a proposta valoriza a gastronomia regional e uma de suas express\u00f5es mais emblem\u00e1ticas: o tradicional churrasco ga\u00facho, preparado no fogo de ch\u00e3o e acompanhado pelos vinhos elaborados no pr\u00f3prio territ\u00f3rio. A cada domingo, a experi\u00eancia ganha uma identidade pr\u00f3pria, com diferentes preparos e sabores, criando novos motivos para retornar \u00e0 vin\u00edcola ao longo do m\u00eas.<\/p>\n<p>Com a assinatura \u201cFogo, Vinho, Cultura Ga\u00facha\u201d, o Sabores do Pampa conecta gastronomia, territ\u00f3rio e identidade em uma \u00e9poca especialmente simb\u00f3lica para o Rio Grande do Sul. A cultura ga\u00facha aparece n\u00e3o apenas no prato, mas na rela\u00e7\u00e3o com o fogo, na hospitalidade, nos costumes e na pr\u00f3pria paisagem que cerca a Almad\u00e9n.<\/p>\n<p>Para o gerente de Enoturismo da Miolo Wine Group, Juliano Cristofolli, a proposta \u00e9 ampliar as possibilidades de vivenciar a Campanha Ga\u00facha a partir daquilo que \u00e9 genu\u00edno do territ\u00f3rio. \u201cQueremos que o visitante tenha tempo para estar aqui, contemplar a paisagem, conhecer nossos vinhedos, provar os vinhos, sentar \u00e0 mesa e viver a cultura da Campanha Ga\u00facha. A gastronomia amplia essa experi\u00eancia e cria novos motivos para permanecer na regi\u00e3o e tamb\u00e9m para voltar. O Sabores do Pampa nasce com esse prop\u00f3sito: transformar o almo\u00e7o em parte da descoberta do territ\u00f3rio\u201d, destaca.<\/p>\n<p>A programa\u00e7\u00e3o de setembro tamb\u00e9m sinaliza um movimento que ter\u00e1 continuidade. A proposta da vin\u00edcola \u00e9 manter os almo\u00e7os aos finais de semana nos pr\u00f3ximos meses, aos s\u00e1bados e domingos, e avan\u00e7ar na cria\u00e7\u00e3o de outras experi\u00eancias, incluindo jantares especiais.<\/p>\n<p>Mais tempo para viver a Campanha Ga\u00facha<\/p>\n<p>A novidade acompanha um momento de desenvolvimento do enoturismo na Campanha Ga\u00facha, regi\u00e3o que vem ampliando sua oferta de experi\u00eancias e fortalecendo sua voca\u00e7\u00e3o como destino do vinho. Ao agregar gastronomia \u00e0 visita\u00e7\u00e3o, a Almad\u00e9n busca contribuir para que o visitante encontre novas raz\u00f5es n\u00e3o apenas para conhecer a regi\u00e3o, mas para permanecer mais tempo nela.<\/p>\n<p>A proposta passa por transformar a visita \u00e0 vin\u00edcola em uma viv\u00eancia mais completa do territ\u00f3rio. Vinhedos, paisagem, vinho, gastronomia e cultura se encontram para contar, juntos, a hist\u00f3ria de um lugar cuja identidade est\u00e1 profundamente relacionada ao campo e \u00e0 fronteira.<\/p>\n<p>A Almad\u00e9n, uma das cinco vin\u00edcolas que integram a Miolo Wine Group, est\u00e1 instalada em Santana do Livramento, na Campanha Ga\u00facha, onde mant\u00e9m o maior e mais antigo vinhedo de\u00a0<em>vitis vin\u00edfera<\/em>\u00a0do Brasil. Implantado na d\u00e9cada de 1970, o vinhedo ocupa uma extensa \u00e1rea de 450 hectares em meio \u00e0 paisagem caracter\u00edstica do Pampa e guarda parte importante da hist\u00f3ria da vitivinicultura brasileira. \u00c9 nesse cen\u00e1rio, onde vinho, territ\u00f3rio e hist\u00f3ria se encontram, que a Almad\u00e9n vem ampliando sua atua\u00e7\u00e3o no enoturismo, criando novas formas de aproximar o visitante n\u00e3o apenas dos vinhos ali elaborados, mas da cultura e do modo de viver da Campanha Ga\u00facha.<\/p>\n<p>SERVI\u00c7O<\/p>\n<p>O que:\u00a0Sabores do Pampa \u2013 Especial M\u00eas Farroupilha<\/p>\n<p>Quando: domingos de setembro \u2013 6, 13, 20 e 27 de setembro<\/p>\n<p>Onde: Vin\u00edcola Almad\u00e9n \u2013 Santana do Livramento (RS)<\/p>\n<p>Atra\u00e7\u00f5es: Gastronomia de fogo de ch\u00e3o e parrilla<\/p>\n<p>Formato: Almo\u00e7o com vinhos por consuma\u00e7\u00e3o<\/p>\n<p>Informa\u00e7\u00f5es e reservas: WhatsApp (55) 9 9100-0309 (Fronteir\u00edssimo)<\/p>\n<p>&nbsp;<\/p>\n<p>&nbsp;<\/p>\n","protected":false},"excerpt":{"rendered":"<p>Vin\u00edcola de Santana do Livramento estreia no domingo, dia 6, programa\u00e7\u00e3o que une fogo, vinho e gastronomia em celebra\u00e7\u00e3o \u00e0 cultura ga\u00facha No Pampa, vinho, &hellip; <\/p>\n","protected":false},"author":2,"featured_media":51701,"comment_status":"closed","ping_status":"closed","sticky":false,"template":"","format":"standard","meta":{"footnotes":""},"categories":[2],"tags":[],"class_list":["post-51700","post","type-post","status-publish","format-standard","has-post-thumbnail","hentry","category-noticias","latest_post"],"_links":{"self":[{"href":"https:\/\/gilpimentel.com.br\/site\/wp-json\/wp\/v2\/posts\/51700","targetHints":{"allow":["GET"]}}],"collection":[{"href":"https:\/\/gilpimentel.com.br\/site\/wp-json\/wp\/v2\/posts"}],"about":[{"href":"https:\/\/gilpimentel.com.br\/site\/wp-json\/wp\/v2\/types\/post"}],"author":[{"embeddable":true,"href":"https:\/\/gilpimentel.com.br\/site\/wp-json\/wp\/v2\/users\/2"}],"replies":[{"embeddable":true,"href":"https:\/\/gilpimentel.com.br\/site\/wp-json\/wp\/v2\/comments?post=51700"}],"version-history":[{"count":1,"href":"https:\/\/gilpimentel.com.br\/site\/wp-json\/wp\/v2\/posts\/51700\/revisions"}],"predecessor-version":[{"id":51702,"href":"https:\/\/gilpimentel.com.br\/site\/wp-json\/wp\/v2\/posts\/51700\/revisions\/51702"}],"wp:featuredmedia":[{"embeddable":true,"href":"https:\/\/gilpimentel.com.br\/site\/wp-json\/wp\/v2\/media\/51701"}],"wp:attachment":[{"href":"https:\/\/gilpimentel.com.br\/site\/wp-json\/wp\/v2\/media?parent=51700"}],"wp:term":[{"taxonomy":"category","embeddable":true,"href":"https:\/\/gilpimentel.com.br\/site\/wp-json\/wp\/v2\/categories?post=51700"},{"taxonomy":"post_tag","embeddable":true,"href":"https:\/\/gilpimentel.com.br\/site\/wp-json\/wp\/v2\/tags?post=51700"}],"curies":[{"name":"wp","href":"https:\/\/api.w.org\/{rel}","templated":true}]}}