{"id":51692,"date":"2026-09-04T00:05:52","date_gmt":"2026-09-04T03:05:52","guid":{"rendered":"https:\/\/gilpimentel.com.br\/site\/?p=51692"},"modified":"2026-09-03T19:04:25","modified_gmt":"2026-09-03T22:04:25","slug":"omio-registra-aumento-de-98-na-demanda-por-viagens-para-o-rio-de-janeiro-antes-do-rock-in-rio","status":"publish","type":"post","link":"https:\/\/gilpimentel.com.br\/site\/omio-registra-aumento-de-98-na-demanda-por-viagens-para-o-rio-de-janeiro-antes-do-rock-in-rio\/","title":{"rendered":"OMIO REGISTRA AUMENTO DE 98% NA DEMANDA POR VIAGENS PARA O RIO DE JANEIRO ANTES DO ROCK IN RIO"},"content":{"rendered":"<p>Dados da Omio mostram que S\u00e3o Paulo e Belo Horizonte s\u00e3o as principais cidades de origem dos viajantes que v\u00e3o ao Rio durante o fim de semana de abertura do festival<\/p>\n<p>Desde 1985, o Rock in Rio se consolida como um dos maiores festivais de m\u00fasica do Brasil e at\u00e9 mesmo do mundo, atraindo milhares de visitantes nacionais e de outros pa\u00edses ao Rio de Janeiro, impulsionando o turismo e a atividade comercial local, al\u00e9m de aumentar significativamente a demanda por viagens para assistir a shows ao vivo de artistas de destaque.<\/p>\n<p>Em rela\u00e7\u00e3o aos turistas que v\u00e3o ao Rio de Janeiro de 3 a 6 de setembro, a Omio, plataforma l\u00edder global em reservas de viagens multimodais, mostra que o festival est\u00e1 impulsionando a demanda por viagens tanto no Brasil quanto no exterior. De acordo com a empresa, as buscas por viagens \u00e0 cidade aumentaram 98%\u00b9, em compara\u00e7\u00e3o com o per\u00edodo de 27 a 29 de agosto, com base nas buscas realizadas nos meses de junho, julho e agosto.<\/p>\n<p>As principais cidades de origem foram S\u00e3o Paulo e Belo Horizonte, mas o interesse pelo Rio se estendeu muito al\u00e9m do Brasil, com a Omio registrando buscas de usu\u00e1rios em mais de 40 pa\u00edses em todo o mundo\u00b2. Um estudo da Funda\u00e7\u00e3o Get\u00falio Vargas (FGV) indicou que a edi\u00e7\u00e3o deste ano deve gerar R$ 3,3 bilh\u00f5es para a economia da cidade e criar aproximadamente 34 mil empregos.<\/p>\n<p>Para Vitor Lalor, Diretor Geral da Omio Brasil, \u201co Rock in Rio se tornou parte da hist\u00f3ria e da identidade do Rio de Janeiro, transformando a cidade em um palco global que atrai viajantes de todo o pa\u00eds e do mundo inteiro. A presen\u00e7a de artistas ic\u00f4nicos refor\u00e7a o apelo internacional do festival e incentiva os visitantes a vivenciar n\u00e3o apenas as apresenta\u00e7\u00f5es, mas tamb\u00e9m tudo o que o Rio de Janeiro tem a oferecer\u201d, afirma.<\/p>\n<p>\u00c0 medida que as experi\u00eancias culturais e de entretenimento continuam a moldar o comportamento dos viajantes e a impulsionar o turismo nacional e internacional, os viajantes veem nesses festivais uma grande oportunidade de mergulhar em experi\u00eancias culturais \u00fanicas, o que tamb\u00e9m atrai o interesse internacional.<\/p>\n<p>Sobre a Omio<\/p>\n<p>Fundado em 2013, o Omio Group ajuda viajantes a descobrir novas formas de viajar. Por meio de suas plataformas Omio e Rome2Rio, o grupo \u00e9 l\u00edder global em buscas, compara\u00e7\u00f5es e reservas de viagens multimodais, integrando trens, \u00f4nibus, voos e balsas. A Omio tamb\u00e9m oferece solu\u00e7\u00f5es B2B para OTAs e provedores de mobilidade. Presente na Europa, nos Estados Unidos, no Canad\u00e1, no Sudeste Asi\u00e1tico e no Brasil, a empresa vende mais de 80 mil passagens por dia, conta com mais de 430 colaboradores de mais de 50 nacionalidades e mant\u00e9m escrit\u00f3rios em Berlim, Praga, Melbourne, Bangalore e Singapura.<\/p>\n<p>Para mais informa\u00e7\u00f5es, acesse omio.com.<\/p>\n<p>Baixe o aplicativo Omio no Google Play ou na App Store.<\/p>\n<p>\u00b9Dados da Omio em 1\u00ba de setembro de 2026.<\/p>\n<p>\u00b2Aumento percentual nas buscas por viagens para o Rio de Janeiro entre 3 e 5 de setembro, em compara\u00e7\u00e3o com o per\u00edodo de 27 a 29 de agosto.<\/p>\n<p>&nbsp;<\/p>\n<p>&nbsp;<\/p>\n<p>&nbsp;<\/p>\n<p>&nbsp;<\/p>\n<p>&nbsp;<\/p>\n<p>&nbsp;<\/p>\n","protected":false},"excerpt":{"rendered":"<p>Dados da Omio mostram que S\u00e3o Paulo e Belo Horizonte s\u00e3o as principais cidades de origem dos viajantes que v\u00e3o ao Rio durante o fim &hellip; <\/p>\n","protected":false},"author":2,"featured_media":51693,"comment_status":"closed","ping_status":"closed","sticky":false,"template":"","format":"standard","meta":{"footnotes":""},"categories":[2],"tags":[],"class_list":["post-51692","post","type-post","status-publish","format-standard","has-post-thumbnail","hentry","category-noticias","latest_post"],"_links":{"self":[{"href":"https:\/\/gilpimentel.com.br\/site\/wp-json\/wp\/v2\/posts\/51692","targetHints":{"allow":["GET"]}}],"collection":[{"href":"https:\/\/gilpimentel.com.br\/site\/wp-json\/wp\/v2\/posts"}],"about":[{"href":"https:\/\/gilpimentel.com.br\/site\/wp-json\/wp\/v2\/types\/post"}],"author":[{"embeddable":true,"href":"https:\/\/gilpimentel.com.br\/site\/wp-json\/wp\/v2\/users\/2"}],"replies":[{"embeddable":true,"href":"https:\/\/gilpimentel.com.br\/site\/wp-json\/wp\/v2\/comments?post=51692"}],"version-history":[{"count":1,"href":"https:\/\/gilpimentel.com.br\/site\/wp-json\/wp\/v2\/posts\/51692\/revisions"}],"predecessor-version":[{"id":51694,"href":"https:\/\/gilpimentel.com.br\/site\/wp-json\/wp\/v2\/posts\/51692\/revisions\/51694"}],"wp:featuredmedia":[{"embeddable":true,"href":"https:\/\/gilpimentel.com.br\/site\/wp-json\/wp\/v2\/media\/51693"}],"wp:attachment":[{"href":"https:\/\/gilpimentel.com.br\/site\/wp-json\/wp\/v2\/media?parent=51692"}],"wp:term":[{"taxonomy":"category","embeddable":true,"href":"https:\/\/gilpimentel.com.br\/site\/wp-json\/wp\/v2\/categories?post=51692"},{"taxonomy":"post_tag","embeddable":true,"href":"https:\/\/gilpimentel.com.br\/site\/wp-json\/wp\/v2\/tags?post=51692"}],"curies":[{"name":"wp","href":"https:\/\/api.w.org\/{rel}","templated":true}]}}