{"id":51682,"date":"2026-09-03T04:46:04","date_gmt":"2026-09-03T07:46:04","guid":{"rendered":"https:\/\/gilpimentel.com.br\/site\/?p=51682"},"modified":"2026-09-03T18:39:04","modified_gmt":"2026-09-03T21:39:04","slug":"exposicao-celebra-centenario-no-espaco-512","status":"publish","type":"post","link":"https:\/\/gilpimentel.com.br\/site\/exposicao-celebra-centenario-no-espaco-512\/","title":{"rendered":"EXPOSI\u00c7\u00c3O CELEBRA \u201cCENTEN\u00c1RIO\u201d NO ESPA\u00c7O 512"},"content":{"rendered":"<p>Marinelsa Geyer, com obras que retratam a capital ga\u00facha, abre programa\u00e7\u00e3o para comemorar os cem anos da casa que abriga um dos mais ecl\u00e9ticos e democr\u00e1ticos espa\u00e7os culturais de Porto Alegre.<\/p>\n<p>Dois centen\u00e1rios comemorados em uma \u00fanica casa. Com a exposi\u00e7\u00e3o \u201cCenten\u00e1rio\u201d, a artista visual Marinelsa Geyer abre a temporada de atra\u00e7\u00f5es para celebrar os cem anos do endere\u00e7o que recebe o Espa\u00e7o Cultural 512, localizado no bo\u00eamio bairro da Cidade Baixa. O vernissage, com entrada franca, ser\u00e1 na quarta-feira, 9 de setembro, \u00e0s 19h, na Rua Jo\u00e3o Alfredo, 512.<\/p>\n<p>Na exposi\u00e7\u00e3o \u201cCenten\u00e1rio\u201d, em homenagem a Bento Azevedo de Oliveira, um vision\u00e1rio cuja trajet\u00f3ria se entrela\u00e7a \u00e0 hist\u00f3ria e \u00e0 transforma\u00e7\u00e3o de Porto Alegre, Marinelsa tece um s\u00e9culo de mem\u00f3rias, fios e hist\u00f3rias em mais de 20 obras, organizadas pela artista t\u00eaxtil L\u00facia Guaspari. Em tecidos bordados, pinturas, colagens e fragmentos de imagens, a artista costura diferentes tempos da capital ga\u00facha. O fio atravessa o tecido como a mem\u00f3ria atravessa as gera\u00e7\u00f5es; a pintura resgata paisagens; a colagem aproxima peda\u00e7os de uma cidade que nunca deixa de se transformar.<\/p>\n<p>Dois s\u00e9culos que convergem<\/p>\n<p>A mostra marca tamb\u00e9m a retomada das origens do pr\u00f3prio Espa\u00e7o Cultural 512. &#8220;Nossa hist\u00f3ria iniciou em 1999, quando um grupo de amigos decidiu criar um ateli\u00ea na Rua Jo\u00e3o Alfredo, n\u00ba. 512. Al\u00e9m de local de trabalho e cria\u00e7\u00e3o art\u00edstica, o 512 sempre acolheu diversas atividades culturais, sociais e educativas. Em outubro de 2006, o Espa\u00e7o Cultural 512 abriu suas portas ao p\u00fablico proporcionando a arte da gastronomia com muita criatividade, bom gosto e simpatia\u201d, contam os s\u00f3cios Guilherme Carlin e Rafael Corte, que tamb\u00e9m celebram os 20 anos do bar em Porto Alegre.<\/p>\n<p>Assim como nas mem\u00f3rias tecidas em \u201cCenten\u00e1rio\u201d por Marinelsa Geyer, a pr\u00f3pria casa, que \u00e9 sede do Espa\u00e7o Cultural 512, torna-se parte da narrativa: um s\u00e9culo de exist\u00eancia acolhendo outro s\u00e9culo de hist\u00f3rias.<\/p>\n<p>A artista<\/p>\n<p>Marinelsa Geyer transforma as tramas em arte desde 2002. Com mestres como Vera Becker, Renato Inbroisi, Francisca Dalabona e Silvia Dumont, a artista viu suas cria\u00e7\u00f5es ocuparem espa\u00e7os em 25 mostras coletivas no Estado e fora dele. No ano passado, as obras de Marinelsa integraram a exposi\u00e7\u00e3o \u201cAs \u00c1guas Selvagens\u201d, no Museu do Pa\u00e7o, em Porto Alegre. Este ano, tamb\u00e9m participou da \u201cEntre Tempos\u201d, que segue em cartaz no Museu do Imigrante, em Bento Gon\u00e7alves. Ambas as exposi\u00e7\u00f5es com curadoria de Ana Zavadil. \u201cCenten\u00e1rio\u201d j\u00e1 esteve na C\u00e2mara Municipal de Porto Alegre, em 2023, como parte das comemora\u00e7\u00f5es dos cem anos da Imobili\u00e1ria Bento Azevedo de Oliveira.<\/p>\n<p>Exposi\u00e7\u00e3o \u201cCenten\u00e1rio\u201d<\/p>\n<p>Artista: Marinelsa Geyer<\/p>\n<p>Local: Espa\u00e7o Cultural 512<\/p>\n<p>Endere\u00e7o: Rua Jo\u00e3o Alfredo, 512 \u2013 Cidade Baixa<\/p>\n<p>Vernissage: 9 de setembro, \u00e0s 19h<\/p>\n<p>Per\u00edodo da exposi\u00e7\u00e3o: de 9 de setembro at\u00e9 9 de outubro<\/p>\n<p>Entrada franca<\/p>\n","protected":false},"excerpt":{"rendered":"<p>Marinelsa Geyer, com obras que retratam a capital ga\u00facha, abre programa\u00e7\u00e3o para comemorar os cem anos da casa que abriga um dos mais ecl\u00e9ticos e &hellip; <\/p>\n","protected":false},"author":2,"featured_media":51683,"comment_status":"closed","ping_status":"closed","sticky":false,"template":"","format":"standard","meta":{"footnotes":""},"categories":[2],"tags":[],"class_list":["post-51682","post","type-post","status-publish","format-standard","has-post-thumbnail","hentry","category-noticias","latest_post"],"_links":{"self":[{"href":"https:\/\/gilpimentel.com.br\/site\/wp-json\/wp\/v2\/posts\/51682","targetHints":{"allow":["GET"]}}],"collection":[{"href":"https:\/\/gilpimentel.com.br\/site\/wp-json\/wp\/v2\/posts"}],"about":[{"href":"https:\/\/gilpimentel.com.br\/site\/wp-json\/wp\/v2\/types\/post"}],"author":[{"embeddable":true,"href":"https:\/\/gilpimentel.com.br\/site\/wp-json\/wp\/v2\/users\/2"}],"replies":[{"embeddable":true,"href":"https:\/\/gilpimentel.com.br\/site\/wp-json\/wp\/v2\/comments?post=51682"}],"version-history":[{"count":1,"href":"https:\/\/gilpimentel.com.br\/site\/wp-json\/wp\/v2\/posts\/51682\/revisions"}],"predecessor-version":[{"id":51684,"href":"https:\/\/gilpimentel.com.br\/site\/wp-json\/wp\/v2\/posts\/51682\/revisions\/51684"}],"wp:featuredmedia":[{"embeddable":true,"href":"https:\/\/gilpimentel.com.br\/site\/wp-json\/wp\/v2\/media\/51683"}],"wp:attachment":[{"href":"https:\/\/gilpimentel.com.br\/site\/wp-json\/wp\/v2\/media?parent=51682"}],"wp:term":[{"taxonomy":"category","embeddable":true,"href":"https:\/\/gilpimentel.com.br\/site\/wp-json\/wp\/v2\/categories?post=51682"},{"taxonomy":"post_tag","embeddable":true,"href":"https:\/\/gilpimentel.com.br\/site\/wp-json\/wp\/v2\/tags?post=51682"}],"curies":[{"name":"wp","href":"https:\/\/api.w.org\/{rel}","templated":true}]}}