{"id":51662,"date":"2026-09-03T02:10:06","date_gmt":"2026-09-03T05:10:06","guid":{"rendered":"https:\/\/gilpimentel.com.br\/site\/?p=51662"},"modified":"2026-09-03T18:01:57","modified_gmt":"2026-09-03T21:01:57","slug":"de-importadora-a-ecossistema-goods-br-reposiciona-suas-marcas-as-vesperas-de-completar-20-anos","status":"publish","type":"post","link":"https:\/\/gilpimentel.com.br\/site\/de-importadora-a-ecossistema-goods-br-reposiciona-suas-marcas-as-vesperas-de-completar-20-anos\/","title":{"rendered":"DE IMPORTADORA A ECOSSISTEMA: GOODS BR REPOSICIONA SUAS MARCAS \u00c0S V\u00c9SPERAS DE COMPLETAR 20 ANOS"},"content":{"rendered":"<p>Em evento realizado no P\u00e1tio Goods Br, em Gramado\/RS, a empresa reapresentou a integra\u00e7\u00e3o entre suas frentes de atua\u00e7\u00e3o, atualizou n\u00fameros da trajet\u00f3ria e revelou o Olympic Terrace, seu mais novo empreendimento imobili\u00e1rio no Vale das Montanhas.<\/p>\n<p>A poucos meses de completar duas d\u00e9cadas de hist\u00f3ria, o grupo empresarial ga\u00facho Goods Br reuniu clientes, parceiros e imprensa no P\u00e1tio Goods Br, em Gramado, na noite de 2 de setembro, para reapresentar publicamente a integra\u00e7\u00e3o entre as marcas e frentes de atua\u00e7\u00e3o que hoje comp\u00f5em a empresa. O evento, batizado como \u201cGoods Br &#8211; Ecossistema em Harmonia\u201d, reuniu depoimentos dos tr\u00eas diretores que hoje conduzem a empresa &#8211; Josu\u00e9 Neumann Spengler, Tha\u00eds Luft Neumann e Mateus Secco Neumann &#8211; e culminou na revela\u00e7\u00e3o do Olympic Terrace, novo empreendimento da Goods Br Empreendimentos.<\/p>\n<p>Da V\u00e1rzea Grande para o mundo<\/p>\n<p>A Goods Br nasceu em 2007, no bairro V\u00e1rzea Grande, em Gramado, como uma empresa voltada \u00e0 importa\u00e7\u00e3o e distribui\u00e7\u00e3o de m\u00f3veis e itens de decora\u00e7\u00e3o. Entre 2008 e 2019, seus fundadores &#8211; incluindo Marcelo Neumann &#8211; realizaram mais de 30 viagens \u00e0 China, com mais de 25 dias cada uma, somando mais de 700 dias no pa\u00eds, o equivalente a quase dois anos. A empresa tamb\u00e9m buscou fornecedores, conhecimento e refer\u00eancias na \u00cdndia, na Indon\u00e9sia, na Tail\u00e2ndia, na Fran\u00e7a, na Alemanha, na It\u00e1lia e nos Estados Unidos.<\/p>\n<p>Mais de 100 feiras e uma das fundadoras da ABCasa<\/p>\n<p>Ao longo dessa trajet\u00f3ria, a empresa somou mais de 100 participa\u00e7\u00f5es em feiras do setor, entre elas Gift Fair, ABUP, ABIMAD, ABCasa Fair e o Sal\u00e3o de Gramado. Foi na \u00e9poca da Gift Fair que a Goods Br se tornou uma das dez empresas fundadoras da ABCasa, hoje a maior associa\u00e7\u00e3o setorial da Am\u00e9rica Latina, com 850 associados. Nas feiras, a empresa tamb\u00e9m construiu reputa\u00e7\u00e3o por estandes tem\u00e1ticos, uma marca registrada que, segundo Josu\u00e9 Neumann Spengler, ajudou a aproximar a Goods Br de lojistas e visitantes. \u201cAs pessoas podem at\u00e9 esquecer aquilo que viram, mas dificilmente esquecem aquilo que viveram\u201d, destaca Spengler.<\/p>\n<p>Faturamento de R$ 350 milh\u00f5es, empregos diretos e impostos gerados<\/p>\n<p>Segundo a empresa, a trajet\u00f3ria inclui o atendimento a mais de 7 mil lojistas em todo o pa\u00eds, com mais de 1 milh\u00e3o de pe\u00e7as comercializadas, al\u00e9m de mais de 150 empregos diretos em determinados per\u00edodos. O faturamento acumulado \u00e9 estimado pela pr\u00f3pria empresa em aproximadamente R$ 350 milh\u00f5es, com mais de R$ 50 milh\u00f5es em impostos federais e estaduais recolhidos neste per\u00edodo &#8211; n\u00fameros apenas da Goods Br.<\/p>\n<p>Um ecossistema, v\u00e1rias frentes de neg\u00f3cio<\/p>\n<p>Hoje, a Goods Br descreve sua atua\u00e7\u00e3o como um ecossistema organizado em unidades de neg\u00f3cio. A Goods Br responde pelo atacado, varejo e fabrica\u00e7\u00e3o pr\u00f3pria de m\u00f3veis e decora\u00e7\u00e3o, incluindo uma opera\u00e7\u00e3o multimarcas com mais de 20 fornecedores nacionais e internacionais. A G20, bra\u00e7o de execu\u00e7\u00e3o e marcenaria do grupo, d\u00e1 suporte \u00e0 produ\u00e7\u00e3o sob medida de diferentes frentes. Entre elas a FullHome, que une a capacidade de execu\u00e7\u00e3o da Goods Br e da G20 \u00e0 atua\u00e7\u00e3o da arquiteta Tha\u00eds Luft Neumann, oferecendo projetos de interiores e entrega no conceito turnkey (chave na m\u00e3o).<\/p>\n<p>A Goods Br Empreendimentos concentra o desenvolvimento imobili\u00e1rio do grupo, com o Olympic House como primeiro projeto e o rec\u00e9m-revelado Olympic Terrace como sua aposta mais recente. E o P\u00e1tio Goods Br, no centro de Gramado, re\u00fane parte dessas frentes ao lado de marcas parceiras, como a italiana Natuzzi Editions e a opera\u00e7\u00e3o gastron\u00f4mica Santa Clarita.<\/p>\n<p>Da distribui\u00e7\u00e3o ao desenvolvimento imobili\u00e1rio<\/p>\n<p>A entrada da Goods Br no mercado imobili\u00e1rio come\u00e7ou com o Olympic House, empreendimento localizado em frente \u00e0 Vila Ol\u00edmpica, no Vale das Montanhas. Segundo o discurso de Tha\u00eds Luft Neumann no evento, o projeto teve 56 apartamentos e 12 salas comerciais comercializados &#8211; 68 unidades ao todo, 100% vendidas. \u201cO Olympic House foi uma quebra de paradigmas para a Goods Br e principalmente para o Vale das Montanhas\u201d, declarou Tha\u00eds.<\/p>\n<p>A Goods Br Empreendimentos decidiu apresentar, na mesma noite, o Olympic Terrace, novo empreendimento batizado sob o conceito &#8220;Horizonte como legado&#8221;. Erguido ao lado do Olympic House, no Vale das Montanhas, o empreendimento reunir\u00e1 apartamentos que v\u00e3o de 76m\u00b2 a 237m\u00b2, com terra\u00e7os privativos, vista permanente para o vale e espa\u00e7os sociais em terra\u00e7os condominiais. &#8220;Pensado para fam\u00edlias que almejam espa\u00e7o, qualidade de vida e que entendem o privil\u00e9gio de viver conectadas a tudo aquilo que nossa regi\u00e3o oferece&#8221;, resumiu Mateus Neumann ao revelar o projeto.<\/p>\n<p>Educa\u00e7\u00e3o tamb\u00e9m entra no ecossistema<\/p>\n<p>O grupo confirmou ainda o avan\u00e7o do Col\u00e9gio Bom Jesus em Gramado, projeto que Tha\u00eds Luft Neumann descreveu como \u201c100% aprovado\u201d e \u201c100% estruturado\u201d, com \u00e1rea j\u00e1 adquirida e condi\u00e7\u00f5es para in\u00edcio imediato de obra. Segundo a empresa, o projeto conta com 64 fra\u00e7\u00f5es de investimento, das quais 12 j\u00e1 haviam sido adquiridas at\u00e9 a data do evento. \u201cIsso representa uma oportunidade de investimento, al\u00e9m da possibilidade de participar da constru\u00e7\u00e3o de um legado para Gramado. Um legado de educa\u00e7\u00e3o, de valores, de forma\u00e7\u00e3o e de futuro para as pr\u00f3ximas gera\u00e7\u00f5es\u201d, ressaltou Tha\u00eds.<\/p>\n<p>Territ\u00f3rio, mem\u00f3ria e sucess\u00e3o<\/p>\n<p>O evento tamb\u00e9m refor\u00e7ou o compromisso da Goods Br com o Vale das Montanhas, incluindo a restaura\u00e7\u00e3o da Sociedade Ipiranga &#8211; que completa 80 anos em 12 de dezembro, data em que o grupo promete o \u201cBaile Origem\u201d &#8211; e o resgate de duas locomotivas hist\u00f3ricas. \u201cN\u00e3o \u00e9 apenas uma locomotiva voltando a funcionar. \u00c9 a nossa hist\u00f3ria dizendo que ainda est\u00e1 viva\u201d, pontuou Josu\u00e9 Neumann Spengler. Coube a Mateus Neumann apresentar a leitura urbana do grupo sobre a regi\u00e3o, incluindo um novo complexo em fase de projeto no entorno do futuro Col\u00e9gio Bom Jesus, com mais de 450 unidades habitacionais e comerciais previstas.<\/p>\n<p>\u201cO Vale das Montanhas \u00e9 um n\u00facleo urbano historicamente j\u00e1 consolidado de Gramado, um local com uma voca\u00e7\u00e3o especial. Enquanto o centro tem naturalmente uma presen\u00e7a tur\u00edstica muito intensa, o Vale das Montanhas possui todas as condi\u00e7\u00f5es para acolher cada vez melhor quem vive em Gramado&#8221;, completa Neumann.<\/p>\n<p>Siga as marcas do Grupo Goods Br no Instagram:<\/p>\n<p>Goods Br: https:\/\/www.instagram.com\/goodsbr\/<\/p>\n<p>P\u00e1tio Goods Br: https:\/\/www.instagram.com\/patio.goodsbr\/<\/p>\n<p>Goods Br Empreendimentos: https:\/\/www.instagram.com\/goodsbrempreendimentos\/<\/p>\n<p>FullHome: https:\/\/www.instagram.com\/fullhomegoodsbr\/<\/p>\n<p>Natuzzi Editions: https:\/\/www.instagram.com\/goodsbr.natuzzi.gramado\/<\/p>\n<p>&nbsp;<\/p>\n<p>&nbsp;<\/p>\n<p>&nbsp;<\/p>\n","protected":false},"excerpt":{"rendered":"<p>Em evento realizado no P\u00e1tio Goods Br, em Gramado\/RS, a empresa reapresentou a integra\u00e7\u00e3o entre suas frentes de atua\u00e7\u00e3o, atualizou n\u00fameros da trajet\u00f3ria e revelou &hellip; <\/p>\n","protected":false},"author":2,"featured_media":51663,"comment_status":"closed","ping_status":"closed","sticky":false,"template":"","format":"standard","meta":{"footnotes":""},"categories":[2],"tags":[],"class_list":["post-51662","post","type-post","status-publish","format-standard","has-post-thumbnail","hentry","category-noticias","latest_post"],"_links":{"self":[{"href":"https:\/\/gilpimentel.com.br\/site\/wp-json\/wp\/v2\/posts\/51662","targetHints":{"allow":["GET"]}}],"collection":[{"href":"https:\/\/gilpimentel.com.br\/site\/wp-json\/wp\/v2\/posts"}],"about":[{"href":"https:\/\/gilpimentel.com.br\/site\/wp-json\/wp\/v2\/types\/post"}],"author":[{"embeddable":true,"href":"https:\/\/gilpimentel.com.br\/site\/wp-json\/wp\/v2\/users\/2"}],"replies":[{"embeddable":true,"href":"https:\/\/gilpimentel.com.br\/site\/wp-json\/wp\/v2\/comments?post=51662"}],"version-history":[{"count":1,"href":"https:\/\/gilpimentel.com.br\/site\/wp-json\/wp\/v2\/posts\/51662\/revisions"}],"predecessor-version":[{"id":51664,"href":"https:\/\/gilpimentel.com.br\/site\/wp-json\/wp\/v2\/posts\/51662\/revisions\/51664"}],"wp:featuredmedia":[{"embeddable":true,"href":"https:\/\/gilpimentel.com.br\/site\/wp-json\/wp\/v2\/media\/51663"}],"wp:attachment":[{"href":"https:\/\/gilpimentel.com.br\/site\/wp-json\/wp\/v2\/media?parent=51662"}],"wp:term":[{"taxonomy":"category","embeddable":true,"href":"https:\/\/gilpimentel.com.br\/site\/wp-json\/wp\/v2\/categories?post=51662"},{"taxonomy":"post_tag","embeddable":true,"href":"https:\/\/gilpimentel.com.br\/site\/wp-json\/wp\/v2\/tags?post=51662"}],"curies":[{"name":"wp","href":"https:\/\/api.w.org\/{rel}","templated":true}]}}