{"id":51647,"date":"2026-09-02T21:44:44","date_gmt":"2026-09-03T00:44:44","guid":{"rendered":"https:\/\/gilpimentel.com.br\/site\/?p=51647"},"modified":"2026-09-02T21:44:44","modified_gmt":"2026-09-03T00:44:44","slug":"festival-gauchos-divulga-programacao-e-anuncia-chimas-parade-como-novidade","status":"publish","type":"post","link":"https:\/\/gilpimentel.com.br\/site\/festival-gauchos-divulga-programacao-e-anuncia-chimas-parade-como-novidade\/","title":{"rendered":"FESTIVAL GA\u00daCHOS DIVULGA PROGRAMA\u00c7\u00c3O E ANUNCIA CHIMA\u2019S PARADE COMO NOVIDADE"},"content":{"rendered":"<p><em>De 5 a 20 de setembro, durante o Acampamento Farroupilha, Porto Alegre sedia evento que se conecta aos destinos e \u00e0 cultura do Rio Grande do Sul<\/em><\/p>\n<p>O\u00a0Festival Ga\u00fachos\u00a0chega \u00e0 3\u00aa\u00a0edi\u00e7\u00e3o e\u00a0ter\u00e1\u00a0Porto Alegre como um dos centros\u00a0de uma programa\u00e7\u00e3o que mescla turismo, cultura, gastronomia e economia regional. De\u00a05 a 20 de setembro, em paralelo ao Acampamento Farroupilha,\u00a0o\u00a0Parque Harmonia\u00a0sedia as atra\u00e7\u00f5es\u00a0abertas ao p\u00fablico\u00a0e passa a atuar como eixo de uma rede que se estende por destinos como a Serra\u00a0(Gramado, Canela, Bento Gon\u00e7alves, S\u00e3o Francisco de Paula e Cambar\u00e1 do Sul)\u00a0e\u00a0apresenta\u00a0outras\u00a0cidades\u00a0do estado (Bag\u00e9, Pelotas, Torres e Uruguaiana).<\/p>\n<p>A\u00a0antiga Churrascaria\u00a0Cultura Ga\u00facha\u00a0ser\u00e1 a nova sede do evento, agora com o nome\u00a0Quer\u00eancia Festival Ga\u00fachos. Com\u00a0programa\u00e7\u00f5es gratuitas, o\u00a0espa\u00e7o\u00a0funcionar\u00e1\u00a0de quinta a domingo\u00a0(10h \u00e0s 22h),\u00a0como\u00a0ponto de encontro para experi\u00eancias gastron\u00f4micas, ativa\u00e7\u00f5es art\u00edsticas e parte da programa\u00e7\u00e3o. A abertura oficial\u00a0acontece\u00a0em\u00a010\u00a0de setembro, com a presen\u00e7a de autoridades,\u00a0apresenta\u00e7\u00f5es de artistas regionais e\u00a0cenografia tradicionalista.<\/p>\n<p>Cuias gigantes em\u00a0Porto Alegre<\/p>\n<p>A principal novidade de 2026 \u00e9 a\u00a0Chima\u2019s Parade, projeto que transforma um dos\u00a0principais\u00a0s\u00edmbolos da tradi\u00e7\u00e3o ga\u00facha em arte urbana. Quatro cuias gigantes, customizadas por artistas locais, ser\u00e3o instaladas em pontos tur\u00edsticos de Porto Alegre:\u00a0Parque Harmonia, Parque Moinhos de Vento, Parque da Reden\u00e7\u00e3o e Orla do Gas\u00f4metro.<\/p>\n<p>Com 2,20 metros de altura e cerca de 50 quilos cada, as pe\u00e7as formar\u00e3o um circuito art\u00edstico ao ar livre durante o per\u00edodo do Festival. Inspirada em exposi\u00e7\u00f5es urbanas que espalham esculturas de cuias\u00a0por diferentes \u00e1reas de uma cidade, a iniciativa cria pontos de visita\u00e7\u00e3o e intera\u00e7\u00e3o para moradores e turistas.<\/p>\n<p>A Chima\u2019s Parade ganha vida em parceria com a P\u00f3len \u2013 Arte em Movimento que, desde 2014, fomenta a cultura com a\u00e7\u00f5es em artes visuais contempor\u00e2neas e democratiza o acesso \u00e0 arte. O projeto tem a curadoria de Vin\u00edcius Amorim, com interven\u00e7\u00f5es art\u00edsticas de Alejandro Arnutti, Bruno Schilling, Paulo Corr\u00eaa e Bruna Rison.<\/p>\n<p>M\u00fasica, sabores e mem\u00f3ria no Parque Harmonia<\/p>\n<p>De\u00a05 a 20 de setembro, o p\u00fablico encontrar\u00e1 no Quer\u00eancia Festival Ga\u00fachos uma programa\u00e7\u00e3o dedicada \u00e0 m\u00fasica, artes, gastronomia e mem\u00f3ria. O palco principal ter\u00e1 apresenta\u00e7\u00f5es musicais e manifesta\u00e7\u00f5es art\u00edsticas.\u00a0A experi\u00eancia Mateando completar\u00e1 a programa\u00e7\u00e3o com atividades voltadas \u00e0 cultura do chimarr\u00e3o e aos encontros que se formam em torno da cuia.<\/p>\n<p>O\u00a0Cozinha Ga\u00facha, com curadoria do projeto Mesa Ga\u00facha,\u00a0apresentar\u00e1 a\u00a0diversidade gastron\u00f4mica das diferentes regi\u00f5es do Estado \u2014 Capital, Serra, Litoral Norte, Campanha e Regi\u00e3o Sul \u2014 com a presen\u00e7a de cozinheiros convidados.\u00a0Com participa\u00e7\u00e3o gratuita e acesso limitado por atividade,\u00a0ocorrer\u00e1 aos s\u00e1bados e domingos.<\/p>\n<p>Pensada para crian\u00e7as e fam\u00edlias, o\u00a0Piazada\u00a0recupera brincadeiras, jogos, hist\u00f3rias e experi\u00eancias inspiradas no universo rural. A proposta \u00e9 aproximar pais, filhos e av\u00f3s,\u00a0a partir\u00a0da viv\u00eancia\u00a0como canal\u00a0entre gera\u00e7\u00f5es. O\u00a0Cinema Ga\u00facho\u00a0exibir\u00e1 filmes, dois curtas-metragens com conte\u00fado ligado \u00e0 cultura local, ampliando o olhar do festival sobre mem\u00f3ria, paisagens e manifesta\u00e7\u00f5es do seu povo.<\/p>\n<p>Identidade ga\u00facha toma as ruas de Gramado<\/p>\n<p>Em Gramado, o Festival Ga\u00fachos preserva uma agenda dedicada \u00e0 cultura e \u00e0s tradi\u00e7\u00f5es do Rio Grande do Sul, com atra\u00e7\u00f5es\u00a0espalhadas por toda a cidade e com o mesmo per\u00edodo de dura\u00e7\u00e3o.\u00a0O\u00a0Espa\u00e7o Mateando\u00a0ocupar\u00e1 o Coreto\u00a0da Pra\u00e7a Major Nicoletti\u00a0com atividades sobre a erva-mate, o preparo do chimarr\u00e3o, a hist\u00f3ria do costume e os rituais. A atra\u00e7\u00e3o ser\u00e1 apenas nos fins de semana do evento (5 e 6, 12 e 13, 19 e 20 de setembro), das 10h \u00e0s 20h.<\/p>\n<p>Integrada ao fluxo tur\u00edstico,\u00a0o\u00a0Baile do\u00a0Borges\u00a0fechar\u00e1 a Av. Borges de Medeiros\u00a0para apresenta\u00e7\u00f5es de mais de 100 dan\u00e7arinos,\u00a0ocupando a\u00a0rua\u00a0ao som de m\u00fasicas tradicionalistas e\u00a0convidando\u00a0o\u00a0p\u00fablico a\u00a0interagir. A\u00a0atra\u00e7\u00e3o ocorre nos dias 12 e 13 de setembro, \u00e0s 11h e \u00e0s 15h.<\/p>\n<p>Nestes mesmos dias, a Rua Coberta receber\u00e1 o\u00a0Dan\u00e7a Rio Grande, encontro que reunir\u00e1 grupos e entidades tradicionalistas de diferentes\u00a0regi\u00f5es\u00a0do estado,\u00a0em apresenta\u00e7\u00f5es e momentos competitivos dedicados \u00e0s dan\u00e7as folcl\u00f3ricas ga\u00fachas, com reconhecimento e premia\u00e7\u00e3o aos participantes.\u00a0Uma\u00a0grande homenagem \u00e0 tradi\u00e7\u00e3o que passa de gera\u00e7\u00e3o em gera\u00e7\u00e3o.<\/p>\n<p>Cultura como rede de desenvolvimento<\/p>\n<p>Criado em 2024, ap\u00f3s as enchentes que atingiram o\u00a0estado, o Festival Ga\u00fachos nasceu com a inten\u00e7\u00e3o de fazer da cultura um vetor de reconstru\u00e7\u00e3o e pertencimento. Na primeira edi\u00e7\u00e3o, realizada em Gramado, movimentou R$ 3 milh\u00f5es. No ano seguinte, j\u00e1 ampliado para outras cidades da Serra Ga\u00facha, reuniu mais de 200 mil participantes e gerou impacto econ\u00f4mico de R$ 4,5 milh\u00f5es.<\/p>\n<p>A realiza\u00e7\u00e3o \u00e9 do Instituto RSNasce, Capacit\u00e0 Eventos e Grupo Austral, com apoio da Darte Entretenimento, Mesa Ga\u00facha, Somos RS e Parque Harmonia. Apresenta\u00e7\u00e3o do Governo do Estado do Rio Grande do Sul e patroc\u00ednio do Banrisul, CMPC e Nacional G\u00e1s.<\/p>\n<p>SERVI\u00c7O<\/p>\n<p><em>Festival Ga\u00fachos 2026 | Programa\u00e7\u00e3o<\/em><\/p>\n<p><a href=\"http:\/\/www.instagram.com\/festivalgauchos\" data-saferedirecturl=\"https:\/\/www.google.com\/url?q=http:\/\/www.instagram.com\/festivalgauchos&amp;source=gmail&amp;ust=1788457360994000&amp;usg=AOvVaw12faFANz_xZ2pcZ-q04mbf\"><em>www.instagram.com\/festivalgauchos<\/em><\/a><em>\u00a0\u00a0\u00a0<\/em><\/p>\n<p><em>\u00a0<\/em><\/p>\n<p>&nbsp;<\/p>\n<p>&nbsp;<\/p>\n<p>&nbsp;<\/p>\n","protected":false},"excerpt":{"rendered":"<p>De 5 a 20 de setembro, durante o Acampamento Farroupilha, Porto Alegre sedia evento que se conecta aos destinos e \u00e0 cultura do Rio Grande &hellip; <\/p>\n","protected":false},"author":2,"featured_media":51648,"comment_status":"closed","ping_status":"closed","sticky":false,"template":"","format":"standard","meta":{"footnotes":""},"categories":[2],"tags":[],"class_list":["post-51647","post","type-post","status-publish","format-standard","has-post-thumbnail","hentry","category-noticias","latest_post"],"_links":{"self":[{"href":"https:\/\/gilpimentel.com.br\/site\/wp-json\/wp\/v2\/posts\/51647","targetHints":{"allow":["GET"]}}],"collection":[{"href":"https:\/\/gilpimentel.com.br\/site\/wp-json\/wp\/v2\/posts"}],"about":[{"href":"https:\/\/gilpimentel.com.br\/site\/wp-json\/wp\/v2\/types\/post"}],"author":[{"embeddable":true,"href":"https:\/\/gilpimentel.com.br\/site\/wp-json\/wp\/v2\/users\/2"}],"replies":[{"embeddable":true,"href":"https:\/\/gilpimentel.com.br\/site\/wp-json\/wp\/v2\/comments?post=51647"}],"version-history":[{"count":1,"href":"https:\/\/gilpimentel.com.br\/site\/wp-json\/wp\/v2\/posts\/51647\/revisions"}],"predecessor-version":[{"id":51649,"href":"https:\/\/gilpimentel.com.br\/site\/wp-json\/wp\/v2\/posts\/51647\/revisions\/51649"}],"wp:featuredmedia":[{"embeddable":true,"href":"https:\/\/gilpimentel.com.br\/site\/wp-json\/wp\/v2\/media\/51648"}],"wp:attachment":[{"href":"https:\/\/gilpimentel.com.br\/site\/wp-json\/wp\/v2\/media?parent=51647"}],"wp:term":[{"taxonomy":"category","embeddable":true,"href":"https:\/\/gilpimentel.com.br\/site\/wp-json\/wp\/v2\/categories?post=51647"},{"taxonomy":"post_tag","embeddable":true,"href":"https:\/\/gilpimentel.com.br\/site\/wp-json\/wp\/v2\/tags?post=51647"}],"curies":[{"name":"wp","href":"https:\/\/api.w.org\/{rel}","templated":true}]}}