{"id":51627,"date":"2026-09-03T00:30:54","date_gmt":"2026-09-03T03:30:54","guid":{"rendered":"https:\/\/gilpimentel.com.br\/site\/?p=51627"},"modified":"2026-09-02T21:58:39","modified_gmt":"2026-09-03T00:58:39","slug":"guarida-conquista-1o-lugar-no-premio-excelencia-em-gestao-de-pessoas","status":"publish","type":"post","link":"https:\/\/gilpimentel.com.br\/site\/guarida-conquista-1o-lugar-no-premio-excelencia-em-gestao-de-pessoas\/","title":{"rendered":"GUARIDA CONQUISTA 1\u00ba LUGAR NO PR\u00caMIO EXCEL\u00caNCIA EM GEST\u00c3O DE PESSOAS"},"content":{"rendered":"<p>Empresa foi reconhecida na categoria Seguran\u00e7a, Facilities e Servi\u00e7os Especializados e se destacou entre 122 organiza\u00e7\u00f5es<\/p>\n<p>O Grupo Guarida conquistou o 1\u00ba lugar na categoria Seguran\u00e7a, Facilities e Servi\u00e7os Especializados da 6\u00aa edi\u00e7\u00e3o do Pr\u00eamio Excel\u00eancia em Gest\u00e3o de Pessoas, promovido pelo Grupo Gest\u00e3o RH em parceria com o FGV In Company. A cerim\u00f4nia de premia\u00e7\u00e3o foi realizada recentemente, em S\u00e3o Paulo, e reuniu organiza\u00e7\u00f5es de diferentes segmentos. Nesta edi\u00e7\u00e3o, 122 empresas foram classificadas.<\/p>\n<p>O reconhecimento destaca organiza\u00e7\u00f5es que colocam as pessoas no centro de suas estrat\u00e9gias e se sobressaem por iniciativas e pr\u00e1ticas voltadas \u00e0 gest\u00e3o, ao desenvolvimento e \u00e0 valoriza\u00e7\u00e3o do capital humano.<\/p>\n<p>Para o Grupo Guarida, a conquista representa o reconhecimento de um trabalho constru\u00eddo coletivamente e refor\u00e7a a import\u00e2ncia das pessoas como parte fundamental da cultura e da estrat\u00e9gia da empresa. \u201cCuidar das pessoas tamb\u00e9m \u00e9 construir a experi\u00eancia que queremos entregar aos nossos clientes. \u00c9 por meio delas que transformamos prop\u00f3sito em atitudes, relacionamentos e entregas\u201d, destaca a Diretora de Gente e Gest\u00e3o do Grupo Guarida, D\u00e9a Machado, que representou a organiza\u00e7\u00e3o durante a cerim\u00f4nia.<\/p>\n<p>Sobre a Guarida<\/p>\n<p>Com 49 anos no mercado, o Grupo Guarida presta servi\u00e7os no ramo imobili\u00e1rio por meio da administra\u00e7\u00e3o de condom\u00ednios, alugu\u00e9is e venda de im\u00f3veis, al\u00e9m de produtos que complementam seu portf\u00f3lio como seguros e solu\u00e7\u00f5es financeiras. O Grupo est\u00e1 presente em Porto Alegre, no litoral ga\u00facho e em mais oito estados da federa\u00e7\u00e3o. Com cinco ag\u00eancias f\u00edsicas e uma plataforma digital, antecipa tend\u00eancias atrav\u00e9s de forte investimento em pessoas e tecnologia. A Guarida j\u00e1 conquistou diversas premia\u00e7\u00f5es e reconhecimentos ao longo de sua trajet\u00f3ria.<\/p>\n<p>&nbsp;<\/p>\n<p>&nbsp;<\/p>\n<p>&nbsp;<\/p>\n<p>&nbsp;<\/p>\n<p>&nbsp;<\/p>\n<p>&nbsp;<\/p>\n<p>&nbsp;<\/p>\n","protected":false},"excerpt":{"rendered":"<p>Empresa foi reconhecida na categoria Seguran\u00e7a, Facilities e Servi\u00e7os Especializados e se destacou entre 122 organiza\u00e7\u00f5es O Grupo Guarida conquistou o 1\u00ba lugar na categoria &hellip; <\/p>\n","protected":false},"author":2,"featured_media":51628,"comment_status":"closed","ping_status":"closed","sticky":false,"template":"","format":"standard","meta":{"footnotes":""},"categories":[2],"tags":[],"class_list":["post-51627","post","type-post","status-publish","format-standard","has-post-thumbnail","hentry","category-noticias","latest_post"],"_links":{"self":[{"href":"https:\/\/gilpimentel.com.br\/site\/wp-json\/wp\/v2\/posts\/51627","targetHints":{"allow":["GET"]}}],"collection":[{"href":"https:\/\/gilpimentel.com.br\/site\/wp-json\/wp\/v2\/posts"}],"about":[{"href":"https:\/\/gilpimentel.com.br\/site\/wp-json\/wp\/v2\/types\/post"}],"author":[{"embeddable":true,"href":"https:\/\/gilpimentel.com.br\/site\/wp-json\/wp\/v2\/users\/2"}],"replies":[{"embeddable":true,"href":"https:\/\/gilpimentel.com.br\/site\/wp-json\/wp\/v2\/comments?post=51627"}],"version-history":[{"count":1,"href":"https:\/\/gilpimentel.com.br\/site\/wp-json\/wp\/v2\/posts\/51627\/revisions"}],"predecessor-version":[{"id":51629,"href":"https:\/\/gilpimentel.com.br\/site\/wp-json\/wp\/v2\/posts\/51627\/revisions\/51629"}],"wp:featuredmedia":[{"embeddable":true,"href":"https:\/\/gilpimentel.com.br\/site\/wp-json\/wp\/v2\/media\/51628"}],"wp:attachment":[{"href":"https:\/\/gilpimentel.com.br\/site\/wp-json\/wp\/v2\/media?parent=51627"}],"wp:term":[{"taxonomy":"category","embeddable":true,"href":"https:\/\/gilpimentel.com.br\/site\/wp-json\/wp\/v2\/categories?post=51627"},{"taxonomy":"post_tag","embeddable":true,"href":"https:\/\/gilpimentel.com.br\/site\/wp-json\/wp\/v2\/tags?post=51627"}],"curies":[{"name":"wp","href":"https:\/\/api.w.org\/{rel}","templated":true}]}}