{"id":51624,"date":"2026-09-03T03:01:45","date_gmt":"2026-09-03T06:01:45","guid":{"rendered":"https:\/\/gilpimentel.com.br\/site\/?p=51624"},"modified":"2026-09-03T18:09:05","modified_gmt":"2026-09-03T21:09:05","slug":"onibus-palco-chega-a-veranopolis-reunindo-atividades-gratuitas-de-teatro-danca-musica-literatura-e-cinema","status":"publish","type":"post","link":"https:\/\/gilpimentel.com.br\/site\/onibus-palco-chega-a-veranopolis-reunindo-atividades-gratuitas-de-teatro-danca-musica-literatura-e-cinema\/","title":{"rendered":"\u00d4NIBUS-PALCO CHEGA A VERAN\u00d3POLIS REUNINDO ATIVIDADES GRATUITAS DE TEATRO, DAN\u00c7A, M\u00daSICA, LITERATURA E CINEMA"},"content":{"rendered":"<p>Projeto do Banrisul Cultural em parceria com a Funda\u00e7\u00e3o Marcopolo estaciona na Rua Coberta na quarta-feira, 9 de setembro, promovendo espet\u00e1culos, oficinas, exibi\u00e7\u00e3o de filmes e uma feira de economia criativa, das 8h30 \u00e0s 21h.<\/p>\n<p>Projeto itinerante que tem percorrido o Rio Grande do Sul levando atividades de arte e educa\u00e7\u00e3o, o Cultura que Circula chega a Veran\u00f3polis no dia 9 de setembro, quarta-feira, para promover um dia inteiro de oficinas, espet\u00e1culos e atividades de artes visuais, dan\u00e7a, literatura, teatro, m\u00fasica, cinema, economia criativa e educa\u00e7\u00e3o financeira. Realizado pelo Banrisul Cultural e a Funda\u00e7\u00e3o Marcopolo, a iniciativa \u00e9 gratuita, voltada a p\u00fablicos de diferentes faixas et\u00e1rias, e acontece das 8h30 \u00e0s 21h, em um \u00f4nibus-palco desenvolvido especialmente para a a\u00e7\u00e3o, que ficar\u00e1 estacionado na Rua Coberta, ao lado da Pra\u00e7a Central XV de Novembro.<\/p>\n<div id=\"m#msg-f:1875226235933341629\" class=\"mail-message expanded\">\n<div id=\"m#msg-f:1875226235933341629-content\" class=\"mail-message-content collapsible zoom-normal mail-show-images \">\n<div class=\"clear\">\n<div dir=\"ltr\">\n<div>\n<p dir=\"ltr\">Mais de 20 artistas e demais profissionais das artes, de diferentes localidades do Estado, participam. A agenda da manh\u00e3 e da tarde foi pensada principalmente para as crian\u00e7as e inclui o espet\u00e1culo infantil in\u00e9dito A Gema do Ovo da Ema, criado para o Cultura que Circula pelo Grupo Ritornelo de Teatro, de Passo Fundo, a partir da obra da escritora Sylvia Orthof. Outro destaque \u00e9 o Projeto Kombina, que promover\u00e1 atividades baseadas no livro A Semente, da escritora porto-alegrense Chris Dias, reunindo conta\u00e7\u00e3o de hist\u00f3rias e jogos educativos conduzidos por arte-educadores e brincadores profissionais para estimular a criatividade, o racioc\u00ednio l\u00f3gico e o trabalho em equipe.<\/p>\n<p dir=\"ltr\">Haver\u00e1 ainda apresenta\u00e7\u00e3o do espet\u00e1culo Rimo Livros, do rapper e escritor Chiquinho Divilas, de Caxias do Sul, fazendo uma leitura rimada de obras que leu e recomenda. Completam a programa\u00e7\u00e3o diurna um espet\u00e1culo de breaking e uma jam session com o grupo Restinga Crew, de Porto Alegre, e uma oficina de arte urbana e pintura em grafite com o artista visual caxiense Felipe Borges, conhecido como Eti Black.<\/p>\n<p dir=\"ltr\">A partir das 13h30, uma feira reunir\u00e1 empreendedores locais, valorizando a economia criativa e estimulando a circula\u00e7\u00e3o de produtos e iniciativas da pr\u00f3pria comunidade. \u00c0 noite, a programa\u00e7\u00e3o ser\u00e1 voltada a toda a fam\u00edlia, com show da violinista, compositora e pesquisadora Clarissa Ferreira, nascida em Bag\u00e9, al\u00e9m de uma sess\u00e3o de cinema ao ar livre com tr\u00eas curtas-metragens da plataforma Sulflix, produzidos por realizadores ga\u00fachos.<\/p>\n<p dir=\"ltr\">Durante as atividades, o Cultura que Circula ainda distribuir\u00e1 a obra \u00c1gua turva, da escritora ga\u00facha Morgana Kretzmann. O livro, traduzido para seis idiomas, \u00e9 um thriller ecol\u00f3gico que se passa no Parque do Turvo e aborda temas de sustentabilidade e preserva\u00e7\u00e3o ambiental. O projeto tamb\u00e9m desenvolver\u00e1 a\u00e7\u00f5es que frisam a import\u00e2ncia da educa\u00e7\u00e3o financeira desde cedo, estimulando crian\u00e7as e adolescentes a desenvolverem a capacidade de fazer escolhas conscientes com o seu dinheiro.<\/p>\n<p dir=\"ltr\">Pr\u00f3ximas paradas<\/p>\n<p dir=\"ltr\">O programa itinerante percorrer\u00e1 todas as regi\u00f5es do Estado at\u00e9 2027, chegando a cidades com popula\u00e7\u00f5es entre 20 mil e 50 mil habitantes, que normalmente t\u00eam acesso restrito a atividades culturais. As pr\u00f3ximas paradas acontecem em S\u00e3o Louren\u00e7o do Sul (10 de novembro) e Cangu\u00e7u (12 de novembro). J\u00e1 em 2027, o projeto visitar\u00e1 Arroio Grande, Itaqui, Nonoai, Palmeira das Miss\u00f5es, Panambi, Rio Pardo, Ros\u00e1rio do Sul, Sobradinho, Tr\u00eas Passos e Torres.<\/p>\n<p dir=\"ltr\">\u201cPara que as manifesta\u00e7\u00f5es da nossa cultura sejam compartilhadas como um direito de cidadania e estejam acess\u00edveis a todos e todas, precisamos descentralizar. \u00c9 o que pretendemos com o \u00f4nibus-palco: facilitar a circula\u00e7\u00e3o de espet\u00e1culos e de outras atra\u00e7\u00f5es culturais pelo interior do Rio Grande do Sul\u201d, comenta Beatriz Araujo, diretora-geral do Banrisul Cultural.<\/p>\n<p dir=\"ltr\">\u201cA natureza da cultura \u00e9 a troca, ou melhor &#8211; trocas s\u00e3o essenciais para que a cultura siga seus caminhos que s\u00e3o crescer e se desenvolver. Neste programa, percorremos diversos caminhos do Estado promovendo encontros entre artistas populares e p\u00fablico, especialmente crian\u00e7as e jovens em idade escolar, ampliando seus repert\u00f3rios e inspirando-os com arte contempor\u00e2nea produzida no Rio Grande do Sul. Esse tamb\u00e9m \u00e9 um bonito encontro entre a tradi\u00e7\u00e3o de 37 anos da Funda\u00e7\u00e3o Marcopolo com a vitalidade do Banrisul Cultural\u201d, destaca Luciano Balen, gerente da Funda\u00e7\u00e3o Marcopolo.<\/p>\n<p dir=\"ltr\">Sobre o Banrisul Cultural<\/p>\n<p dir=\"ltr\">O Instituto Banrisul Cultural e Social \u00e9 uma institui\u00e7\u00e3o aut\u00f4noma, ligada ao Banrisul, criada para desenvolver projetos culturais e sociais com atua\u00e7\u00e3o cont\u00ednua e estruturada. Sua proposta se distingue das a\u00e7\u00f5es de patroc\u00ednio tradicionalmente realizadas pelo banco, voltadas ao apoio a iniciativas de terceiros. O Instituto nasce para conceber e executar programas pr\u00f3prios, com foco em acesso \u00e0 cultura, valoriza\u00e7\u00e3o da mem\u00f3ria, inclus\u00e3o e gera\u00e7\u00e3o de impacto duradouro em diferentes regi\u00f5es do Rio Grande do Sul.<\/p>\n<p dir=\"ltr\">Sobre a Funda\u00e7\u00e3o Marcopolo<\/p>\n<p dir=\"ltr\">A Funda\u00e7\u00e3o Marcopolo \u00e9 uma entidade sem fins lucrativos dedicada \u00e0 promo\u00e7\u00e3o do bem-estar social por meio de iniciativas que integram educa\u00e7\u00e3o, cultura, inova\u00e7\u00e3o, esporte e desenvolvimento humano. Com atua\u00e7\u00e3o voltada \u00e0 comunidade, desenvolve projetos que ampliam o acesso ao conhecimento, estimulam a criatividade, fortalecem a cidadania e promovem a inclus\u00e3o social. Entre suas iniciativas est\u00e3o a Biblioteca Parque, a Escola Marcopolo de Criatividade e o projeto O Futuro que Queremos.<\/p>\n<p dir=\"ltr\">Servi\u00e7o<\/p>\n<p dir=\"ltr\">Cultura que Circula em Veran\u00f3polis<br \/>\nPrograma do Banrisul Cultural e da Funda\u00e7\u00e3o Marcopolo<br \/>\nDia 9 de setembro, quarta-feira, das 8h30 \u00e0s 21h<br \/>\nRua Coberta, ao lado da Pra\u00e7a Central XV de Novembro (Centro &#8211; Veran\u00f3polis\/RS)<br \/>\nEntrada gratuita<\/p>\n<p>Cronograma de atividades<\/p>\n<p dir=\"ltr\">Manh\u00e3<br \/>\nDas 8h30 \u00e0s 9h20 &#8211; M\u00fasica e literatura: Espet\u00e1culo Rimo Livros e atividades de leitura, media\u00e7\u00e3o e cria\u00e7\u00e3o de rimas, com o rapper Chiquinho Divilas<br \/>\nDas 9h30 \u00e0s 10h20 &#8211; Dan\u00e7a: Espet\u00e1culo de breaking e jam session, com o grupo Restinga Crew<br \/>\nDas 10h30 \u00e0s 11h20 &#8211; Artes visuais: Oficina sobre arte urbana e pintura de pain\u00e9is em grafitti, com o arte-educador Eti Black<\/p>\n<p dir=\"ltr\">Tarde<br \/>\nDas 13h30 \u00e0s 20h &#8211; Economia Criativa: Feira com empreendedores locais<br \/>\nDas 14h \u00e0s 14h50 &#8211; Teatro: Apresenta\u00e7\u00e3o de A Gema do Ovo da Ema, espet\u00e1culo teatral especialmente criado para o Cultura que Circula, com o Grupo Ritornelo de Teatro<br \/>\nDas 15h \u00e0s 15h50 &#8211; Literatura: Conta\u00e7\u00e3o de hist\u00f3ria do livro A Semente, de Chris Dias, al\u00e9m de jogos, com o Projeto Kombina<\/p>\n<p>Noite<br \/>\nDas 18h30 \u00e0s 19h10 &#8211; M\u00fasica: Pocket show com a violinista, compositora e pesquisadora Clarissa Ferreira<br \/>\nDas 20h \u00e0s 21h &#8211; Cinema: Exibi\u00e7\u00e3o de tr\u00eas curtas-metragens de realizadores ga\u00fachos, com a plataforma Sulflix<\/p>\n<p dir=\"ltr\">Pr\u00f3ximas cidades confirmadas<br \/>\n10 de novembro &#8211; S\u00e3o Louren\u00e7o do Sul<br \/>\n12 de novembro &#8211; Cangu\u00e7u<br \/>\n2027 &#8211; Arroio Grande, Itaqui, Nonoai, Palmeira das Miss\u00f5es, Panambi, Rio Pardo, Ros\u00e1rio do Sul, Sobradinho, Tr\u00eas Passos e Torres<\/p>\n<p dir=\"ltr\">\n<\/div>\n<\/div>\n<\/div>\n<\/div>\n<\/div>\n","protected":false},"excerpt":{"rendered":"<p>Projeto do Banrisul Cultural em parceria com a Funda\u00e7\u00e3o Marcopolo estaciona na Rua Coberta na quarta-feira, 9 de setembro, promovendo espet\u00e1culos, oficinas, exibi\u00e7\u00e3o de filmes &hellip; <\/p>\n","protected":false},"author":2,"featured_media":51625,"comment_status":"closed","ping_status":"closed","sticky":false,"template":"","format":"standard","meta":{"footnotes":""},"categories":[2],"tags":[],"class_list":["post-51624","post","type-post","status-publish","format-standard","has-post-thumbnail","hentry","category-noticias","latest_post"],"_links":{"self":[{"href":"https:\/\/gilpimentel.com.br\/site\/wp-json\/wp\/v2\/posts\/51624","targetHints":{"allow":["GET"]}}],"collection":[{"href":"https:\/\/gilpimentel.com.br\/site\/wp-json\/wp\/v2\/posts"}],"about":[{"href":"https:\/\/gilpimentel.com.br\/site\/wp-json\/wp\/v2\/types\/post"}],"author":[{"embeddable":true,"href":"https:\/\/gilpimentel.com.br\/site\/wp-json\/wp\/v2\/users\/2"}],"replies":[{"embeddable":true,"href":"https:\/\/gilpimentel.com.br\/site\/wp-json\/wp\/v2\/comments?post=51624"}],"version-history":[{"count":2,"href":"https:\/\/gilpimentel.com.br\/site\/wp-json\/wp\/v2\/posts\/51624\/revisions"}],"predecessor-version":[{"id":51666,"href":"https:\/\/gilpimentel.com.br\/site\/wp-json\/wp\/v2\/posts\/51624\/revisions\/51666"}],"wp:featuredmedia":[{"embeddable":true,"href":"https:\/\/gilpimentel.com.br\/site\/wp-json\/wp\/v2\/media\/51625"}],"wp:attachment":[{"href":"https:\/\/gilpimentel.com.br\/site\/wp-json\/wp\/v2\/media?parent=51624"}],"wp:term":[{"taxonomy":"category","embeddable":true,"href":"https:\/\/gilpimentel.com.br\/site\/wp-json\/wp\/v2\/categories?post=51624"},{"taxonomy":"post_tag","embeddable":true,"href":"https:\/\/gilpimentel.com.br\/site\/wp-json\/wp\/v2\/tags?post=51624"}],"curies":[{"name":"wp","href":"https:\/\/api.w.org\/{rel}","templated":true}]}}