{"id":51615,"date":"2026-09-03T01:02:58","date_gmt":"2026-09-03T04:02:58","guid":{"rendered":"https:\/\/gilpimentel.com.br\/site\/?p=51615"},"modified":"2026-09-02T21:59:59","modified_gmt":"2026-09-03T00:59:59","slug":"meia-maratona-laghetto-reune-mais-de-800-atletas-e-consolida-prova-como-referencia-na-serra-gaucha","status":"publish","type":"post","link":"https:\/\/gilpimentel.com.br\/site\/meia-maratona-laghetto-reune-mais-de-800-atletas-e-consolida-prova-como-referencia-na-serra-gaucha\/","title":{"rendered":"MEIA MARATONA LAGHETTO RE\u00daNE MAIS DE 800 ATLETAS E CONSOLIDA PROVA COMO REFER\u00caNCIA NA SERRA GA\u00daCHA"},"content":{"rendered":"<p>Quinta edi\u00e7\u00e3o da corrida movimentou Gramado e Canela com participantes de diferentes regi\u00f5es do Brasil<\/p>\n<p>A quinta edi\u00e7\u00e3o da Meia Maratona Laghetto confirmou o crescimento da prova e reuniu mais de 800 atletas no \u00faltimo domingo (30), em Gramado. Promovido pela Rede Laghetto Hot\u00e9is, Resorts &amp; Experi\u00eancias, o evento levou corredores, familiares, turistas e parceiros \u00e0s ruas de Gramado e Canela, unindo esporte, turismo e experi\u00eancias em um dos principais destinos da Serra Ga\u00facha.<\/p>\n<p>A competi\u00e7\u00e3o, que come\u00e7ou com cerca de 200 participantes \u2014 em sua maioria colaboradores da pr\u00f3pria Rede Laghetto \u2014, chegou \u00e0 quinta edi\u00e7\u00e3o atraindo corredores de diferentes regi\u00f5es do pa\u00eds. O percurso entre Gramado e Canela foi um dos destaques da prova, proporcionando aos atletas uma experi\u00eancia esportiva em meio \u00e0s paisagens caracter\u00edsticas da Serra Ga\u00facha.<\/p>\n<p>Segundo a supervisora de Marketing da Rede Laghetto, Naira Cordeiro: \u201cA quinta edi\u00e7\u00e3o representa um momento muito especial para a Meia Maratona Laghetto. Come\u00e7amos com uma participa\u00e7\u00e3o muito menor e hoje temos mais de 800 atletas, mostrando que a prova conquistou seu espa\u00e7o e passou a fazer parte do calend\u00e1rio de corredores de diferentes regi\u00f5es do Brasil. Queremos que cada participante leve n\u00e3o apenas uma medalha, mas tamb\u00e9m uma experi\u00eancia especial da Serra Ga\u00facha\u201d.<\/p>\n<p>A programa\u00e7\u00e3o contou com provas de 21 km, 10 km e 5 km, al\u00e9m da corrida Kids. A estrutura montada na chegada tamb\u00e9m ampliou a experi\u00eancia dos participantes, com ativa\u00e7\u00f5es de marcas parceiras, espa\u00e7os da Unimed e Mat\u00e9ria Prima, \u00e1rea para fotos, DJ, degusta\u00e7\u00e3o de caf\u00e9 Telhado Azul e outras atra\u00e7\u00f5es.<\/p>\n<p>Outro destaque foi o kit entregue aos atletas, composto por itens de marcas e empresas da Serra Ga\u00facha. A proposta foi valorizar produtos locais e proporcionar aos participantes uma lembran\u00e7a da experi\u00eancia vivida em Gramado e Canela.<\/p>\n<p>Entre os convidados da edi\u00e7\u00e3o estiveram os influenciadores Livia Slaviero, Marco Matos e Rodrigo Rocha Duarte. L\u00edvia protagonizou um dos momentos especiais da prova ao completar sua 350\u00aa meia maratona. Os Bombeiros Mirins tamb\u00e9m participaram das corridas, refor\u00e7ando o car\u00e1ter de integra\u00e7\u00e3o e incentivo \u00e0 pr\u00e1tica esportiva.<\/p>\n<p>Resultados<\/p>\n<p>Nos 21 km feminino, o primeiro lugar ficou com Carol Bickel, com 1h32min09s, seguida por Emilene Mantovani Bortolotto (1h41min30s), Marcia Casagrande Pizzato (1h50min04s), Carolina Velho Pisani (1h51min13s) e Livia Slaviero (1h52min02s).<\/p>\n<p>No 21 km masculino, Daniel Valiatti foi o campe\u00e3o, com 1h17min56s. Gabriel Fontanive Dupont ficou em segundo (1h19min43s), Luis Gustavo Lodeia em terceiro (1h21min16s), Dirnei Zolim da Rocha em quarto (1h23min05s) e Maicon da Silva em quinto (1h25min28s).<\/p>\n<p>Nos 10 km feminino, Sophia Pierott venceu com 47min05s. Liocimare Oecksler foi a segunda colocada (50min41s), seguida por Ana Lucia dos Santos Barbosa (52min04s), Vanessa Graciana Dai (52min27s) e Vitoria Lacerda (52min37s).<\/p>\n<p>Entre os homens nos 10 km, Mauricio Vargas conquistou o primeiro lugar, com 37min17s. Guilherme Blauth foi segundo (37min23s), Gabriel Bosquetti terceiro (37min35s), Adelvan de Aguiar Alves quarto (42min53s) e Tiago Dalalba quinto (43min07s).<\/p>\n<p>Nos 5 km feminino, Greice Parenza foi a vencedora, com 20min06s, seguida por Roberta Andersson Amaral (22min01s), Chay Fernanda Benites (22min19s), Natalia dos Santos Gross (22min31s) e Mardilei Freire da Cruz (22min47s).<\/p>\n<p>Nos 5 km masculino, Patrike Sulzbach ficou em primeiro, com 16min28s. Alisson Chaves terminou em segundo (17min50s), Andrei Ferreira da Silva em terceiro (18min06s), Diogo Simonetto Netson em quarto (18min14s) e Lucas Joris Krause em quinto (18min40s).<\/p>\n<p>Os atletas do p\u00f3dio geral receberam kits exclusivos da Laghetto e ingressos para parques parceiros. Na categoria Kids, a premia\u00e7\u00e3o tamb\u00e9m contou com itens exclusivos da Rede e seus mascotes. Com mais de 800 participantes, a quinta edi\u00e7\u00e3o refor\u00e7ou a proposta da Meia Maratona Laghetto de transformar a corrida em uma experi\u00eancia que vai al\u00e9m do esporte, contribuindo tamb\u00e9m para movimentar o turismo e valorizar Gramado, Canela e a Serra Ga\u00facha.<\/p>\n<p>&nbsp;<\/p>\n","protected":false},"excerpt":{"rendered":"<p>Quinta edi\u00e7\u00e3o da corrida movimentou Gramado e Canela com participantes de diferentes regi\u00f5es do Brasil A quinta edi\u00e7\u00e3o da Meia Maratona Laghetto confirmou o crescimento &hellip; <\/p>\n","protected":false},"author":2,"featured_media":51616,"comment_status":"closed","ping_status":"closed","sticky":false,"template":"","format":"standard","meta":{"footnotes":""},"categories":[2],"tags":[],"class_list":["post-51615","post","type-post","status-publish","format-standard","has-post-thumbnail","hentry","category-noticias","latest_post"],"_links":{"self":[{"href":"https:\/\/gilpimentel.com.br\/site\/wp-json\/wp\/v2\/posts\/51615","targetHints":{"allow":["GET"]}}],"collection":[{"href":"https:\/\/gilpimentel.com.br\/site\/wp-json\/wp\/v2\/posts"}],"about":[{"href":"https:\/\/gilpimentel.com.br\/site\/wp-json\/wp\/v2\/types\/post"}],"author":[{"embeddable":true,"href":"https:\/\/gilpimentel.com.br\/site\/wp-json\/wp\/v2\/users\/2"}],"replies":[{"embeddable":true,"href":"https:\/\/gilpimentel.com.br\/site\/wp-json\/wp\/v2\/comments?post=51615"}],"version-history":[{"count":1,"href":"https:\/\/gilpimentel.com.br\/site\/wp-json\/wp\/v2\/posts\/51615\/revisions"}],"predecessor-version":[{"id":51617,"href":"https:\/\/gilpimentel.com.br\/site\/wp-json\/wp\/v2\/posts\/51615\/revisions\/51617"}],"wp:featuredmedia":[{"embeddable":true,"href":"https:\/\/gilpimentel.com.br\/site\/wp-json\/wp\/v2\/media\/51616"}],"wp:attachment":[{"href":"https:\/\/gilpimentel.com.br\/site\/wp-json\/wp\/v2\/media?parent=51615"}],"wp:term":[{"taxonomy":"category","embeddable":true,"href":"https:\/\/gilpimentel.com.br\/site\/wp-json\/wp\/v2\/categories?post=51615"},{"taxonomy":"post_tag","embeddable":true,"href":"https:\/\/gilpimentel.com.br\/site\/wp-json\/wp\/v2\/tags?post=51615"}],"curies":[{"name":"wp","href":"https:\/\/api.w.org\/{rel}","templated":true}]}}