{"id":51606,"date":"2026-09-03T00:12:13","date_gmt":"2026-09-03T03:12:13","guid":{"rendered":"https:\/\/gilpimentel.com.br\/site\/?p=51606"},"modified":"2026-09-02T20:16:02","modified_gmt":"2026-09-02T23:16:02","slug":"club-med-destaca-internacionalizacao-de-gramado-e-prepara-estrategia-de-marketing-para-novo-resort-exclusive-collection","status":"publish","type":"post","link":"https:\/\/gilpimentel.com.br\/site\/club-med-destaca-internacionalizacao-de-gramado-e-prepara-estrategia-de-marketing-para-novo-resort-exclusive-collection\/","title":{"rendered":"CLUB MED DESTACA INTERNACIONALIZA\u00c7\u00c3O DE GRAMADO E PREPARA ESTRAT\u00c9GIA DE MARKETING PARA NOVO RESORT EXCLUSIVE COLLECTION"},"content":{"rendered":"<p>Em visita ao Sirena Gramado, nova vice-presidente de Marketing do Club Med para Am\u00e9rica Latina destaca tr\u00eas pilares para a divulga\u00e7\u00e3o do projeto<\/p>\n<p>A nova vice-presidente de Marketing do Club Med para a Am\u00e9rica Latina, Rachele Montellano, visitou na sexta-feira (28) as obras do Club Med Exclusive Collection, empreendimento que integra o complexo Sirena Gramado. Recebida por Jaime Sirena, s\u00f3cio do Grupo Sirena e CEO do Sirena Gramado, a executiva conheceu o est\u00e1gio atual da implanta\u00e7\u00e3o e refor\u00e7ou a import\u00e2ncia estrat\u00e9gica de Gramado para a expans\u00e3o da marca na regi\u00e3o.<\/p>\n<p>Com a inaugura\u00e7\u00e3o prevista para novembro de 2027, o Club Med j\u00e1 trabalha na constru\u00e7\u00e3o da estrat\u00e9gia de comunica\u00e7\u00e3o e marketing para o empreendimento. De acordo com Rachele, a marca realiza, em conjunto com o Grupo Sirena, estudos sobre o perfil do viajante de Gramado, audi\u00eancia e h\u00e1bitos de consumo de m\u00eddia na regi\u00e3o.<\/p>\n<p>A estrat\u00e9gia ser\u00e1 estruturada em tr\u00eas pilares. O primeiro envolve rela\u00e7\u00f5es p\u00fablicas e live marketing, com a\u00e7\u00f5es presenciais em momentos relevantes do calend\u00e1rio tur\u00edstico da cidade. A inten\u00e7\u00e3o \u00e9 apresentar gradualmente o conceito do novo Club Med durante eventos e per\u00edodos de grande movimenta\u00e7\u00e3o, como P\u00e1scoa, inverno, Festival de Cinema e Natal Luz ao longo de 2027. O segundo pilar ser\u00e1 dedicado \u00e0s redes sociais, com participa\u00e7\u00e3o de influenciadores em a\u00e7\u00f5es voltadas \u00e0 apresenta\u00e7\u00e3o da experi\u00eancia do resort. J\u00e1 o terceiro ser\u00e1 concentrado em m\u00eddia, com campanhas direcionadas especialmente ao Sul, mas tamb\u00e9m \u00e0s regi\u00f5es Sudeste, Centro-Oeste, Norte e Nordeste.<\/p>\n<p>\u201cVamos fazer um investimento de m\u00eddia bem forte, nove meses antes, com a abertura das vendas, para que as pessoas tenham tempo de se organizar e programar a viagem ao Club Med Gramado com anteced\u00eancia\u201d, explica Rachele. &#8220;Sabemos que a procura ser\u00e1 grande e por isso estamos nos programando com antecipa\u00e7\u00e3o&#8221;. A proposta \u00e9 apresentar ao p\u00fablico, antes da abertura do empreendimento, o conceito do primeiro resort 100% Exclusive Collection do Club Med na Am\u00e9rica do Sul.<\/p>\n<p>Para Rachele, Gramado j\u00e1 possui uma posi\u00e7\u00e3o consolidada no turismo brasileiro e re\u00fane condi\u00e7\u00f5es para receber uma nova experi\u00eancia de hospitalidade. Segundo ela, \u201cGramado \u00e9 um case de sucesso em termos de hospitalidade e turismo. Queremos levar uma experi\u00eancia nova para a regi\u00e3o, aumentando ainda mais as op\u00e7\u00f5es e atra\u00e7\u00f5es da cidade. Ser\u00e1 o primeiro resort 100% Exclusive Collection da rede Club Med na Am\u00e9rica do Sul, uma nova experi\u00eancia de alto padr\u00e3o.\u201d<\/p>\n<p>Outro objetivo apontado pela executiva \u00e9 ampliar a presen\u00e7a de turistas estrangeiros no destino. Para ela, a chegada do Club Med pode contribuir para internacionalizar Gramado, levando o munic\u00edpio a um p\u00fablico que j\u00e1 conhece a marca em outros destinos. \u201cQueremos levar turistas internacionais para Gramado, que j\u00e1 \u00e9 um sucesso entre os turistas brasileiros. Nosso objetivo \u00e9 internacionalizar o destino\u201d, afirma.<\/p>\n<p>A implanta\u00e7\u00e3o do resort tamb\u00e9m dever\u00e1 gerar impactos no mercado de trabalho regional. Rachele ressalta que o projeto representa uma oportunidade de ampliar a oferta de empregos e investir na capacita\u00e7\u00e3o de profissionais de Gramado e das cidades do entorno. \u201cQueremos levar oportunidades de emprego e de capacita\u00e7\u00e3o profissional para a popula\u00e7\u00e3o local, movimentar a economia de Gramado e capacitar ainda mais os profissionais da regi\u00e3o e do entorno\u201d, acrescenta.<\/p>\n<p>\u201cEstamos alinhados com o Club Med para comunicar o empreendimento de maneira planejada, respeitando o ritmo da obra e valorizando os diferenciais de Gramado. Mais do que divulgar um novo resort, queremos apresentar ao mercado um projeto que agrega hospitalidade, entretenimento e novas oportunidades para o destino\u201d, destaca Jaime Sirena.<\/p>\n<p>Obras avan\u00e7am dentro do cronograma<\/p>\n<p>As obras do Club Med Exclusive Collection j\u00e1 alcan\u00e7aram 20% de execu\u00e7\u00e3o e seguem dentro do cronograma. O empreendimento iniciou sua trajet\u00f3ria em 2023, com a aquisi\u00e7\u00e3o da \u00e1rea, elabora\u00e7\u00e3o do masterplan e defini\u00e7\u00e3o dos tr\u00eas pilares que estruturam o Sirena Gramado: hotelaria, entretenimento e desenvolvimento imobili\u00e1rio.<\/p>\n<p>Ap\u00f3s a conclus\u00e3o dos projetos executivos, o canteiro entrou em ritmo acelerado de execu\u00e7\u00e3o. Uma das etapas mais complexas, o desmonte e a remo\u00e7\u00e3o de rochas para viabilizar as funda\u00e7\u00f5es, j\u00e1 foi superada. Alguns blocos contam com 100% das sapatas e pilares conclu\u00eddos, enquanto a obra avan\u00e7ou para a fabrica\u00e7\u00e3o e montagem da estrutura met\u00e1lica.<\/p>\n<p>A primeira fase do Club Med Exclusive Collection est\u00e1 prevista para ser entregue entre o final de 2027 e in\u00edcio de 2028 e dever\u00e1 incluir tamb\u00e9m a pista de esqui outdoor, uma das atra\u00e7\u00f5es in\u00e9ditas planejadas para o complexo.<\/p>\n<p>Para Jaime Sirena, a visita de Rachele refor\u00e7a a integra\u00e7\u00e3o entre o Grupo Sirena e o Club Med na constru\u00e7\u00e3o do novo empreendimento. \u201c\u00c9 muito importante receber a Rachele neste momento da obra e aproximar ainda mais as equipes. Estamos construindo n\u00e3o apenas um resort, mas um projeto que pretende ampliar a conex\u00e3o de Gramado com novos mercados e fortalecer o destino no cen\u00e1rio internacional\u201d, finaliza.<\/p>\n<p>&nbsp;<\/p>\n","protected":false},"excerpt":{"rendered":"<p>Em visita ao Sirena Gramado, nova vice-presidente de Marketing do Club Med para Am\u00e9rica Latina destaca tr\u00eas pilares para a divulga\u00e7\u00e3o do projeto A nova &hellip; <\/p>\n","protected":false},"author":2,"featured_media":51607,"comment_status":"closed","ping_status":"closed","sticky":false,"template":"","format":"standard","meta":{"footnotes":""},"categories":[2],"tags":[],"class_list":["post-51606","post","type-post","status-publish","format-standard","has-post-thumbnail","hentry","category-noticias","latest_post"],"_links":{"self":[{"href":"https:\/\/gilpimentel.com.br\/site\/wp-json\/wp\/v2\/posts\/51606","targetHints":{"allow":["GET"]}}],"collection":[{"href":"https:\/\/gilpimentel.com.br\/site\/wp-json\/wp\/v2\/posts"}],"about":[{"href":"https:\/\/gilpimentel.com.br\/site\/wp-json\/wp\/v2\/types\/post"}],"author":[{"embeddable":true,"href":"https:\/\/gilpimentel.com.br\/site\/wp-json\/wp\/v2\/users\/2"}],"replies":[{"embeddable":true,"href":"https:\/\/gilpimentel.com.br\/site\/wp-json\/wp\/v2\/comments?post=51606"}],"version-history":[{"count":1,"href":"https:\/\/gilpimentel.com.br\/site\/wp-json\/wp\/v2\/posts\/51606\/revisions"}],"predecessor-version":[{"id":51608,"href":"https:\/\/gilpimentel.com.br\/site\/wp-json\/wp\/v2\/posts\/51606\/revisions\/51608"}],"wp:featuredmedia":[{"embeddable":true,"href":"https:\/\/gilpimentel.com.br\/site\/wp-json\/wp\/v2\/media\/51607"}],"wp:attachment":[{"href":"https:\/\/gilpimentel.com.br\/site\/wp-json\/wp\/v2\/media?parent=51606"}],"wp:term":[{"taxonomy":"category","embeddable":true,"href":"https:\/\/gilpimentel.com.br\/site\/wp-json\/wp\/v2\/categories?post=51606"},{"taxonomy":"post_tag","embeddable":true,"href":"https:\/\/gilpimentel.com.br\/site\/wp-json\/wp\/v2\/tags?post=51606"}],"curies":[{"name":"wp","href":"https:\/\/api.w.org\/{rel}","templated":true}]}}