{"id":51581,"date":"2026-09-02T03:30:40","date_gmt":"2026-09-02T06:30:40","guid":{"rendered":"https:\/\/gilpimentel.com.br\/site\/?p=51581"},"modified":"2026-09-02T18:55:48","modified_gmt":"2026-09-02T21:55:48","slug":"evento-na-serra-reunira-paulo-guedes-erika-linhares-e-outros-nomes-de-destaque-nacional","status":"publish","type":"post","link":"https:\/\/gilpimentel.com.br\/site\/evento-na-serra-reunira-paulo-guedes-erika-linhares-e-outros-nomes-de-destaque-nacional\/","title":{"rendered":"EVENTO NA SERRA REUNIR\u00c1 PAULO GUEDES, ERIKA LINHARES E OUTROS NOMES DE DESTAQUE NACIONAL   \u00a0"},"content":{"rendered":"<p>Primeira edi\u00e7\u00e3o do Latitude, pelo SETCERGS, ocorre na pr\u00f3xima semana, com temas sobre lideran\u00e7a, inova\u00e7\u00e3o, gest\u00e3o e neg\u00f3cios das empresas<\/p>\n<div id=\"m#msg-f:1875234569833817849\" class=\"mail-message expanded\">\n<div id=\"m#msg-f:1875234569833817849-content\" class=\"mail-message-content collapsible zoom-normal mail-show-images \">\n<div class=\"clear\">\n<div dir=\"ltr\">\n<div class=\"gmail_quote\">\n<div dir=\"ltr\">\n<div>\n<p dir=\"ltr\">Empres\u00e1rios, gestores e l\u00edderes de diversos setores de atua\u00e7\u00e3o ter\u00e3o um espa\u00e7o para dialogar sobre tend\u00eancias, inova\u00e7\u00e3o, vendas, gest\u00e3o e vis\u00e3o estrat\u00e9gica de neg\u00f3cios.<\/p>\n<p dir=\"ltr\">O Latitude &#8211; um congresso Transposul, promovido pelo Sindicato das Empresas de Transportes de Carga e Log\u00edstica no RS &#8211; SETCERGS, acontece no dia 19 de setembro de 2026, em Garibaldi, na Serra Ga\u00facha. Os ingressos est\u00e3o \u00e0 venda no site do evento.<\/p>\n<p dir=\"ltr\">Com o tema voltado \u00e0 transforma\u00e7\u00e3o do mercado e ao posicionamento das empresas diante dos desafios futuros, o Latitude reunir\u00e1 palestrantes de proje\u00e7\u00e3o nacional. Entre os nomes j\u00e1 anunciados est\u00e1 Paulo Guedes, economista e PhD pela Universidade de Chicago, reconhecido por sua atua\u00e7\u00e3o no mercado financeiro e por sua vis\u00e3o sobre cen\u00e1rios econ\u00f4micos e empresariais.<\/p>\n<p dir=\"ltr\">Tamb\u00e9m participa Erika Linhares, executiva que contribuiu para a expans\u00e3o da TIM e para a lideran\u00e7a da companhia no mercado paulista, compartilhando experi\u00eancias sobre gest\u00e3o e crescimento corporativo. Outros destaques s\u00e3o a psic\u00f3loga, psicanalista, palestrante e autora do best-seller \u201cInvenc\u00edvel &#8211; A felicidade como uma escolha inegoci\u00e1vel\u201d Luciana Deretti, e Dado Schneider, doutor em Comunica\u00e7\u00e3o pela PUC-RS, criador da marca Claro e refer\u00eancia nacional em mudan\u00e7as comportamentais e rela\u00e7\u00f5es entre gera\u00e7\u00f5es. Completa a lista inicial de palestrantes Darlan Wilsmann, empreendedor e consultor que j\u00e1 realizou mais de 225 treinamentos comerciais em todo o Brasil, sendo reconhecido entre os principais palestrantes do pa\u00eds.<\/p>\n<p dir=\"ltr\">Foco em estrat\u00e9gia e conex\u00f5es<br \/>\nO Latitude foi criado para empres\u00e1rios e l\u00edderes que buscam ampliar sua vis\u00e3o de mercado, fortalecer conex\u00f5es e antecipar tend\u00eancias, independentemente da sua \u00e1rea de atua\u00e7\u00e3o. O evento, que \u00e9 multissetorial, vai al\u00e9m das palestras, e foi pensada para promover networking entre os participantes e troca de experi\u00eancias com convidados estrat\u00e9gicos.<\/p>\n<p dir=\"ltr\">Mais uma realiza\u00e7\u00e3o inovadora do SETCERGS, o Latitude amplia as iniciativas da entidade voltadas \u00e0 promo\u00e7\u00e3o de conhecimento, ao compartilhamento de tend\u00eancias e \u00e0 constru\u00e7\u00e3o de debates relevantes para o ambiente de neg\u00f3cios e ao desenvolvimento do Estado.<\/p>\n<p dir=\"ltr\">Servi\u00e7o<\/p>\n<p dir=\"ltr\">Evento: Latitude 2026<br \/>\nData: 19 de setembro de 2026<br \/>\nLocal: Plaza Hotel &amp; Boulevard Convention<br \/>\nCidade: Garibaldi<br \/>\nHor\u00e1rio: programa\u00e7\u00e3o completa a ser divulgada pela organiza\u00e7\u00e3o<br \/>\nP\u00fablico-alvo: empres\u00e1rios, gestores e l\u00edderes de diversos segmentos,<br \/>\nOs ingressos j\u00e1 est\u00e3o dispon\u00edveis no site oficial do evento:<a href=\"https:\/\/transposul.com\/latitude\/\" target=\"_blank\" rel=\"noopener noreferrer\" data-saferedirecturl=\"https:\/\/www.google.com\/url?q=https:\/\/transposul.com\/latitude\/&amp;source=gmail&amp;ust=1788457361110000&amp;usg=AOvVaw1dnt7gu8BtLypBuePRfgGA\"> https:\/\/transposul.com\/<wbr \/>latitude\/<\/a><\/p>\n<\/div>\n<div>\n<div class=\"gmail_signature\" dir=\"ltr\" data-smartmail=\"gmail_signature\">\n<div dir=\"ltr\"><\/div>\n<\/div>\n<\/div>\n<\/div>\n<\/div>\n<\/div>\n<\/div>\n<\/div>\n<div id=\"m#msg-f:1875234569833817849-footer\" class=\"mail-message-footer spacer collapsible\"><\/div>\n<\/div>\n","protected":false},"excerpt":{"rendered":"<p>Primeira edi\u00e7\u00e3o do Latitude, pelo SETCERGS, ocorre na pr\u00f3xima semana, com temas sobre lideran\u00e7a, inova\u00e7\u00e3o, gest\u00e3o e neg\u00f3cios das empresas Empres\u00e1rios, gestores e l\u00edderes de &hellip; <\/p>\n","protected":false},"author":2,"featured_media":51582,"comment_status":"closed","ping_status":"closed","sticky":false,"template":"","format":"standard","meta":{"footnotes":""},"categories":[2],"tags":[],"class_list":["post-51581","post","type-post","status-publish","format-standard","has-post-thumbnail","hentry","category-noticias","latest_post"],"_links":{"self":[{"href":"https:\/\/gilpimentel.com.br\/site\/wp-json\/wp\/v2\/posts\/51581","targetHints":{"allow":["GET"]}}],"collection":[{"href":"https:\/\/gilpimentel.com.br\/site\/wp-json\/wp\/v2\/posts"}],"about":[{"href":"https:\/\/gilpimentel.com.br\/site\/wp-json\/wp\/v2\/types\/post"}],"author":[{"embeddable":true,"href":"https:\/\/gilpimentel.com.br\/site\/wp-json\/wp\/v2\/users\/2"}],"replies":[{"embeddable":true,"href":"https:\/\/gilpimentel.com.br\/site\/wp-json\/wp\/v2\/comments?post=51581"}],"version-history":[{"count":2,"href":"https:\/\/gilpimentel.com.br\/site\/wp-json\/wp\/v2\/posts\/51581\/revisions"}],"predecessor-version":[{"id":51584,"href":"https:\/\/gilpimentel.com.br\/site\/wp-json\/wp\/v2\/posts\/51581\/revisions\/51584"}],"wp:featuredmedia":[{"embeddable":true,"href":"https:\/\/gilpimentel.com.br\/site\/wp-json\/wp\/v2\/media\/51582"}],"wp:attachment":[{"href":"https:\/\/gilpimentel.com.br\/site\/wp-json\/wp\/v2\/media?parent=51581"}],"wp:term":[{"taxonomy":"category","embeddable":true,"href":"https:\/\/gilpimentel.com.br\/site\/wp-json\/wp\/v2\/categories?post=51581"},{"taxonomy":"post_tag","embeddable":true,"href":"https:\/\/gilpimentel.com.br\/site\/wp-json\/wp\/v2\/tags?post=51581"}],"curies":[{"name":"wp","href":"https:\/\/api.w.org\/{rel}","templated":true}]}}