{"id":51574,"date":"2026-09-04T04:03:35","date_gmt":"2026-09-04T07:03:35","guid":{"rendered":"https:\/\/gilpimentel.com.br\/site\/?p=51574"},"modified":"2026-09-04T18:02:00","modified_gmt":"2026-09-04T21:02:00","slug":"porto-alegre-em-cena-abre-sessoes-extras-para-espetaculos-com-tais-araujo-grace-gianoukas-e-grupo-maria-cutia","status":"publish","type":"post","link":"https:\/\/gilpimentel.com.br\/site\/porto-alegre-em-cena-abre-sessoes-extras-para-espetaculos-com-tais-araujo-grace-gianoukas-e-grupo-maria-cutia\/","title":{"rendered":"PORTO ALEGRE EM CENA ABRE SESS\u00d5ES EXTRAS PARA ESPET\u00c1CULOS COM TA\u00cdS ARAUJO, GRACE GIANOUKAS E GRUPO MARIA CUTIA"},"content":{"rendered":"<p>Com a Petrobras como apresentadora da 33\u00aa edi\u00e7\u00e3o, o festival amplia o n\u00famero de sess\u00f5es e chega a mais de 70 apresenta\u00e7\u00f5es em 13 palcos da capital ga\u00facha, de 10 a 20 de setembro. Os ingressos para as sess\u00f5es extras poder\u00e3o ser adquiridos a partir das 12h desta sexta-feira, 4 de setembro, no site www.portoalegreemcena.com.br, com pre\u00e7os entre R$ 25 e R$ 100<\/p>\n<p>Depois de registrar uma das maiores procuras por ingressos dos \u00faltimos anos, o 33\u00ba Porto Alegre em Cena abrir\u00e1 sess\u00f5es extras para tr\u00eas espet\u00e1culos que tiveram suas entradas esgotadas em menos de 24 horas. A amplia\u00e7\u00e3o do n\u00famero de apresenta\u00e7\u00f5es s\u00f3 foi poss\u00edvel gra\u00e7as \u00e0 chegada da Petrobras como apresentadora desta edi\u00e7\u00e3o, parceria fundamental para que o Festival Internacional de Artes C\u00eanicas possa atender \u00e0 alta demanda do p\u00fablico, chegando a mais de 70 apresenta\u00e7\u00f5es espalhadas por 13 palcos da capital ga\u00facha entre os dias 10 e 20 de setembro.<\/p>\n<p>As sess\u00f5es extras trazem novas oportunidades para assistir a alguns dos grandes sucessos de bilheteria desta edi\u00e7\u00e3o. Entre elas est\u00e1 a nova cria\u00e7\u00e3o de Gabriel Villela, um dos maiores diretores de teatro do Brasil, que apresenta uma vibrante leitura para o cl\u00e1ssico Auto da Compadecida, de Ariano Suassuna, em sua primeira parceria com o Grupo Maria Cutia, de Belo Horizonte. O espet\u00e1culo ganhou nova apresenta\u00e7\u00e3o no dia 17 de setembro, \u00e0s 17h, no Centro Hist\u00f3rico-Cultural Santa Casa.<\/p>\n<p>Tamb\u00e9m est\u00e3o confirmadas novas encena\u00e7\u00f5es das pe\u00e7as Mudando de Pele, estrelada por Ta\u00eds Araujo, com dire\u00e7\u00e3o de Yara de Novaes, no dia 13 de setembro, \u00e0s 16h, no Teatro Sim\u00f5es Lopes Neto; e Dora, com\u00e9dia escrita por Thereza Falc\u00e3o, protagonizada por Grace Gianoukas com dire\u00e7\u00e3o de Gilberto Gawronski, no dia 18 de setembro, \u00e0s 17h, no Teatro Bruno Kiefer.<\/p>\n<p>Os ingressos para as sess\u00f5es extras poder\u00e3o ser adquiridos a partir das 12h desta sexta-feira, 4 de setembro, no site www.portoalegreemcena.com.br. As entradas t\u00eam pre\u00e7os entre R$ 25 e R$ 100.<\/p>\n<p>Mais sobre 33\u00ba Porto Alegre em Cena<\/p>\n<p>Neste ano, o festival prop\u00f5e pensar o Brasil contempor\u00e2neo a partir do teatro, do circo e da dan\u00e7a. Sem abrir m\u00e3o da tradi\u00e7\u00e3o de trazer importantes produ\u00e7\u00f5es do exterior, o evento destaca a for\u00e7a da produ\u00e7\u00e3o c\u00eanica brasileira atual, reunindo espet\u00e1culos recentes que oferecem ao p\u00fablico um retrato das inquieta\u00e7\u00f5es, contradi\u00e7\u00f5es e transforma\u00e7\u00f5es do nosso pa\u00eds. As produ\u00e7\u00f5es abordam temas como envelhecimento e etarismo, corpo, racismo, viol\u00eancia, maternidade, pertencimento, mem\u00f3ria, desejo e solid\u00e3o a partir de trabalhos inspirados na obra de importantes autores, como Caio Fernando Abreu e Guimar\u00e3es Rosa. A programa\u00e7\u00e3o completa est\u00e1 dispon\u00edvel no site www.portoalegreemcena.com.br.<\/p>\n<p>O 33\u00ba Porto Alegre em Cena \u2013 Festival Internacional de Artes C\u00eanicas \u00e9 apresentado pelo Minist\u00e9rio da Cultura, pela Secretaria de Estado da Cultura do Rio Grande do Sul, a Prefeitura Municipal de Porto Alegre e a Petrobras. Conta com financiamento da Lei Federal de Incentivo \u00e0 Cultura e Lei Estadual da Cultura &#8211; LIC RS\/ Pr\u00f3-Cultura, gest\u00e3o cultural da Primeira Fila Produ\u00e7\u00f5es e patroc\u00ednio de Zaffari, Panvel, Unimed, Sulg\u00e1s e Caixa. O evento \u00e9 realizado pela Prefeitura Municipal de Porto Alegre e pelo Minist\u00e9rio da Cultura.<\/p>\n<p>Servi\u00e7o<\/p>\n<p>33\u00ba Porto Alegre em Cena \u2013 Festival Internacional de Artes C\u00eanicas<\/p>\n<p>De 10 a 20 de setembro, em Porto Alegre\/RS<\/p>\n<p>Sess\u00f5es extras (\u00e0 venda a partir das 12h desta sexta-feira, 4 de setembro)<\/p>\n<p>&#8211; Mudando de Pele \u2013 Quintal Produ\u00e7\u00f5es (RJ): Dia 13 de setembro, \u00e0s 16h, no Teatro Sim\u00f5es Lopes Neto<\/p>\n<p>&#8211; Auto da Compadecida \u2013 Grupo Maria Cutia (BH): Dia 17 de setembro, \u00e0s 17h, no Centro Hist\u00f3rico-Cultural Santa Casa<\/p>\n<p>&#8211; Dora \u2013 Inova Brand (RJ): Dia 18 de setembro, \u00e0s 17h, no Teatro Bruno Kiefer<\/p>\n<p>Ingressos \u00e0 venda pelo site www.portoalegreemcena.com.br<\/p>\n<p>Espet\u00e1culos nacionais e internacionais: R$ 100 (inteira), R$ 50 (meia-entrada), R$ 50 (inteira popular) e R$ 25 (meia-entrada popular)<\/p>\n<p>Espet\u00e1culos locais: R$ 50 (inteira) e R$ 25 (meia-entrada)<\/p>\n<p>Programa\u00e7\u00e3o completa de espet\u00e1culos<\/p>\n<p>&#8211; La Pampa Grande (Brasil\/Argentina) &#8211; Dia 10 de setembro, \u00e0s 20h, no Teatro Sim\u00f5es Lopes Neto<\/p>\n<p>&#8211; A Aforista \u2013 Cia. Stavis-Damaceno (PR) &#8211; Dias 11 e 12 de setembro, \u00e0s 21h (sexta) e 21h30 (s\u00e1bado), no Teatro Renascen\u00e7a &#8211; ESGOTADO<\/p>\n<p>&#8211; Imorais \u2013 Bando de Nada Coletivo de Teatro (PE) &#8211; Dias 11 e 12 de setembro, \u00e0s 19h, no Teatro Carlos Carvalho &#8211; ESGOTADO<\/p>\n<p>&#8211; Ser T\u00e3o \u2013 Eclipse (Porto Alegre) &#8211; Dia 11 de setembro, \u00e0s 20h, na Terreira da Tribo<\/p>\n<p>&#8211; Katchaku Katchaka: Era uma Vez em Odj\u00e9idj\u00e9 \u2013 Loua Pacom (Porto Alegre) &#8211; Dia 11 de setembro, \u00e0s 20h, no Est\u00fadio Stravaganza<\/p>\n<p>&#8211; Cherepaka \u2013 Andreane Leclerc (Canad\u00e1) &#8211; Dias 12 e 13 de setembro, \u00e0s 20h, no Galp\u00e3o Floresta Cultural &#8211; ESGOTADO<\/p>\n<p>&#8211; Mudando de Pele \u2013 Quintal Produ\u00e7\u00f5es (RJ) &#8211; Dia 12, \u00e0s 20h, e dia 13 de setembro, \u00e0s 18h (al\u00e9m de sess\u00e3o extra \u00e0s 16h), no Teatro Sim\u00f5es Lopes Neto<\/p>\n<p>&#8211; M\u00e3os Tr\u00eamulas \u2013 Catarina Milani e Victor N\u00f3voa (SP) &#8211; Dias 11 e 12 de setembro, \u00e0s 19h, na Sala \u00c1lvaro Moreyra &#8211; ESGOTADO<\/p>\n<p>&#8211; EDDY \u2013 Viol\u00eancia &amp; Metamorfose \u2013 Polif\u00f4nica Cia. (SP) &#8211; Dias 12 e 13 de setembro, \u00e0s 19h, no Teatro Oficina Olga Reverbel &#8211; ESGOTADO<\/p>\n<p>&#8211; Riobaldo \u2013 Teatro das Mentirinhas (RJ) &#8211; Dia 12 de setembro, \u00e0s 20h, na Terreira da Tribo &#8211; ESGOTADO<\/p>\n<p>&#8211; Eu Apenas Queria que Voc\u00ea Soubesse \u2013 A M\u00fasica de Gonzaguinha \u2013 Sandra P\u00eara (RJ) &#8211; Dia 12 de setembro, \u00e0s 19h, no Teatro do Goethe-Institut Porto Alegre &#8211; ESGOTADO<\/p>\n<p>&#8211; Kaiu da Kombi \u2013 Ponto de Cultura Kombina\u00e7\u00e3o (Canela) &#8211; Dia 12 de setembro, \u00e0s 15h, na Reden\u00e7\u00e3o<\/p>\n<p>&#8211; Dan\u00e7a Boba \u2013 Ateli\u00ea do Gesto (GO) &#8211; Dias 12 e 13 de setembro, \u00e0s 20h, no Est\u00fadio Stravaganza<\/p>\n<p>&#8211; No Meio do Redemunho \u2013 Teatro das Mentirinhas (RJ) &#8211; Dia 13 de setembro, \u00e0s 20h, na Terreira da Tribo &#8211; ESGOTADO<\/p>\n<p>&#8211; Balada de um Vagabundo \u2013 A M\u00fasica de Waly Salom\u00e3o \u2013 Jussara Silveira e Sylvia Patricia (BA) &#8211; Dia 13 de setembro, \u00e0s 19h, no Centro Hist\u00f3rico-Cultural Santa Casa<\/p>\n<p>&#8211; HBLYNDA em TRANSito \u2013 HBLYNDA Morais (PE) &#8211; Dias 13 e 14 de setembro, \u00e0s 19h, na Sala \u00c1lvaro Moreyra<\/p>\n<p>&#8211; Todas as Minhas Mortes \u2013 C\u00f4mica Cultural (Porto Alegre) &#8211; Dia 13 de setembro, \u00e0s 21h, no Teatro Renascen\u00e7a &#8211; ESGOTADO<\/p>\n<p>&#8211; O Julgamento de Z\u00e9 Bebelo \u2013 Teatro das Mentirinhas (RJ) &#8211; Dia 14 de setembro, \u00e0s 20h, na Terreira da Tribo &#8211; ESGOTADO<\/p>\n<p>&#8211; Gota d&#8217;\u00c1gua \u2013 No Tempo \u2013 Cia. Coisas Nossas de Teatro (SP) &#8211; Dias 14 e 15 de setembro, \u00e0s 20h, no Teatro Sim\u00f5es Lopes Neto<\/p>\n<p>&#8211; Entre Dois, Uma Can\u00e7\u00e3o \u2013 Cia. Municipal de Dan\u00e7a (Porto Alegre) &#8211; Dia 14 de setembro, \u00e0s 19h, no Centro Hist\u00f3rico-Cultural Santa Casa &#8211; ESGOTADO<\/p>\n<p>&#8211; O Homem Decomposto \u2013 Realejo Produ\u00e7\u00f5es Culturais (RJ) &#8211; Dias 15 e 16 de setembro, \u00e0s 19h, no Teatro do Goethe-Institut Porto Alegre &#8211; ESGOTADO<\/p>\n<p>&#8211; As Centen\u00e1rias \u2013 Laila Garin, Juliana Linhares e Leandro Castilho (RJ) &#8211; Dias 15 e 16 de setembro, \u00e0s 21h, no Teatro Renascen\u00e7a &#8211; ESGOTADO<\/p>\n<p>&#8211; Choque! Procurando Sinais de Vida Inteligente \u2013 Danielle Winits (RJ\/SP) &#8211; Dias 15 e 16 de setembro, \u00e0s 20h, no Sal\u00e3o de Atos da PUCRS<\/p>\n<p>&#8211; Corpomundo \u2013 Cia. de Teatro e Dan\u00e7a F\u00e1brica de Sonhos \u2013 Arte, Inclus\u00e3o, Diversidade e Pertencimento (Porto Alegre) &#8211; Dia 15 de setembro, \u00e0s 19h, no Centro Hist\u00f3rico-Cultural Santa Casa<\/p>\n<p>&#8211; Geppetto \u2013 M\u00e1scara EnCena (Porto Alegre e Caxias do Sul) &#8211; Dia 15 de setembro, \u00e0s 19h, na Sala \u00c1lvaro Moreyra &#8211; ESGOTADO<\/p>\n<p>&#8211; S\u00f3 Jo\u00e3o \u2013 Arthur Nestrovski e Celsim (SP) &#8211; Dia 16 de setembro, \u00e0s 20h, no Teatro Sim\u00f5es Lopes Neto<\/p>\n<p>&#8211; Sarau Voador \u2013 Literatura e Improvisos Transcriados \u2013 Para Caio F. \u2013 Companhia de Solos &amp; Bem Acompanhados (Porto Alegre) &#8211; Dia 16 de setembro, \u00e0s 19h, no Teatro Oficina Olga Reverbel<\/p>\n<p>&#8211; Bayle da Obra \u2013 Moracos Manicongo (Pelotas) &#8211; Dia 16 de setembro, \u00e0s 19h, na Zona Cultural &#8211; ESGOTADO<\/p>\n<p>&#8211; Auto da Compadecida \u2013 Grupo Maria Cutia (BH) &#8211; Dias 16 e 17 de setembro, \u00e0s 19h (e sess\u00e3o extra no dia 17, \u00e0s 17h), no Centro Hist\u00f3rico-Cultural Santa Casa<\/p>\n<p>&#8211; Freud e o Visitante \u2013 Grupo Tapa (SP) &#8211; Dias 19 e 20 de setembro, \u00e0s 19h, no Centro Hist\u00f3rico-Cultural Santa Casa &#8211; ESGOTADO<\/p>\n<p>&#8211; Tchau, Amor \u2013 Inquieta Cia. (CE) &#8211; Dias 15 e 16 de setembro, \u00e0s 20h, no Teatro Bruno Kiefer<\/p>\n<p>&#8211; Clemente \u2013 Andreia Pires e Vinicius Arneiro (CE) &#8211; Dias 17 e 18 de setembro, \u00e0s 19h, na Sala \u00c1lvaro Moreyra &#8211; ESGOTADO<\/p>\n<p>&#8211; Pela Noite \u2013 NOZ Produz (PE) &#8211; Dias 17 e 18 de setembro, \u00e0s 19h, no Teatro Oficina Olga Reverbel &#8211; ESGOTADO<\/p>\n<p>&#8211; At\u00e9 Cansar o Cansa\u00e7o \u2013 Juliana Linhares (RN) &#8211; Dia 17 de setembro, \u00e0s 20h, no Teatro Sim\u00f5es Lopes Neto &#8211; ESGOTADO<\/p>\n<p>&#8211; Dora \u2013 Inova Brand (RJ) &#8211; Dias 17 e 18 de setembro, \u00e0s 20h (e sess\u00e3o extra no dia 18, \u00e0s 17h), no Teatro Bruno Kiefer<\/p>\n<p>&#8211; Um Le\u00e3o na Sala de Aula \u2013 Cia. Gatelupa (Porto Alegre) &#8211; Dia 17 de setembro, \u00e0s 15h, no Galp\u00e3o Floresta Cultural &#8211; ESGOTADO<\/p>\n<p>&#8211; M.E.D.E.I.A \u2013 Tribo de Atuadores \u00d3i N\u00f3is Aqui Traveiz (Porto Alegre) &#8211; Dias 17 e 18 de setembro, \u00e0s 20h, na Terreira da Tribo &#8211; ESGOTADO<\/p>\n<p>&#8211; Criaturas da Literatura \u2013 Cia. Teatro Lumbra (Porto Alegre) &#8211; Dia 18 de setembro, \u00e0s 15h, no Teatro do Goethe-Institut Porto Alegre<\/p>\n<p>&#8211; Lia Lia \u2013 Teatrofilme (RJ) &#8211; Dias 19 e 20 de setembro, \u00e0s 20h (s\u00e1bado) e 18h (domingo), no Teatro Sim\u00f5es Lopes Neto &#8211; ESGOTADO<\/p>\n<p>&#8211; Que Muito Amou \u2013 C\u00eanicas Cia. de Repert\u00f3rio (PE) &#8211; Dias 19 e 20 de setembro, \u00e0s 19h, no Teatro Oficina Olga Reverbel &#8211; ESGOTADO<\/p>\n<p>&#8211; Hip Hop Hamlet \u2013 Aventura (SP) &#8211; Dias 19 e 20 de setembro, \u00e0s 21h (s\u00e1bado), 17h e 21h (domingo), no Teatro Renascen\u00e7a &#8211; ESGOTADO<\/p>\n<p>&#8211; 7 Cidades \u2013 Cia. de Arte La Negra Ana Medeiros (Porto Alegre) &#8211; Dia 19 de setembro, \u00e0s 20h, no Teatro Bruno Kiefer &#8211; ESGOTADO<\/p>\n<p>&#8211; Confession Publique \u2013 Mayday (Canad\u00e1) &#8211; Dia 20 de setembro, \u00e0s 19h, na Sala \u00c1lvaro Moreyra &#8211; ESGOTADO<\/p>\n<p>&#8211; Riso de M\u00e3e \u00e9 Coisa S\u00e9ria \u2013 Fiandeiras Artes da Cena (Ivoti) &#8211; Dia 20 de setembro, \u00e0s 20h, no Teatro Bruno Kiefer &#8211; ESGOTADO<\/p>\n<p>&#8211; A Vingan\u00e7a \u00e9 um Jardim Selvagem \u2013 Cia. R\u00fastica (Porto Alegre) &#8211; Dia 20 de setembro, \u00e0s 19h, na Zona Cultural &#8211; ESGOTADO<\/p>\n<p>&#8211; AUTODescri\u00e7\u00e3o \u2013 Tudo o que eu n\u00e3o vejo \u2013 Cia. Reverbo (Porto Alegre) &#8211; Dia 20 de setembro, \u00e0s 20h, no Est\u00fadio Stravaganza &#8211; ESGOTADO<\/p>\n<p>&#8211; Festa de encerramento &#8211; Dia 20 de setembro, \u00e0s 21h, na Academia de Samba Praiana<\/p>\n<p>Reside Alegre \u2013 Resid\u00eancia Art\u00edstica<\/p>\n<p>Dias 5 e 6 de setembro, s\u00e1bado e domingo, das 17h30 \u00e0s 22h<\/p>\n<p>Rua Alberto Torres, no bairro Cidade Baixa (Porto Alegre\/RS)<\/p>\n<p>Entrada gratuita, mediante a retirada pr\u00e9via de ingressos nos dias de evento, a partir das 16h30, na Sede do Reside Alegre (Rua Alberto Torres, 27)<\/p>\n<p>&nbsp;<\/p>\n<p>&nbsp;<\/p>\n<p>&nbsp;<\/p>\n<p>&nbsp;<\/p>\n<p>&nbsp;<\/p>\n<p>&nbsp;<\/p>\n<p>&nbsp;<\/p>\n","protected":false},"excerpt":{"rendered":"<p>Com a Petrobras como apresentadora da 33\u00aa edi\u00e7\u00e3o, o festival amplia o n\u00famero de sess\u00f5es e chega a mais de 70 apresenta\u00e7\u00f5es em 13 palcos &hellip; <\/p>\n","protected":false},"author":2,"featured_media":51575,"comment_status":"closed","ping_status":"closed","sticky":false,"template":"","format":"standard","meta":{"footnotes":""},"categories":[2],"tags":[],"class_list":["post-51574","post","type-post","status-publish","format-standard","has-post-thumbnail","hentry","category-noticias","latest_post"],"_links":{"self":[{"href":"https:\/\/gilpimentel.com.br\/site\/wp-json\/wp\/v2\/posts\/51574","targetHints":{"allow":["GET"]}}],"collection":[{"href":"https:\/\/gilpimentel.com.br\/site\/wp-json\/wp\/v2\/posts"}],"about":[{"href":"https:\/\/gilpimentel.com.br\/site\/wp-json\/wp\/v2\/types\/post"}],"author":[{"embeddable":true,"href":"https:\/\/gilpimentel.com.br\/site\/wp-json\/wp\/v2\/users\/2"}],"replies":[{"embeddable":true,"href":"https:\/\/gilpimentel.com.br\/site\/wp-json\/wp\/v2\/comments?post=51574"}],"version-history":[{"count":1,"href":"https:\/\/gilpimentel.com.br\/site\/wp-json\/wp\/v2\/posts\/51574\/revisions"}],"predecessor-version":[{"id":51576,"href":"https:\/\/gilpimentel.com.br\/site\/wp-json\/wp\/v2\/posts\/51574\/revisions\/51576"}],"wp:featuredmedia":[{"embeddable":true,"href":"https:\/\/gilpimentel.com.br\/site\/wp-json\/wp\/v2\/media\/51575"}],"wp:attachment":[{"href":"https:\/\/gilpimentel.com.br\/site\/wp-json\/wp\/v2\/media?parent=51574"}],"wp:term":[{"taxonomy":"category","embeddable":true,"href":"https:\/\/gilpimentel.com.br\/site\/wp-json\/wp\/v2\/categories?post=51574"},{"taxonomy":"post_tag","embeddable":true,"href":"https:\/\/gilpimentel.com.br\/site\/wp-json\/wp\/v2\/tags?post=51574"}],"curies":[{"name":"wp","href":"https:\/\/api.w.org\/{rel}","templated":true}]}}