{"id":51563,"date":"2026-09-02T02:30:18","date_gmt":"2026-09-02T05:30:18","guid":{"rendered":"https:\/\/gilpimentel.com.br\/site\/?p=51563"},"modified":"2026-09-02T17:48:51","modified_gmt":"2026-09-02T20:48:51","slug":"natura-transforma-item-cobicado-no-rock-in-rio-em-acessorio-utilitario","status":"publish","type":"post","link":"https:\/\/gilpimentel.com.br\/site\/natura-transforma-item-cobicado-no-rock-in-rio-em-acessorio-utilitario\/","title":{"rendered":"NATURA TRANSFORMA \u00cdTEM COBI\u00c7ADO NO ROCK IN RIO EM ACESS\u00d3RIO UTILIT\u00c1RIO"},"content":{"rendered":"<p>Marca revisita sua tradicional pochete laranja em uma vers\u00e3o 2.0, que ganha formato de cinto utilit\u00e1rio modular, e combina o acess\u00f3rio a produtos e itens colecion\u00e1veis<\/p>\n<p>Pela quarta edi\u00e7\u00e3o consecutiva, Natura, l\u00edder em beleza na Am\u00e9rica Latina marca presen\u00e7a no Rock in Rio Brasil como marca oficial de beleza do festival e, para a edi\u00e7\u00e3o de 2026, transforma um de seus maiores \u00edcones no evento em uma novidade pensada para acompanhar o p\u00fablico dentro e fora da Cidade do Rock. Nesta edi\u00e7\u00e3o, a marca apresenta uma nova vers\u00e3o da pochete laranja, que chega com uma proposta mais contempor\u00e2nea, funcional e conectada \u00e0s tend\u00eancias atuais: um cinto utilit\u00e1rio modular que permite diferentes formas de uso e montagem.<\/p>\n<p>O acess\u00f3rio foi desenvolvido para unir praticidade e estilo e pode ser image.jpegadaptado a diferentes momentos e formas de uso, refor\u00e7ando a inten\u00e7\u00e3o de transformar em um item que ultrapasse a experi\u00eancia do evento e permane\u00e7a presente no dia a dia. A din\u00e2mica de brindes tamb\u00e9m acompanha essa proposta de experi\u00eancia: no estande, o p\u00fablico poder\u00e1 participar de um jogo e concorrer a itens da marca, como a pr\u00f3pria pochete, gloss e creme para as m\u00e3os Ekos. J\u00e1 na loja, quem passar pelo espa\u00e7o poder\u00e1 ganhar um batom Faces, enquanto a \u00e1rea VIP contar\u00e1 com a distribui\u00e7\u00e3o de creme para as m\u00e3os Ekos aos convidados.<\/p>\n<p>A curadoria de brindes da Natura para o Rock in Rio Brasil 2026 tamb\u00e9m re\u00fane produtos em diferentes momentos do portf\u00f3lio da marca, incluindo itens em fase de pr\u00e9-lan\u00e7amento e novidades que chegam ao p\u00fablico durante o festival. Entre os destaques est\u00e3o produtos da linha Natura Ekos, que apresentam a introdu\u00e7\u00e3o de um novo bioativo, a Baunilha Amaz\u00f4nica, al\u00e9m do relan\u00e7amento da marca de maquiagem Faces e de itens colecion\u00e1veis exclusivos, como o gloss chaveiro e batom cremoso Faces.<\/p>\n<p>A sele\u00e7\u00e3o conecta produtos, c\u00f3digos da marca e elementos da cultura do Rock in Rio, criando uma experi\u00eancia que come\u00e7a no festival e pode continuar no dia a dia. Cada item foi pensado para traduzir a presen\u00e7a de Natura no evento e aproximar o p\u00fablico de diferentes universos da marca.<\/p>\n<p>Sobre a Natura<\/p>\n<p>Fundada em 1969, a Natura \u00e9 uma multinacional brasileira l\u00edder em beleza e cuidados pessoais na Am\u00e9rica Latina. \u00c9 a companhia de melhor reputa\u00e7\u00e3o do Brasil e a mais respons\u00e1vel em ESG pelo ranking Merco h\u00e1 12 anos consecutivos. H\u00e1 mais de 25 anos, por meio do relacionamento com comunidades extrativistas na Amaz\u00f4nia, a Natura \u00e9 pioneira no uso cosm\u00e9tico de bioativos da sociobiodiversidade brasileira. Hoje, essa atua\u00e7\u00e3o gera benef\u00edcios para milhares de fam\u00edlias e contribui para conservar 2,2 milh\u00f5es de hectares de floresta. Os produtos da marca podem ser adquiridos atrav\u00e9s das 2,8 milh\u00f5es de consultoras, via e-commerce, aplicativo, ou nas mais de mil lojas. Para mais informa\u00e7\u00f5es, visite www.natura.com.br ou acesse os perfis da empresa nas redes sociais: LinkedIn, Facebook e Instagram<\/p>\n<p>&nbsp;<\/p>\n<p>&nbsp;<\/p>\n<p>&nbsp;<\/p>\n<p>&nbsp;<\/p>\n<p>&nbsp;<\/p>\n<p>&nbsp;<\/p>\n<p>&nbsp;<\/p>\n<p>&nbsp;<\/p>\n<p>&nbsp;<\/p>\n","protected":false},"excerpt":{"rendered":"<p>Marca revisita sua tradicional pochete laranja em uma vers\u00e3o 2.0, que ganha formato de cinto utilit\u00e1rio modular, e combina o acess\u00f3rio a produtos e itens &hellip; <\/p>\n","protected":false},"author":2,"featured_media":51564,"comment_status":"closed","ping_status":"closed","sticky":false,"template":"","format":"standard","meta":{"footnotes":""},"categories":[2],"tags":[],"class_list":["post-51563","post","type-post","status-publish","format-standard","has-post-thumbnail","hentry","category-noticias","latest_post"],"_links":{"self":[{"href":"https:\/\/gilpimentel.com.br\/site\/wp-json\/wp\/v2\/posts\/51563","targetHints":{"allow":["GET"]}}],"collection":[{"href":"https:\/\/gilpimentel.com.br\/site\/wp-json\/wp\/v2\/posts"}],"about":[{"href":"https:\/\/gilpimentel.com.br\/site\/wp-json\/wp\/v2\/types\/post"}],"author":[{"embeddable":true,"href":"https:\/\/gilpimentel.com.br\/site\/wp-json\/wp\/v2\/users\/2"}],"replies":[{"embeddable":true,"href":"https:\/\/gilpimentel.com.br\/site\/wp-json\/wp\/v2\/comments?post=51563"}],"version-history":[{"count":1,"href":"https:\/\/gilpimentel.com.br\/site\/wp-json\/wp\/v2\/posts\/51563\/revisions"}],"predecessor-version":[{"id":51565,"href":"https:\/\/gilpimentel.com.br\/site\/wp-json\/wp\/v2\/posts\/51563\/revisions\/51565"}],"wp:featuredmedia":[{"embeddable":true,"href":"https:\/\/gilpimentel.com.br\/site\/wp-json\/wp\/v2\/media\/51564"}],"wp:attachment":[{"href":"https:\/\/gilpimentel.com.br\/site\/wp-json\/wp\/v2\/media?parent=51563"}],"wp:term":[{"taxonomy":"category","embeddable":true,"href":"https:\/\/gilpimentel.com.br\/site\/wp-json\/wp\/v2\/categories?post=51563"},{"taxonomy":"post_tag","embeddable":true,"href":"https:\/\/gilpimentel.com.br\/site\/wp-json\/wp\/v2\/tags?post=51563"}],"curies":[{"name":"wp","href":"https:\/\/api.w.org\/{rel}","templated":true}]}}