{"id":51553,"date":"2026-09-03T02:30:04","date_gmt":"2026-09-03T05:30:04","guid":{"rendered":"https:\/\/gilpimentel.com.br\/site\/?p=51553"},"modified":"2026-09-03T18:07:55","modified_gmt":"2026-09-03T21:07:55","slug":"fort-atacadista-oferece-180-vagas-de-emprego-em-erechim","status":"publish","type":"post","link":"https:\/\/gilpimentel.com.br\/site\/fort-atacadista-oferece-180-vagas-de-emprego-em-erechim\/","title":{"rendered":"FORT ATACADISTA OFERECE 180 VAGAS DE EMPREGO EM ERECHIM"},"content":{"rendered":"<p>Sele\u00e7\u00e3o ser\u00e1 realizada de 9 a 11 de setembro no Sine para diversas fun\u00e7\u00f5es. N\u00e3o \u00e9 preciso ter experi\u00eancia.<\/p>\n<p>O Fort Atacadista vai promover Feir\u00e3o de Empregos na pr\u00f3xima semana para sua primeira loja em Erechim. Para compor a equipe, a rede de atacarejos promove sele\u00e7\u00e3o para 180 vagas na ag\u00eancia Sine, localizada na Rua It\u00e1lia, 299. O atendimento ser\u00e1 de 9 a 11 de setembro, das 8h \u00e0s 16h. N\u00e3o \u00e9 necess\u00e1ria experi\u00eancia. Os candidatos devem comparecer ao local munidos de documento de identidade e curr\u00edculo.<\/p>\n<p>S\u00e3o vagas para v\u00e1rias fun\u00e7\u00f5es, como operador de loja, auxiliar de carga e descarga, t\u00e9cnico de carnes, padeiro, conferente, auxiliar de perec\u00edveis, auxiliar de preven\u00e7\u00e3o, auxiliar de estacionamento, auxiliar de invent\u00e1rios e auxiliar de limpeza e conserva\u00e7\u00e3o, entre outras.<\/p>\n<p>O Grupo Pereira, dono do Fort Atacadista, \u00e9 reconhecido pela inclus\u00e3o, com oportunidades para PCDs, estrangeiros, 50+ e para todos os g\u00eaneros. \u00c9 o primeiro varejista brasileiro a ser contemplado com o selo CAFE (Certified Age Friendly Employer), concedido pelo norte-americano Age Friendly Institute a empresas que promovem a contrata\u00e7\u00e3o e reten\u00e7\u00e3o de funcion\u00e1rios 50+. Al\u00e9m de proporcionar uma carreira acelerada, criando oportunidades reais para crescimento r\u00e1pido.<\/p>\n<p>Benef\u00edcios para os colaboradores:<\/p>\n<p>Al\u00e9m de oportunidade de recoloca\u00e7\u00e3o, os contratados ter\u00e3o acesso a um pacote completo de benef\u00edcios, que inclui:<\/p>\n<p>Seguro de vida<\/p>\n<p>Vale-transporte<\/p>\n<p>Alimenta\u00e7\u00e3o na empresa (caf\u00e9 da manh\u00e3, almo\u00e7o ou jantar)<\/p>\n<p>Conv\u00eanio com o Sesc e empresas parceiras nas \u00e1reas de lazer, educa\u00e7\u00e3o e sa\u00fade<\/p>\n<p>Descontos no Vuon Card (cart\u00e3o de cr\u00e9dito exclusivo para compras nas empresas do Grupo)<\/p>\n<p>Plano odontol\u00f3gico<\/p>\n<p>Programa Acolhe GP (suporte social gratuito com atendimento especializado)<\/p>\n<p>Universidade Corporativa<\/p>\n<p>Kit nascimento<\/p>\n<p>Sele\u00e7\u00e3o para o Fort Atacadista Erechim<\/p>\n<p>Per\u00edodo: 9 a 11 de setembro<\/p>\n<p>Hor\u00e1rio: 8h \u00e0s 16h<\/p>\n<p>Local: Sine Erechim<\/p>\n<p>Endere\u00e7o: Rua It\u00e1lia, 299<\/p>\n<p>Sobre o Grupo Pereira:<\/p>\n<p>Fundado em 1962, na cidade de Itaja\u00ed, em Santa Catarina, o Grupo Pereira completa 64 anos de hist\u00f3ria em 2026. Atualmente, conta com 25 mil funcion\u00e1rios nos estados de Mato Grosso, Mato Grosso do Sul, Goi\u00e1s, Santa Catarina, S\u00e3o Paulo, Rio Grande do Sul e no Distrito Federal.<\/p>\n<p>O Grupo Pereira tem 194 unidades de neg\u00f3cio, incluindo 39 lojas da rede de supermercados Comper, 78 lojas do Fort Atacadista (atacarejo), 25 unidades do restaurante Trudy\u2019s e uma steakhouse, 3 filiais do Atacado Bate Forte (atacadista de distribui\u00e7\u00e3o), 30 lojas SempreFort (varejo farmac\u00eautico), um Broker \u2013 distribuidor oficial da Nestl\u00e9 -, 5 ag\u00eancias de viagens, 3 postos de combust\u00edvel e um Centro de Distribui\u00e7\u00e3o. Al\u00e9m disso, o Grupo Pereira completa seu ecossistema de solu\u00e7\u00f5es ao incluir o bra\u00e7o log\u00edstico Perlog e os servi\u00e7os financeiros do Vuon, que inclui o private label Vuon Card, com mais de 1,6 milh\u00e3o de cart\u00f5es emitidos, al\u00e9m de gift cards, seguros e assist\u00eancia odontol\u00f3gica.<\/p>\n<p>Em 2026, a companhia entrou para o Top 10 do Pr\u00eamio de Inclus\u00e3o Socioecon\u00f4mica, concedido pelo Minist\u00e9rio do Desenvolvimento e Assist\u00eancia Social, Fam\u00edlia e Combate \u00e0 Fome e virou signat\u00e1ria do Pacto Global da ONU. O Grupo tamb\u00e9m foi a primeira varejista brasileira a conquistar o selo internacional CAFE (Certified Age Friendly Employer), voltado \u00e0 valoriza\u00e7\u00e3o e inclus\u00e3o de profissionais 50+.<\/p>\n<p>&nbsp;<\/p>\n<p>&nbsp;<\/p>\n<p>&nbsp;<\/p>\n<p>&nbsp;<\/p>\n<p>&nbsp;<\/p>\n","protected":false},"excerpt":{"rendered":"<p>Sele\u00e7\u00e3o ser\u00e1 realizada de 9 a 11 de setembro no Sine para diversas fun\u00e7\u00f5es. N\u00e3o \u00e9 preciso ter experi\u00eancia. O Fort Atacadista vai promover Feir\u00e3o &hellip; <\/p>\n","protected":false},"author":2,"featured_media":51554,"comment_status":"closed","ping_status":"closed","sticky":false,"template":"","format":"standard","meta":{"footnotes":""},"categories":[2],"tags":[],"class_list":["post-51553","post","type-post","status-publish","format-standard","has-post-thumbnail","hentry","category-noticias","latest_post"],"_links":{"self":[{"href":"https:\/\/gilpimentel.com.br\/site\/wp-json\/wp\/v2\/posts\/51553","targetHints":{"allow":["GET"]}}],"collection":[{"href":"https:\/\/gilpimentel.com.br\/site\/wp-json\/wp\/v2\/posts"}],"about":[{"href":"https:\/\/gilpimentel.com.br\/site\/wp-json\/wp\/v2\/types\/post"}],"author":[{"embeddable":true,"href":"https:\/\/gilpimentel.com.br\/site\/wp-json\/wp\/v2\/users\/2"}],"replies":[{"embeddable":true,"href":"https:\/\/gilpimentel.com.br\/site\/wp-json\/wp\/v2\/comments?post=51553"}],"version-history":[{"count":1,"href":"https:\/\/gilpimentel.com.br\/site\/wp-json\/wp\/v2\/posts\/51553\/revisions"}],"predecessor-version":[{"id":51555,"href":"https:\/\/gilpimentel.com.br\/site\/wp-json\/wp\/v2\/posts\/51553\/revisions\/51555"}],"wp:featuredmedia":[{"embeddable":true,"href":"https:\/\/gilpimentel.com.br\/site\/wp-json\/wp\/v2\/media\/51554"}],"wp:attachment":[{"href":"https:\/\/gilpimentel.com.br\/site\/wp-json\/wp\/v2\/media?parent=51553"}],"wp:term":[{"taxonomy":"category","embeddable":true,"href":"https:\/\/gilpimentel.com.br\/site\/wp-json\/wp\/v2\/categories?post=51553"},{"taxonomy":"post_tag","embeddable":true,"href":"https:\/\/gilpimentel.com.br\/site\/wp-json\/wp\/v2\/tags?post=51553"}],"curies":[{"name":"wp","href":"https:\/\/api.w.org\/{rel}","templated":true}]}}