{"id":51543,"date":"2026-09-02T01:15:40","date_gmt":"2026-09-02T04:15:40","guid":{"rendered":"https:\/\/gilpimentel.com.br\/site\/?p=51543"},"modified":"2026-09-02T17:09:29","modified_gmt":"2026-09-02T20:09:29","slug":"serra-gaucha-e-opcao-de-destino-com-diversao-para-o-proximo-feriado-prolongado","status":"publish","type":"post","link":"https:\/\/gilpimentel.com.br\/site\/serra-gaucha-e-opcao-de-destino-com-diversao-para-o-proximo-feriado-prolongado\/","title":{"rendered":"SERRA GA\u00daCHA \u00c9 OP\u00c7\u00c3O DE DESTINO COM DIVERS\u00c3O PARA O PR\u00d3XIMO FERIADO PROLONGADO"},"content":{"rendered":"<p>Para quem ainda n\u00e3o decidiu o que fazer no dia 7 de setembro, a dica s\u00e3o os parques de Canela e Gramado, uma das cidades tur\u00edsticas mais famosas do Brasil<\/p>\n<p>Os brasileiros finalmente ter\u00e3o um feriado prolongado, devido ao Dia da Independ\u00eancia, 7 de setembro, que este ano \u201ccair\u00e1\u201d em uma segunda-feira no calend\u00e1rio. Em fam\u00edlia ou com amigos, Canela e Gramado, na Serra Ga\u00facha, \u00e9 sempre uma op\u00e7\u00e3o para quem deseja passeios e entretenimento. O destino agrada o p\u00fablico de todas as idades, com dezenas de parques tem\u00e1ticos e complexos de lazer. Confira alguns deles:<\/p>\n<p>Parque Terra M\u00e1gica Florybal<\/p>\n<p>Um atrativo fant\u00e1stico em Canela, principalmente para fam\u00edlias. S\u00e3o mais de 40 op\u00e7\u00f5es, entre cen\u00e1rios, personagens e brinquedos. \u201cA Lenda da Rainha da Neve\u201d, \u00e9 a nova produ\u00e7\u00e3o desta temporada de inverno apresentada no Teatro de Sonhos, que combina aventura e emo\u00e7\u00e3o para contar a hist\u00f3ria de N\u00e9bulo, um personagem de cora\u00e7\u00e3o gelado que tenta destruir a amizade entre Caio e Valdirzinho. A trama ganha novos contornos justamente com a chegada da Rainha da Neve cercada por flocos dan\u00e7antes e elementos inspirados no universo congelante da esta\u00e7\u00e3o.<\/p>\n<p>E, se \u201cbater\u201d aquela fome, tem o restaurante do castelo, dinolanches, pra\u00e7a da alimenta\u00e7\u00e3o, mini f\u00e1brica de chocolates e outros.<\/p>\n<p>Ingressos dispon\u00edveis no www.parqueflorybal.com.br. Crian\u00e7as de 0 a 3 anos s\u00e3o isentas mediante apresenta\u00e7\u00e3o de RG ou certid\u00e3o de nascimento.<\/p>\n<p>&#8211; Endere\u00e7o: RS-466, n\u00ba 1630, em Canela (RS).<\/p>\n<p>Parque Vila da M\u00f4nica Gramado<\/p>\n<p>Se voc\u00ea \u00e9 brasileiro e adulto, com certeza j\u00e1 leu muitas hist\u00f3rias em quadrinhos com os personagens criados pelo cartunista Mauricio de Sousa. Ic\u00f4nicos, representam a inoc\u00eancia da inf\u00e2ncia. O Parque Vila da M\u00f4nica Gramado, re\u00fane mais de 20 atra\u00e7\u00f5es indoor para todas as gera\u00e7\u00f5es, entre elas o Carrossel do Chico Bento, a Casa da M\u00f4nica, a Casa do Casc\u00e3o e tantas outras.<\/p>\n<p>Bilheteria on-line, com passaportes e informa\u00e7\u00f5es no site www.viladamonicagramado.com.br<\/p>\n<p>&#8211; Endere\u00e7o: Rua Germano Boff, 611, Carazal, Gramado (RS)<\/p>\n<p>Parque Mundo a Vapor<\/p>\n<p>Entrar no Parque Mundo a Vapor, em Canela, \u00e9 encantar-se a partir de uma visita guiada. Como, por exemplo, observar a menor f\u00e1brica de papel do mundo, produzindo ao vivo. O processo dessa impress\u00e3o faz parte de uma das 10 salas tem\u00e1ticas, imersivas, inauguradas em abril deste ano no atrativo, que formam um roteiro multissensorial conduzido pelos guias \u201cviajantes do tempo\u201d. A Roda-Gigante de 52 metros de altura, com cabines fechadas, e uma vista em 360\u00ba, passeio de trem cl\u00e1ssico, loja personalizada e espa\u00e7o gourmet complementam a experi\u00eancia. A fachada ic\u00f4nica do Parque Mundo a Vapor tamb\u00e9m tem explica\u00e7\u00e3o: o trem ca\u00eddo \u00e9 inspirado em um acidente hist\u00f3rico que aconteceu em Paris (FR), em 1895, na esta\u00e7\u00e3o Gare Montparnasse.<\/p>\n<p>At\u00e9 30 de setembro, em virtude do M\u00eas dos Ga\u00fachos, o atrativo oferece 20% de desconto no passaporte para nascidos e residentes no Estado. Para ter acesso ao benef\u00edcio, \u00e9 necess\u00e1rio apresentar RG ou comprovante de resid\u00eancia. A iniciativa n\u00e3o \u00e9 cumulativa com outras promo\u00e7\u00f5es nem com o desconto destinado a moradores de cidades da regi\u00e3o.<\/p>\n<p>A aquisi\u00e7\u00e3o antecipada de ingressos pode ser efetuada por meio do site www.mundoavapor.com.br.<\/p>\n<p>&#8211; Endere\u00e7o: Av. Don Luiz Guanella, 1247, Bairro S\u00e3o Jos\u00e9, Canela (RS).<\/p>\n<p>&nbsp;<\/p>\n<p>&nbsp;<\/p>\n<p>&nbsp;<\/p>\n<p>&nbsp;<\/p>\n<p>&nbsp;<\/p>\n<p>&nbsp;<\/p>\n","protected":false},"excerpt":{"rendered":"<p>Para quem ainda n\u00e3o decidiu o que fazer no dia 7 de setembro, a dica s\u00e3o os parques de Canela e Gramado, uma das cidades &hellip; <\/p>\n","protected":false},"author":2,"featured_media":51544,"comment_status":"closed","ping_status":"closed","sticky":false,"template":"","format":"standard","meta":{"footnotes":""},"categories":[2],"tags":[],"class_list":["post-51543","post","type-post","status-publish","format-standard","has-post-thumbnail","hentry","category-noticias","latest_post"],"_links":{"self":[{"href":"https:\/\/gilpimentel.com.br\/site\/wp-json\/wp\/v2\/posts\/51543","targetHints":{"allow":["GET"]}}],"collection":[{"href":"https:\/\/gilpimentel.com.br\/site\/wp-json\/wp\/v2\/posts"}],"about":[{"href":"https:\/\/gilpimentel.com.br\/site\/wp-json\/wp\/v2\/types\/post"}],"author":[{"embeddable":true,"href":"https:\/\/gilpimentel.com.br\/site\/wp-json\/wp\/v2\/users\/2"}],"replies":[{"embeddable":true,"href":"https:\/\/gilpimentel.com.br\/site\/wp-json\/wp\/v2\/comments?post=51543"}],"version-history":[{"count":2,"href":"https:\/\/gilpimentel.com.br\/site\/wp-json\/wp\/v2\/posts\/51543\/revisions"}],"predecessor-version":[{"id":51546,"href":"https:\/\/gilpimentel.com.br\/site\/wp-json\/wp\/v2\/posts\/51543\/revisions\/51546"}],"wp:featuredmedia":[{"embeddable":true,"href":"https:\/\/gilpimentel.com.br\/site\/wp-json\/wp\/v2\/media\/51544"}],"wp:attachment":[{"href":"https:\/\/gilpimentel.com.br\/site\/wp-json\/wp\/v2\/media?parent=51543"}],"wp:term":[{"taxonomy":"category","embeddable":true,"href":"https:\/\/gilpimentel.com.br\/site\/wp-json\/wp\/v2\/categories?post=51543"},{"taxonomy":"post_tag","embeddable":true,"href":"https:\/\/gilpimentel.com.br\/site\/wp-json\/wp\/v2\/tags?post=51543"}],"curies":[{"name":"wp","href":"https:\/\/api.w.org\/{rel}","templated":true}]}}