{"id":51540,"date":"2026-09-02T01:30:37","date_gmt":"2026-09-02T04:30:37","guid":{"rendered":"https:\/\/gilpimentel.com.br\/site\/?p=51540"},"modified":"2026-09-02T17:06:31","modified_gmt":"2026-09-02T20:06:31","slug":"espetaculo-premiado-e-inclusivo-chega-ao-palco-do-porto-alegre-em-cena","status":"publish","type":"post","link":"https:\/\/gilpimentel.com.br\/site\/espetaculo-premiado-e-inclusivo-chega-ao-palco-do-porto-alegre-em-cena\/","title":{"rendered":"ESPET\u00c1CULO PREMIADO E INCLUSIVO CHEGA AO PALCO DO PORTO ALEGRE EM CENA"},"content":{"rendered":"<p>CORPOMUNDO, da companhia F\u00e1brica de Sonhos &#8211; Pertence Cultural, re\u00fane artistas com e sem defici\u00eancia e ter\u00e1 apresenta\u00e7\u00e3o \u00fanica no Teatro do CHC Santa Casa, no dia 15 de setembro.<\/p>\n<p>O CORPOMUNDO integra a programa\u00e7\u00e3o da 33\u00aa edi\u00e7\u00e3o do Porto Alegre em Cena \u2013 Festival Internacional de Artes C\u00eanicas. O espet\u00e1culo da Cia. de Teatro e Dan\u00e7a F\u00c1BRICA DE SONHOS \u2013 Arte, Inclus\u00e3o, Diversidade e Pertencimento, ter\u00e1 uma noite de apresenta\u00e7\u00e3o \u00fanica no dia 15 de setembro, no Teatro do CHC Santa Casa, \u00e0s 20h. O espet\u00e1culo \u00e9 promovido pelo Pertence, uma organiza\u00e7\u00e3o fundada h\u00e1 15 anos, refer\u00eancia na inclus\u00e3o de pessoas com defici\u00eancia.<\/p>\n<p>Com dire\u00e7\u00e3o de Paula Carvalho e coreografias de Bianca Bueno, CORPOMUNDO estreou em 2024, no Teatro do CIEE, com ingressos esgotados. Em 2025, integrou a 19\u00aa edi\u00e7\u00e3o do Festival Palco Girat\u00f3rio, no Teatro do CHC Santa Casa, e recebeu o Pr\u00eamio A\u00e7orianos de Dan\u00e7a na categoria Destaque, pela qualidade art\u00edstica do espet\u00e1culo. Sobre a montagem, o cr\u00edtico Airton Tomazzoni escreveu que a dire\u00e7\u00e3o constr\u00f3i &#8220;um elenco com total dom\u00ednio da presen\u00e7a em cena, inteiros e honestos&#8221;. A apresenta\u00e7\u00e3o no Porto Alegre em Cena marca ainda o retorno da companhia ao festival, sete anos depois de &#8220;Todo mundo tem um sonho&#8221;, no Theatro S\u00e3o Pedro.<\/p>\n<p>O Espet\u00e1culo \u2013 CORPOMUNDO \u00e9 o mais recente espet\u00e1culo da Cia. de Teatro e Dan\u00e7a F\u00c1BRICA DE SONHOS \u2013 Arte, Inclus\u00e3o, Diversidade e Pertencimento. A obra re\u00fane artistas com e sem defici\u00eancia em uma cria\u00e7\u00e3o autoral que celebra a diversidade em sua pot\u00eancia de encontro. Inspirado na pergunta \u201cO que pode um corpo?\u201d o espet\u00e1culo desenvolve uma po\u00e9tica c\u00eanica que contorna as rela\u00e7\u00f5es entre humanidade e natureza para repensar o mundo atrav\u00e9s de uma \u00f3tica plural, biodiversa e em constante transforma\u00e7\u00e3o.<\/p>\n<p>A encena\u00e7\u00e3o faz parte de uma pesquisa em dan\u00e7a-teatro onde se privilegia a corporalidade e as habilidades mistas dos participantes. Ao utilizar poucas palavras verbalizadas, a obra possibilita dar ao corpo novas leituras, novas hist\u00f3rias, partilhando a dimens\u00e3o po\u00e9tica da nossa exist\u00eancia: humana e diversa. \u201cCORPOMUNDO \u00e9 um lugar onde a ARTE empresta \u00e0 VIDA um novo olhar. \u00c9 um convite para o encontro com o que h\u00e1 de diferente e semelhante em n\u00f3s\u201d, resume Paula Carvalho.<\/p>\n<p>F\u00e1brica de Sonhos:<\/p>\n<p>A F\u00c1BRICA DE SONHOS &#8211; Arte, Inclus\u00e3o, Diversidade e Pertencimento foi fundada em 2018 em parceria entre o Pertence e as artistas Paula Carvalho e Bianca Bueno. Um projeto pioneiro e vision\u00e1rio que oferece forma\u00e7\u00e3o em teatro e dan\u00e7a, apoiando a cria\u00e7\u00e3o de obras c\u00eanicas e a constru\u00e7\u00e3o de uma cena compartilhada entre pessoas com e sem defici\u00eancia. A Cia. de Teatro e Dan\u00e7a F\u00e1brica de Sonhos \u00e9 um espa\u00e7o de express\u00e3o criativa e art\u00edstica em igualdade de condi\u00e7\u00f5es, contribuindo para reduzir barreiras sociais e preconceitos. O grupo amplia a representatividade de pessoas com defici\u00eancia nos teatros e espa\u00e7os culturais, refor\u00e7ando valores de inclus\u00e3o, diversidade, equidade e pertencimento.<\/p>\n<p>Dentro do seu programa anual de forma\u00e7\u00e3o, o Pertence Cultural oferece atualmente bolsas afirmativas destinadas a pessoas com defici\u00eancia negras e\/ou ind\u00edgenas, visando a democratiza\u00e7\u00e3o do acesso \u00e0s pr\u00e1ticas culturais. Pensando na forma\u00e7\u00e3o e desenvolvimento de profissionais comprometidos com pr\u00e1ticas culturais inclusivas e acess\u00edveis, o Pertence oferece bolsas com aux\u00edlio mensal de Incentivo \u00e0 Cultura Inclusiva, voltadas a estudantes universit\u00e1rios de teatro, dan\u00e7a e pedagogia. Seu impacto vai al\u00e9m do palco, promovendo uma sociedade mais justa, onde as diferen\u00e7as s\u00e3o valorizadas como parte da riqueza humana.<\/p>\n<p>Pertence:<\/p>\n<p>O Pertence \u00e9 uma organiza\u00e7\u00e3o que desde 2011 atua em diversas frentes para promover solu\u00e7\u00f5es inovadoras e inclusivas que transformam o presente e o futuro da pessoa com defici\u00eancia. O Pertence desenvolve uma metodologia que combina ci\u00eancia e emo\u00e7\u00e3o para promover autonomia e independ\u00eancia de PcDs em todas as esferas da vida: social, cultural, educacional, profissional e habitacional.<\/p>\n<p>O Pertence Cultural realiza &#8211; atrav\u00e9s dos seus projetos culturais e educativos de impacto &#8211; a democratiza\u00e7\u00e3o da arte, a forma\u00e7\u00e3o e o desenvolvimento art\u00edstico entre pessoas com e sem defici\u00eancia, bem como possibilita o acesso e a frui\u00e7\u00e3o aos bens culturais, de forma inclusiva e acess\u00edvel.<\/p>\n<p>\u201cUm movimento de transforma\u00e7\u00e3o que une cultura, educa\u00e7\u00e3o e inova\u00e7\u00e3o para potencializar o impacto social da inclus\u00e3o\u201d.<\/p>\n<p>O 33\u00ba Porto Alegre em Cena \u2013 Festival Internacional de Artes C\u00eanicas \u00e9 apresentado pelo Minist\u00e9rio da Cultura, pela Secretaria de Estado da Cultura do Rio Grande do Sul e pela Prefeitura Municipal de Porto Alegre, conta com financiamento da Lei Federal de Incentivo \u00e0 Cultura e Lei Estadual da Cultura &#8211; LIC RS\/ Pr\u00f3-Cultura, gest\u00e3o cultural da Primeira Fila Produ\u00e7\u00f5es e patroc\u00ednio de Zaffari, Panvel e Unimed. O evento \u00e9 realizado pela Prefeitura Municipal de Porto Alegre e pelo Minist\u00e9rio da Cultura<\/p>\n<p>O espet\u00e1culo conta com acessibilidade em LIBRAS e audiodescri\u00e7\u00e3o.<\/p>\n<p>Ficha T\u00e9cnica:<\/p>\n<p>Dire\u00e7\u00e3o: Paula Carvalho<\/p>\n<p>Coreografia: Bianca Bueno<\/p>\n<p>Elenco: Bianca Bueno, Clara Jesus, Eduarda Rhoden, Eduardo Bordignon, Fernanda Vieira, Gisele Martins, Guilherme Linck, Jo\u00e3o Henrique Menezes, Jorge Gil, Julia Oliveira, Marcos Vargas, Matheus Brum, Max Bodmann, Paula Carvalho, Rafael Ruiz, Rodrigo Greco e Thiago Montenegro<\/p>\n<p>Figurinos: Titi Lopes<\/p>\n<p>Ilumina\u00e7\u00e3o: Andr\u00e9 Winovski<\/p>\n<p>Cria\u00e7\u00e3o audiovisual: T\u00eamis Nicolaidis<\/p>\n<p>Trilha Sonora: Gabriel Selvage, Augusto Baschera e pesquisa do grupo<\/p>\n<p>Opera\u00e7\u00e3o de som: Pedro De Camillis<\/p>\n<p>Opera\u00e7\u00e3o de v\u00eddeo: Eduarda Schneider<\/p>\n<p>Elementos c\u00eanicos e cenot\u00e9cnica: Jorge Gil<\/p>\n<p>Assistente de elenco: Marcelo Jayme<\/p>\n<p>Assessoria de Imprensa: Sheila Meyer e Tati Casser<\/p>\n<p>Comunica\u00e7\u00e3o: Vict\u00f3ria Citton e equipe<\/p>\n<p>Coordena\u00e7\u00e3o de produ\u00e7\u00e3o: Pedro De Camillis<\/p>\n<p>Gest\u00e3o Cultural: Paula Carvalho<\/p>\n<p>Head: Geniane<\/p>\n<p>Coordena\u00e7\u00e3o Geral: Sara Zinger e Victor Freiberg<\/p>\n<p>Servi\u00e7o:<\/p>\n<p>Dia: 15 de setembro de 2026. Hor\u00e1rio: 19h<\/p>\n<p>Local: Teatro do CHC Santa Casa<\/p>\n<p>Endere\u00e7o: Av. Independ\u00eancia, 75 &#8211; Centro Hist\u00f3rico, Porto Alegre &#8211; RS, 90035-074<\/p>\n<p>Ingressos dispon\u00edveis em: https:\/\/www.portoalegreemcena.com.br\/espetaculo\/corpomundo<\/p>\n<p>&nbsp;<\/p>\n<p>&nbsp;<\/p>\n<p>&nbsp;<\/p>\n<p>&nbsp;<\/p>\n<p>&nbsp;<\/p>\n<p>&nbsp;<\/p>\n<p>&nbsp;<\/p>\n","protected":false},"excerpt":{"rendered":"<p>CORPOMUNDO, da companhia F\u00e1brica de Sonhos &#8211; Pertence Cultural, re\u00fane artistas com e sem defici\u00eancia e ter\u00e1 apresenta\u00e7\u00e3o \u00fanica no Teatro do CHC Santa Casa, &hellip; <\/p>\n","protected":false},"author":2,"featured_media":51541,"comment_status":"closed","ping_status":"closed","sticky":false,"template":"","format":"standard","meta":{"footnotes":""},"categories":[2],"tags":[],"class_list":["post-51540","post","type-post","status-publish","format-standard","has-post-thumbnail","hentry","category-noticias","latest_post"],"_links":{"self":[{"href":"https:\/\/gilpimentel.com.br\/site\/wp-json\/wp\/v2\/posts\/51540","targetHints":{"allow":["GET"]}}],"collection":[{"href":"https:\/\/gilpimentel.com.br\/site\/wp-json\/wp\/v2\/posts"}],"about":[{"href":"https:\/\/gilpimentel.com.br\/site\/wp-json\/wp\/v2\/types\/post"}],"author":[{"embeddable":true,"href":"https:\/\/gilpimentel.com.br\/site\/wp-json\/wp\/v2\/users\/2"}],"replies":[{"embeddable":true,"href":"https:\/\/gilpimentel.com.br\/site\/wp-json\/wp\/v2\/comments?post=51540"}],"version-history":[{"count":1,"href":"https:\/\/gilpimentel.com.br\/site\/wp-json\/wp\/v2\/posts\/51540\/revisions"}],"predecessor-version":[{"id":51542,"href":"https:\/\/gilpimentel.com.br\/site\/wp-json\/wp\/v2\/posts\/51540\/revisions\/51542"}],"wp:featuredmedia":[{"embeddable":true,"href":"https:\/\/gilpimentel.com.br\/site\/wp-json\/wp\/v2\/media\/51541"}],"wp:attachment":[{"href":"https:\/\/gilpimentel.com.br\/site\/wp-json\/wp\/v2\/media?parent=51540"}],"wp:term":[{"taxonomy":"category","embeddable":true,"href":"https:\/\/gilpimentel.com.br\/site\/wp-json\/wp\/v2\/categories?post=51540"},{"taxonomy":"post_tag","embeddable":true,"href":"https:\/\/gilpimentel.com.br\/site\/wp-json\/wp\/v2\/tags?post=51540"}],"curies":[{"name":"wp","href":"https:\/\/api.w.org\/{rel}","templated":true}]}}