{"id":51534,"date":"2026-09-02T01:00:30","date_gmt":"2026-09-02T04:00:30","guid":{"rendered":"https:\/\/gilpimentel.com.br\/site\/?p=51534"},"modified":"2026-09-02T16:16:08","modified_gmt":"2026-09-02T19:16:08","slug":"hermanos-guedes-abrem-a-programacao-de-shows-do-piquete-el-topador-2026-nesta-quinta-feira","status":"publish","type":"post","link":"https:\/\/gilpimentel.com.br\/site\/hermanos-guedes-abrem-a-programacao-de-shows-do-piquete-el-topador-2026-nesta-quinta-feira\/","title":{"rendered":"HERMANOS GUEDES ABREM A PROGRAMA\u00c7\u00c3O DE SHOWS DO PIQUETE EL TOPADOR 2026 NESTA QUINTA-FEIRA"},"content":{"rendered":"<div id=\"m#msg-f:1875223599158785271-content\" class=\"mail-message-content collapsible zoom-normal mail-show-images msg6605698046369856085\">\n<div class=\"clear\">\n<div dir=\"ltr\">\n<div><i>Trio de S\u00e3o Luiz Gonzaga sobe ao palco do Rancho Tabacaray em 3 de setembro, dando in\u00edcio \u00e0 temporada que homenageia a hist\u00f3ria das Miss\u00f5es<\/i><\/div>\n<div>Os Hermanos Guedes abrem, no dia 3 de setembro, a programa\u00e7\u00e3o de shows da s\u00e9tima edi\u00e7\u00e3o do Piquete El Topador. Naturais de S\u00e3o Luiz Gonzaga, Anahy, Andresito e Kara\u00ed sobem ao palco Luiz Carlos Borges, no Rancho Tabacaray, em Porto Alegre, para uma noite que re\u00fane m\u00fasica missioneira, gastronomia e a hospitalidade em torno do fogo que caracteriza o projeto. Os ingressos j\u00e1 est\u00e3o dispon\u00edveis pela Sympla.<\/div>\n<div>Apresentado pela Vero, o Piquete El Topador 2026 acontece at\u00e9 o dia 20 de setembro e presta uma homenagem \u00e0 hist\u00f3ria das Miss\u00f5es, reconhecendo a influ\u00eancia de uma regi\u00e3o que ajudou a formar a cultura, a m\u00fasica e a identidade do Rio Grande do Sul. A escolha dos Hermanos Guedes para abrir a programa\u00e7\u00e3o de shows estabelece uma liga\u00e7\u00e3o direta com essa proposta.<\/div>\n<div>Nascidos no cora\u00e7\u00e3o das Miss\u00f5es, os tr\u00eas irm\u00e3os carregam a m\u00fasica como heran\u00e7a familiar. Netos de Chico Guedes \u2014 gaiteiro missioneiro nascido em 1912, que iniciou a tradi\u00e7\u00e3o musical da fam\u00edlia \u2014 e filhos do m\u00fasico Jorge Guedes \u2014 maestro e \u00edcone da m\u00fasica rio-grandense \u2014, eles transformam refer\u00eancias transmitidas entre gera\u00e7\u00f5es em uma sonoridade que aproxima o pampa, a cultura guarani e diferentes vertentes da m\u00fasica sul-americana.<\/div>\n<div>Com apresenta\u00e7\u00f5es realizadas no Brasil e em outros pa\u00edses da Am\u00e9rica e da Europa, os Hermanos Guedes levam ao palco um espet\u00e1culo marcado pela ancestralidade, pela identidade missioneira e pela conex\u00e3o entre os povos do Sul. No Rancho Tabacaray, o trio apresenta um repert\u00f3rio alinhado \u00e0 homenagem que conduz a edi\u00e7\u00e3o deste ano.<\/div>\n<div>Os port\u00f5es abrem \u00e0s 18h30, mesmo hor\u00e1rio em que come\u00e7a o servi\u00e7o de gastronomia. O show est\u00e1 marcado para as 20h. Durante a noite, o p\u00fablico poder\u00e1 escolher pratos do card\u00e1pio \u00e0 la carte assinado pelo El Topador, al\u00e9m de bebidas comercializadas separadamente. A cozinha funciona at\u00e9 as 22h, e o encerramento do evento est\u00e1 previsto para as 22h30.<\/div>\n<div>Assistir a um show no Rancho Tabacaray \u00e9 uma experi\u00eancia que vai al\u00e9m da m\u00fasica. O p\u00fablico \u00e9 recebido no galp\u00e3o hist\u00f3rico da Zona Sul de Porto Alegre, em um ambiente preparado para reunir amigos em torno do fogo, da mesa e das express\u00f5es culturais que formam a identidade do Rio Grande do Sul.<\/div>\n<div>Mais do que uma agenda ligada \u00e0 Semana Farroupilha, o Piquete El Topador se apresenta como um festival cultural do Sul. Ao longo do m\u00eas de setembro, o projeto re\u00fane m\u00fasica, gastronomia, cultura, tradi\u00e7\u00e3o e hospitalidade, fortalecendo os v\u00ednculos entre o p\u00fablico e as ra\u00edzes culturais do Estado.<\/div>\n<div><\/div>\n<div><b>Servi\u00e7o<\/b><\/div>\n<div><\/div>\n<div><b>Show com Hermanos Guedes \u2014 Piquete El Topador 2026<\/b><\/div>\n<div><b>Quando:<\/b>\u00a03 de setembro, quinta-feira<br \/>\n<b>Onde:<\/b>\u00a0Rancho Tabacaray \u2014\u00a0<a href=\"https:\/\/www.google.com\/maps\/search\/Avenida+Vicente+Monteggia,+2770,+Vila+Nova,+Porto+Alegre?entry=gmail&amp;source=g\">Avenida Vicente Monteggia, 2770, Vila Nova, Porto Alegre<\/a><\/div>\n<div>\n<b>Hor\u00e1rios:<\/b>\u00a0abertura dos port\u00f5es e in\u00edcio da gastronomia \u00e0s 18h30; show \u00e0s 20h; cozinha at\u00e9 as 22h; encerramento \u00e0s 22h30<br \/>\n<b>Ingressos:<\/b>\u00a0<a id=\"m_6605698046369856085OWAe25af699-99b3-4e11-0d0d-e66b4c4f8e92\" href=\"https:\/\/www.sympla.com.br\/produtor\/grupoeltopador\" target=\"_blank\" rel=\"noopener noreferrer\" data-saferedirecturl=\"https:\/\/www.google.com\/url?q=https:\/\/www.sympla.com.br\/produtor\/grupoeltopador&amp;source=gmail&amp;ust=1788457360897000&amp;usg=AOvVaw3n2oL_BAsYOVr8E3FTaWpU\"><u>https:\/\/www.sympla.com.br\/<wbr \/>produtor\/grupoeltopador<\/u><\/a><\/div>\n<div><\/div>\n<div><b>Confira a programa\u00e7\u00e3o do Piquete El Topador 2026<\/b><\/div>\n<div><\/div>\n<div><b>3 de setembro \u2014 quinta-feira<\/b><br \/>\n<b>Palco Luiz Carlos Borges<\/b><br \/>\n20h \u2014 Show com Hermanos Guedes<\/div>\n<div><b>6 de setembro \u2014 domingo<\/b><br \/>\n<b>Espa\u00e7o Jayme Caetano Braun<\/b><br \/>\n11h \u2014\u00a0<i>Fotografia Missioneira<\/i>, com Guto Oliveira<\/div>\n<div><b>Espa\u00e7o Sep\u00e9 Tiaraju<\/b><\/div>\n<div>Oficina de Artesanato e Agricultura Guarani<br \/>\n12h \u2014\u00a0<i>Erva-mate: de onde viemos e para onde vamos<\/i>, com Rafael Becker<\/div>\n<div><b>Palco Luiz Carlos Borges<\/b><br \/>\n12h30 \u2014 Apresenta\u00e7\u00e3o de As Maragatas<\/div>\n<div><b>10 de setembro \u2014 quinta-feira<\/b><br \/>\n<b>Palco Luiz Carlos Borges<\/b><br \/>\n20h \u2014 Show com Os Ang\u00fceras<\/div>\n<div><\/div>\n<div><b>13 de setembro \u2014 domingo<\/b><br \/>\n<b>Espa\u00e7o Sep\u00e9 Tiaraju<\/b><br \/>\n11h30 \u2014 Oficina de Desossa, com Neto Leal<\/div>\n<div><b>Palco Luiz Carlos Borges<\/b><br \/>\n12h30 \u2014 Apresenta\u00e7\u00e3o de Marin\u00eas Siqueira<\/div>\n<div><b>Espa\u00e7o Jayme Caetano Braun<\/b><br \/>\n13h \u2014 Harmoniza\u00e7\u00e3o com Salton<\/div>\n<div><\/div>\n<div><b>18 de setembro \u2014 sexta-feira<\/b><br \/>\n<b>Palco Luiz Carlos Borges<\/b><br \/>\n20h \u2014 Show com \u00c9rlon P\u00e9ricles<\/div>\n<div><\/div>\n<div><b>20 de setembro \u2014 domingo<\/b><br \/>\n<b>Espa\u00e7o Sep\u00e9 Tiaraju<\/b><br \/>\n11h \u2014 Oficina de Carijada<i>: Fogo Ancestral<\/i>, com Rafael Becker<br \/>\nHarmoniza\u00e7\u00e3o com Baden Baden<\/div>\n<div><b>Palco Luiz Carlos Borges<\/b><br \/>\n12h \u2014 Apresenta\u00e7\u00e3o de Ricardo Comassetto<br \/>\n14h \u2014 Show com Joca Martins<\/div>\n<div><b>Espa\u00e7o Jayme Caetano Braun<\/b><br \/>\n13h30 \u2014\u00a0<i>Escultura Missioneira<\/i>, com Rossini Rodrigues<\/div>\n<div><b>Interven\u00e7\u00f5es itinerantes pelo Rancho<\/b><br \/>\n13h45 \u2014 Juliana Sloma: interven\u00e7\u00e3o po\u00e9tica e compartilhamento da poesia missioneira com o p\u00fablico<br \/>\n16h15 \u2014 Folk D\u2019Spora: interven\u00e7\u00e3o de dan\u00e7a entre o p\u00fablico ao som de m\u00fasicas missioneiras<\/div>\n<div><b>A\u00e7\u00f5es sociais<\/b><\/div>\n<div>2 de setembro \u2014 P\u00e3o dos Pobres<br \/>\n9 de setembro \u2014 FPE<br \/>\n16 de setembro \u2014 Aldeia da Fraternidade<\/div>\n<div>Durante todo o Piquete, o galp\u00e3o recebe a exposi\u00e7\u00e3o fotogr\u00e1fica 400 Anos das Miss\u00f5es &#8211; Territ\u00f3rio, Mem\u00f3ria em Perman\u00eancia, de Eduardo Rocha.<\/div>\n<div><b>Apresenta\u00e7\u00e3o<\/b><\/div>\n<div>VERO<\/div>\n<div><\/div>\n<div><b>Patroc\u00ednio Master<\/b><\/div>\n<div>Best Beef | Carne Oficial<\/div>\n<div>Guaran\u00e1 Charrua<\/div>\n<div>Baden Baden<\/div>\n<div>Salton<\/div>\n<div>Baldo<\/div>\n<div><b>\u00a0<\/b><\/div>\n<div><b>Apoio<\/b><\/div>\n<div>Termolar<\/div>\n<div>Santa Clara<\/div>\n<div>Nutrifrango<\/div>\n<div>Tramontina<\/div>\n<div>Sympla<\/div>\n<div><\/div>\n<div><\/div>\n<\/div>\n<\/div>\n<\/div>\n","protected":false},"excerpt":{"rendered":"<p>Trio de S\u00e3o Luiz Gonzaga sobe ao palco do Rancho Tabacaray em 3 de setembro, dando in\u00edcio \u00e0 temporada que homenageia a hist\u00f3ria das Miss\u00f5es &hellip; <\/p>\n","protected":false},"author":2,"featured_media":51535,"comment_status":"closed","ping_status":"closed","sticky":false,"template":"","format":"standard","meta":{"footnotes":""},"categories":[2],"tags":[],"class_list":["post-51534","post","type-post","status-publish","format-standard","has-post-thumbnail","hentry","category-noticias","latest_post"],"_links":{"self":[{"href":"https:\/\/gilpimentel.com.br\/site\/wp-json\/wp\/v2\/posts\/51534","targetHints":{"allow":["GET"]}}],"collection":[{"href":"https:\/\/gilpimentel.com.br\/site\/wp-json\/wp\/v2\/posts"}],"about":[{"href":"https:\/\/gilpimentel.com.br\/site\/wp-json\/wp\/v2\/types\/post"}],"author":[{"embeddable":true,"href":"https:\/\/gilpimentel.com.br\/site\/wp-json\/wp\/v2\/users\/2"}],"replies":[{"embeddable":true,"href":"https:\/\/gilpimentel.com.br\/site\/wp-json\/wp\/v2\/comments?post=51534"}],"version-history":[{"count":1,"href":"https:\/\/gilpimentel.com.br\/site\/wp-json\/wp\/v2\/posts\/51534\/revisions"}],"predecessor-version":[{"id":51536,"href":"https:\/\/gilpimentel.com.br\/site\/wp-json\/wp\/v2\/posts\/51534\/revisions\/51536"}],"wp:featuredmedia":[{"embeddable":true,"href":"https:\/\/gilpimentel.com.br\/site\/wp-json\/wp\/v2\/media\/51535"}],"wp:attachment":[{"href":"https:\/\/gilpimentel.com.br\/site\/wp-json\/wp\/v2\/media?parent=51534"}],"wp:term":[{"taxonomy":"category","embeddable":true,"href":"https:\/\/gilpimentel.com.br\/site\/wp-json\/wp\/v2\/categories?post=51534"},{"taxonomy":"post_tag","embeddable":true,"href":"https:\/\/gilpimentel.com.br\/site\/wp-json\/wp\/v2\/tags?post=51534"}],"curies":[{"name":"wp","href":"https:\/\/api.w.org\/{rel}","templated":true}]}}