{"id":51501,"date":"2026-09-01T04:30:46","date_gmt":"2026-09-01T07:30:46","guid":{"rendered":"https:\/\/gilpimentel.com.br\/site\/?p=51501"},"modified":"2026-09-01T15:13:06","modified_gmt":"2026-09-01T18:13:06","slug":"a-sociedade-cultural-floresta-aurora-recebe-dia-12-de-setembro-a-6a-edicao-do-projeto-lanceirinhos-negros-uma-realizacao-do-afro-sul-odomode","status":"publish","type":"post","link":"https:\/\/gilpimentel.com.br\/site\/a-sociedade-cultural-floresta-aurora-recebe-dia-12-de-setembro-a-6a-edicao-do-projeto-lanceirinhos-negros-uma-realizacao-do-afro-sul-odomode\/","title":{"rendered":"A SOCIEDADE CULTURAL FLORESTA AURORA RECEBE DIA 12 DE SETEMBRO A 6\u00aa EDI\u00c7\u00c3O DO PROJETO LANCEIRINHOS NEGROS, UMA REALIZA\u00c7\u00c3O DO AFRO-SUL ODOMODE"},"content":{"rendered":"<p>A partir das 17h do dia 12 at\u00e9 o meio-dia de domingo, dia 13, crian\u00e7as e jovens vivenciam atividades art\u00edsticas e formativas, refletem, brincam e trocam experi\u00eancias, fortalecendo sua identidade<\/p>\n<p>O projeto Lanceirinhos Negros, mantido pelo Instituto Sociocultural Afro-Sul\/Odomode em Porto Alegre, reconta a revolu\u00e7\u00e3o farroupilha para crian\u00e7as sob uma \u00f3tica antirracista, resgatando a mem\u00f3ria e o protagonismo dos her\u00f3is negros conhecidos como lanceiros negros. A iniciativa teve origem por uma inquieta\u00e7\u00e3o da educadora Edjana Deodoro que juntamente com sua m\u00e3e, a mestra da cultura afro-ga\u00facha Iara Deodoro, confeccionaram um traje de lanceirinho negro para o menino Caio, neto de Iara. A imagem do guri trajado ganhou repercuss\u00e3o nacional e estimulou o instituto a ampliar a oportunidade para mais crian\u00e7as, que hoje integram o grande ex\u00e9rcito de lanceirinhos. O projeto conta com atividades culturais de m\u00fasica, dan\u00e7a, artes visuais, teatro, culin\u00e1ria e conta\u00e7\u00e3o de hist\u00f3ria, al\u00e9m da entrega dos trajes para os participantes, e j\u00e1 vai para sua 6\u00b0 edi\u00e7\u00e3o. Formar crian\u00e7as orgulhosas de sua cultura e multiplicadoras da sua pr\u00f3pria hist\u00f3ria \u00e9 a miss\u00e3o desse projeto que, este ano, ser\u00e1 realizado no dia 12 de setembro, na Sociedade Beneficente Cultural Floresta Aurora, espa\u00e7o de refer\u00eancia para a comunidade negra da cidade e do Brasil. O acampamento dos Lanceirinhos Negros agrega alunos de escolas p\u00fablicas, crian\u00e7as que integram o projeto Nossa Identidade, e tamb\u00e9m crian\u00e7as e jovens interessados em participar dessa viv\u00eancia.<\/p>\n<p>O m\u00eas de setembro, especialmente o dia 20 de setembro, dia da revolta Farroupilha, \u00e9 marcado por comemora\u00e7\u00f5es em todo o Estado. Parte importante dessa hist\u00f3ria s\u00e3o os Lanceiros Negros, guarni\u00e7\u00e3o completamente negra, composta por escravizados, alistados a partir da promessa de liberdade. Lutaram diversas batalhas, contribuindo para os dez anos de resist\u00eancia durante a guerra civil, por\u00e9m, chegado ao fim da guerra, no dia 14 de novembro de 1845, ap\u00f3s negocia\u00e7\u00e3o entre Duque de Caxias e Bento Gon\u00e7alves, a guarni\u00e7\u00e3o dos Lanceiros Negros foi emboscada para morrer, completamente desarmados no que se tornou um dos eventos mais tristes e cru\u00e9is da nossa hist\u00f3ria. O tradicionalismo ga\u00facho, contudo, exalta a figura do Ga\u00facho e da Prenda como s\u00edmbolos regionais de luta e de protagonismo da revolta. A contribui\u00e7\u00e3o dos Lanceiros Negros, assim como a trai\u00e7\u00e3o de Porongos, ainda s\u00e3o invisibilizados da hist\u00f3ria oficial, elementos do apagamento hist\u00f3rico, mas tamb\u00e9m um recurso de opress\u00e3o e baixa autoestima do povo negro. Desde 2019 o Instituto Cultural Afro-Sul Odomod\u00ea tem criticado a centralidade do homem branco ao tradicionalismo e \u00e0 forma\u00e7\u00e3o da identidade simb\u00f3lica regional do nosso Estado, primeiro com a constru\u00e7\u00e3o cr\u00edtica internamente, com o corpo de bailarinos, de m\u00fasica e a dire\u00e7\u00e3o da entidade.<\/p>\n<p>Em setembro de 2019, a entidade produziu a indument\u00e1ria do Lanceiro Negro para vestir as crian\u00e7as com as roupas dos seus ancestrais, guerreiros e her\u00f3is. A experi\u00eancia teve muita repercuss\u00e3o, saindo na m\u00eddia nacional, e a entidade foi procurada para confec\u00e7\u00e3o das roupas de Lanceiros Negros e para conversas nas escolas com as crian\u00e7as. Fruto dessa constru\u00e7\u00e3o cr\u00edtica, vieram as primeiras viv\u00eancias do projeto Acampamento Lanceirinhos Negros com a participa\u00e7\u00e3o de crian\u00e7as de 4 a 12 anos oriundas do projeto Nossa Identidade e dos quilombos urbanos da cidade de Porto Alegre, Quilombo Lemos, Quilombo Silva, Quilombo dos Flores e Quilombo Ouro.<\/p>\n<p>O fortalecimento da autoestima das nossas crian\u00e7as \u00e9 um pilar fundamental de ambos os projetos e por isso o Instituto Afro-Sul \u00e9 t\u00e3o importante nesse contexto. \u201cEmpoderar a inf\u00e2ncia negra no Rio Grande do Sul \u00e9 construir uma base s\u00f3lida para comunidades mais justas. Quando uma crian\u00e7a descobre a sua for\u00e7a, ela transforma todo o seu entorno. Nosso projeto j\u00e1 mudou a realidade de centenas de crian\u00e7as ga\u00fachas, devolvendo a elas o direito de sonhar alto. Por meio da educa\u00e7\u00e3o, da cultura e do fortalecimento da autoestima, despertamos o potencial de lideran\u00e7a de cada menino e menina. O impacto vai muito al\u00e9m das atividades desenvolvidas no acampamento: vemos crian\u00e7as mais seguras, comunicativas e conscientes de seu papel na sociedade\u201d, reflete Edjana Deodoro.<\/p>\n<p>LANCEIRINHOS NEGROS \u2013 um projeto do Instituto Cultural Afro-Sul Odomode<\/p>\n<p>Dia 12 de setembro, a partir das 17h, at\u00e9 dia 13 de setembro, \u00e0s 12h<\/p>\n<p>Sociedade Beneficente Cultural Floresta Aurora &#8211; Estr. Afonso Louren\u00e7o Mariante, 437 &#8211; Lomba do Pinheiro<\/p>\n<p>Inscri\u00e7\u00f5es no link: https:\/\/forms.gle\/uuRQuVARWaeovDoV9 \/ vagas limitadas<\/p>\n<p>Siga o Afro-Sul nas redes:<\/p>\n<p>https:\/\/www.instagram.com\/afrosul.odomodeoficial\/<\/p>\n<p>https:\/\/www.facebook.com\/afrosul.odomode<\/p>\n<p>&nbsp;<\/p>\n","protected":false},"excerpt":{"rendered":"<p>A partir das 17h do dia 12 at\u00e9 o meio-dia de domingo, dia 13, crian\u00e7as e jovens vivenciam atividades art\u00edsticas e formativas, refletem, brincam e &hellip; <\/p>\n","protected":false},"author":2,"featured_media":51502,"comment_status":"closed","ping_status":"closed","sticky":false,"template":"","format":"standard","meta":{"footnotes":""},"categories":[2],"tags":[],"class_list":["post-51501","post","type-post","status-publish","format-standard","has-post-thumbnail","hentry","category-noticias","latest_post"],"_links":{"self":[{"href":"https:\/\/gilpimentel.com.br\/site\/wp-json\/wp\/v2\/posts\/51501","targetHints":{"allow":["GET"]}}],"collection":[{"href":"https:\/\/gilpimentel.com.br\/site\/wp-json\/wp\/v2\/posts"}],"about":[{"href":"https:\/\/gilpimentel.com.br\/site\/wp-json\/wp\/v2\/types\/post"}],"author":[{"embeddable":true,"href":"https:\/\/gilpimentel.com.br\/site\/wp-json\/wp\/v2\/users\/2"}],"replies":[{"embeddable":true,"href":"https:\/\/gilpimentel.com.br\/site\/wp-json\/wp\/v2\/comments?post=51501"}],"version-history":[{"count":1,"href":"https:\/\/gilpimentel.com.br\/site\/wp-json\/wp\/v2\/posts\/51501\/revisions"}],"predecessor-version":[{"id":51503,"href":"https:\/\/gilpimentel.com.br\/site\/wp-json\/wp\/v2\/posts\/51501\/revisions\/51503"}],"wp:featuredmedia":[{"embeddable":true,"href":"https:\/\/gilpimentel.com.br\/site\/wp-json\/wp\/v2\/media\/51502"}],"wp:attachment":[{"href":"https:\/\/gilpimentel.com.br\/site\/wp-json\/wp\/v2\/media?parent=51501"}],"wp:term":[{"taxonomy":"category","embeddable":true,"href":"https:\/\/gilpimentel.com.br\/site\/wp-json\/wp\/v2\/categories?post=51501"},{"taxonomy":"post_tag","embeddable":true,"href":"https:\/\/gilpimentel.com.br\/site\/wp-json\/wp\/v2\/tags?post=51501"}],"curies":[{"name":"wp","href":"https:\/\/api.w.org\/{rel}","templated":true}]}}