{"id":51482,"date":"2026-09-01T06:30:44","date_gmt":"2026-09-01T09:30:44","guid":{"rendered":"https:\/\/gilpimentel.com.br\/site\/?p=51482"},"modified":"2026-09-02T00:29:44","modified_gmt":"2026-09-02T03:29:44","slug":"mini-mundo-realiza-22a-campanha-do-alimento","status":"publish","type":"post","link":"https:\/\/gilpimentel.com.br\/site\/mini-mundo-realiza-22a-campanha-do-alimento\/","title":{"rendered":"MINI MUNDO REALIZA 22\u00aa CAMPANHA DO ALIMENTO"},"content":{"rendered":"<p>Troca de 2kg de alimentos por ingresso ser\u00e1 v\u00e1lida durante todo o m\u00eas de setembro<\/p>\n<p>Reafirmando seu compromisso social como um dos pilares de sua cultura, o Mini Mundo anuncia a 22\u00aa edi\u00e7\u00e3o da tradicional Campanha do Alimento. Entre os dias 1\u00ba e 30 de setembro, moradores de Gramado e Canela ter\u00e3o acesso gratuito ao parque mediante a doa\u00e7\u00e3o de 2kg de alimentos n\u00e3o perec\u00edveis por pessoa e a apresenta\u00e7\u00e3o de comprovante de resid\u00eancia.<\/p>\n<p>As visitas escolares tamb\u00e9m fazem parte da campanha refor\u00e7ando a solidariedade e o apoio \u00e0s comunidades regionais. Al\u00e9m das escolas de Gramado e Canela, institui\u00e7\u00f5es de ensino de S\u00e3o Francisco de Paula, Igrejinha, Tr\u00eas Coroas, Nova Petr\u00f3polis e Taquara poder\u00e3o agendar previamente visitas ao parque com entrada gratuita em troca de 2kg de alimentos n\u00e3o perec\u00edveis por aluno. As visitas escolares ocorrer\u00e3o de segunda a sexta-feira e devem ser agendadas com anteced\u00eancia junto \u00e0 equipe do Mini Mundo pelo WhatsApp (54) 3286-4055.<\/p>\n<p>\u201cCom a Campanha do Alimento, abrimos as portas do parque para que a comunidade viva momentos de lazer e encantamento enquanto contribui com este importante movimento em favor das entidades beneficentes que recebem as doa\u00e7\u00f5es&#8221;, destaca a diretora de opera\u00e7\u00f5es do Mini Mundo, Gisele Nienow.<\/p>\n<p>SERVI\u00c7O<\/p>\n<p>O QU\u00ca: 22\u00aa Campanha do Mini Mundo (1\u00ba a 30 de setembro)<\/p>\n<p>ONDE: Rua Hor\u00e1cio Cardoso, 291, Bairro Planalto, Gramado\/RS<\/p>\n<p>HOR\u00c1RIO: Diariamente, das 9h \u00e0s 17h<\/p>\n<p>SITE: www.minimundo.com.br<\/p>\n<p>TELEFONE: (54) 3286-4055<\/p>\n<p>&nbsp;<\/p>\n<p>&nbsp;<\/p>\n<p>&nbsp;<\/p>\n<p>&nbsp;<\/p>\n<p>&nbsp;<\/p>\n<p>&nbsp;<\/p>\n<p>&nbsp;<\/p>\n","protected":false},"excerpt":{"rendered":"<p>Troca de 2kg de alimentos por ingresso ser\u00e1 v\u00e1lida durante todo o m\u00eas de setembro Reafirmando seu compromisso social como um dos pilares de sua &hellip; <\/p>\n","protected":false},"author":2,"featured_media":51483,"comment_status":"closed","ping_status":"closed","sticky":false,"template":"","format":"standard","meta":{"footnotes":""},"categories":[2],"tags":[],"class_list":["post-51482","post","type-post","status-publish","format-standard","has-post-thumbnail","hentry","category-noticias","latest_post"],"_links":{"self":[{"href":"https:\/\/gilpimentel.com.br\/site\/wp-json\/wp\/v2\/posts\/51482","targetHints":{"allow":["GET"]}}],"collection":[{"href":"https:\/\/gilpimentel.com.br\/site\/wp-json\/wp\/v2\/posts"}],"about":[{"href":"https:\/\/gilpimentel.com.br\/site\/wp-json\/wp\/v2\/types\/post"}],"author":[{"embeddable":true,"href":"https:\/\/gilpimentel.com.br\/site\/wp-json\/wp\/v2\/users\/2"}],"replies":[{"embeddable":true,"href":"https:\/\/gilpimentel.com.br\/site\/wp-json\/wp\/v2\/comments?post=51482"}],"version-history":[{"count":1,"href":"https:\/\/gilpimentel.com.br\/site\/wp-json\/wp\/v2\/posts\/51482\/revisions"}],"predecessor-version":[{"id":51484,"href":"https:\/\/gilpimentel.com.br\/site\/wp-json\/wp\/v2\/posts\/51482\/revisions\/51484"}],"wp:featuredmedia":[{"embeddable":true,"href":"https:\/\/gilpimentel.com.br\/site\/wp-json\/wp\/v2\/media\/51483"}],"wp:attachment":[{"href":"https:\/\/gilpimentel.com.br\/site\/wp-json\/wp\/v2\/media?parent=51482"}],"wp:term":[{"taxonomy":"category","embeddable":true,"href":"https:\/\/gilpimentel.com.br\/site\/wp-json\/wp\/v2\/categories?post=51482"},{"taxonomy":"post_tag","embeddable":true,"href":"https:\/\/gilpimentel.com.br\/site\/wp-json\/wp\/v2\/tags?post=51482"}],"curies":[{"name":"wp","href":"https:\/\/api.w.org\/{rel}","templated":true}]}}