{"id":51473,"date":"2026-09-01T04:00:35","date_gmt":"2026-09-01T07:00:35","guid":{"rendered":"https:\/\/gilpimentel.com.br\/site\/?p=51473"},"modified":"2026-08-31T23:38:16","modified_gmt":"2026-09-01T02:38:16","slug":"exposicao-eu-afeto-reune-obras-ineditas-de-20-artistas-visuais-negros-em-porto-alegre","status":"publish","type":"post","link":"https:\/\/gilpimentel.com.br\/site\/exposicao-eu-afeto-reune-obras-ineditas-de-20-artistas-visuais-negros-em-porto-alegre\/","title":{"rendered":"EXPOSI\u00c7\u00c3O EU AFETO RE\u00daNE OBRAS IN\u00c9DITAS DE 20 ARTISTAS VISUAIS NEGROS EM PORTO ALEGRE"},"content":{"rendered":"<p>Trabalhos poder\u00e3o ser visitados gratuitamente no Pa\u00e7o Municipal de 9 de setembro a 9 de dezembro<\/p>\n<p>O Mamangava Lab. inaugura no dia 9 de setembro, quarta-feira, \u00e0s 18h, no Museu de Arte do Pa\u00e7o (Pra\u00e7a Montevideo, 10) em Porto Alegre (RS), a EU AFETO, uma exposi\u00e7\u00e3o em movimento. Com curadoria de Laila Garroni, a mostra coletiva re\u00fane trabalhos in\u00e9ditos de 20 artistas visuais negros do RS. Com entrada franca, a visita\u00e7\u00e3o acontece de segunda a sexta-feira, exceto feriados, das 9h \u00e0s 17h, at\u00e9 o dia 9 de dezembro. A programa\u00e7\u00e3o tamb\u00e9m prev\u00ea atividades especiais para a Semana da Consci\u00eancia Negra, que acontece de 16 a 19 de novembro.<\/p>\n<p>Cada um dos artistas produziu uma obra para a EU AFETO, que aborda a diversidade da experi\u00eancia negra e variados sentidos de afeto, incluindo ancestralidade e pertencimento. A curadoria reuniu criativos residentes em Porto Alegre, Pelotas, Rio Grande e Santa Maria para revelar suas interpreta\u00e7\u00f5es em v\u00e1rios suportes como colagem, desenho, fotografia, instala\u00e7\u00e3o e pintura. Al\u00e9m da exposi\u00e7\u00e3o, a equipe prepara a\u00e7\u00f5es de comunica\u00e7\u00e3o e media\u00e7\u00e3o para aproximar a mostra de jovens, escolas e coletivos.<\/p>\n<p>Segundo Laila, uma das propostas do trabalho \u00e9 entregar mais uma possibilidade de lugar de troca sobre a humanidade negra. &#8220;O trabalho coletivo representa o que \u00e9 ser uma pessoa negra no mundo, no RS e quais s\u00e3o todos os afetos que nos permeiam. Afeto n\u00e3o \u00e9 s\u00f3 o que tentam nos dizer o que \u00e9 esse sentimento romantizado: amor ou carinho, por exemplo&#8221;, explica a curadora. &#8220;Tamb\u00e9m tem que contemplar a nossa raiva, insatisfa\u00e7\u00e3o, os nossos momentos de solid\u00e3o e despertencimento . Isso tudo vislumbra a nossa exist\u00eancia&#8221;, elabora.<\/p>\n<p>O papel do processo curatorial foi ouvir e provocar os artistas, estimulando o aprofundamento de suas ideias sem impor caminhos ou resultados. As conversas muitas vezes alcan\u00e7aram quest\u00f5es pessoais e emocionais profundas. A curadoria estimulou os criadores a reivindicar a humanidade atrav\u00e9s da demonstra\u00e7\u00e3o de todas as suas dimens\u00f5es emocionais inerentes \u00e0s viv\u00eancias negras.<\/p>\n<p>O processo foi longo (come\u00e7ou em 2024) e rendeu &#8220;sess\u00f5es de terapia&#8221; com cada um dos 20 artistas. &#8220;Ent\u00e3o, quando eu levantava esses questionamentos e os artistas passavam por um processo de autoan\u00e1lise, de entender: mas por que realmente eu acho que a minha raiva n\u00e3o \u00e9 afeto?&#8221;, explica Laila Garroni. &#8220;E a\u00ed a gente discutia horas e horas sobre isso, sobre como a raiva, principalmente relacionada ao povo negro, \u00e9 usada para nos retirar a nossa humanidade&#8221;, questiona.<\/p>\n<p>A exposi\u00e7\u00e3o coletiva nasceu dos desdobramentos do document\u00e1rio in\u00e9dito, de mesmo nome, &#8220;EU AFETO&#8221;, dirigido por Laila. O projeto, contemplado com recursos da Lei Paulo Gustavo, investiga como a heran\u00e7a africana permeia e rege a vida de pessoas negras em di\u00e1spora no Brasil. Ali nasceu o embri\u00e3o da mostra: distanciar-se da idealiza\u00e7\u00e3o e romantiza\u00e7\u00e3o do afeto, investigando as armadilhas criadas quando aceitamos apenas sua faceta agrad\u00e1vel. O document\u00e1rio tem lan\u00e7amento previsto para 2027.<\/p>\n<p>O projeto EU AFETO.expo conta com recursos do Edital SEDAC\/PNAB RS n\u00ba 29\/2024 para artes visuais.<\/p>\n<p>Servi\u00e7o<\/p>\n<p>EU AFETO, uma exposi\u00e7\u00e3o em movimento<\/p>\n<p>Abertura: 9 de setembro de 2026, quarta-feira, \u00e0s 18h<\/p>\n<p>Quando: de 9 de setembro a 9 de dezembro de 2026<\/p>\n<p>Hor\u00e1rio de visita\u00e7\u00e3o: de segunda a sexta-feira, exceto feriados, das 9h \u00e0s 17h<\/p>\n<p>Onde: Museu de Arte do Pa\u00e7o (Pra\u00e7a Montevideo, 10 &#8211; Centro Hist\u00f3rico de Porto Alegre-RS)<\/p>\n<p>Quanto: entrada franca<\/p>\n<p>Instagram: @euafeto.expo e @mamangava.lab<\/p>\n<p>Site: mamangavalab.com<\/p>\n<p>Artistas: Afrokaliptico, Avel, CARCOR, Est\u00eav\u00e3o da Fontoura, Gustavo Assarian, Josemar Afrovulto, Kayla Calistro, Leandro Machado, Lia Braga, Marcos Porto, Marlon Laurencio, Mitti Mendon\u00e7a, Pamela Zorn, Paulo Corr\u00eaa, Rusha, Thiago Madruga, Tintas Dener, Virg\u00ednia Di Lauro, Wagner Mello e Yasmim Lima<\/p>\n<p>Cr\u00e9ditos: Curadoria: Laila Garroni; Produ\u00e7\u00e3o Executiva: Caroline Ferreira; Projeto Expogr\u00e1fico: Thaise Machado; Identidade Visual: Aline Gon\u00e7alves e Realiza\u00e7\u00e3o: Mamangava Lab<\/p>\n<p>Sobre Mamangava Lab.<\/p>\n<p>A Mamangava Lab. \u00e9 uma empresa criativa do setor audiovisual que atua no desenvolvimento, produ\u00e7\u00e3o executiva, comunica\u00e7\u00e3o, curadoria e difus\u00e3o de projetos culturais com foco em narrativas negras diasp\u00f3ricas contempor\u00e2neas.<\/p>\n<p>Com atua\u00e7\u00e3o interdisciplinar, a empresa se posiciona na intersec\u00e7\u00e3o entre cria\u00e7\u00e3o art\u00edstica e estrat\u00e9gia de mercado, estruturando projetos com potencial de circula\u00e7\u00e3o, impacto cultural e inser\u00e7\u00e3o em mercados nacionais e internacionais.<\/p>\n<p>Entre seus principais trabalhos recentes, destaca-se o document\u00e1rio EU AFETO, contemplado pela Lei Paulo Gustavo do Estado do Rio Grande do Sul e selecionado para a rodada de neg\u00f3cios do Rio2C 2026 pelo Canal Brasil. A sele\u00e7\u00e3o da produ\u00e7\u00e3o por um canal de alto porte evidencia seu potencial de inser\u00e7\u00e3o em ambientes estrat\u00e9gicos do setor audiovisual.<\/p>\n<p>A empresa tamb\u00e9m realizou a produ\u00e7\u00e3o de elenco do longa-metragem &#8220;Malick&#8221;, atualmente em fase de lan\u00e7amento, e atuou na comunica\u00e7\u00e3o e estrat\u00e9gia de distribui\u00e7\u00e3o do longa &#8220;Ex\u00fa Tranca Rua e Seus Caminhos&#8221;, que passou a integrar o cat\u00e1logo da Sulflix, ampliando sua presen\u00e7a em plataformas digitais e no circuito de exibi\u00e7\u00e3o regional.<\/p>\n<p>A Mamangava Lab. vem consolidando sua atua\u00e7\u00e3o como agente de articula\u00e7\u00e3o de projetos audiovisuais, com foco na valoriza\u00e7\u00e3o de narrativas negras e na expans\u00e3o de sua presen\u00e7a em circuitos estrat\u00e9gicos.<\/p>\n<p>&nbsp;<\/p>\n","protected":false},"excerpt":{"rendered":"<p>Trabalhos poder\u00e3o ser visitados gratuitamente no Pa\u00e7o Municipal de 9 de setembro a 9 de dezembro O Mamangava Lab. inaugura no dia 9 de setembro, &hellip; <\/p>\n","protected":false},"author":2,"featured_media":51474,"comment_status":"closed","ping_status":"closed","sticky":false,"template":"","format":"standard","meta":{"footnotes":""},"categories":[2],"tags":[],"class_list":["post-51473","post","type-post","status-publish","format-standard","has-post-thumbnail","hentry","category-noticias","latest_post"],"_links":{"self":[{"href":"https:\/\/gilpimentel.com.br\/site\/wp-json\/wp\/v2\/posts\/51473","targetHints":{"allow":["GET"]}}],"collection":[{"href":"https:\/\/gilpimentel.com.br\/site\/wp-json\/wp\/v2\/posts"}],"about":[{"href":"https:\/\/gilpimentel.com.br\/site\/wp-json\/wp\/v2\/types\/post"}],"author":[{"embeddable":true,"href":"https:\/\/gilpimentel.com.br\/site\/wp-json\/wp\/v2\/users\/2"}],"replies":[{"embeddable":true,"href":"https:\/\/gilpimentel.com.br\/site\/wp-json\/wp\/v2\/comments?post=51473"}],"version-history":[{"count":1,"href":"https:\/\/gilpimentel.com.br\/site\/wp-json\/wp\/v2\/posts\/51473\/revisions"}],"predecessor-version":[{"id":51475,"href":"https:\/\/gilpimentel.com.br\/site\/wp-json\/wp\/v2\/posts\/51473\/revisions\/51475"}],"wp:featuredmedia":[{"embeddable":true,"href":"https:\/\/gilpimentel.com.br\/site\/wp-json\/wp\/v2\/media\/51474"}],"wp:attachment":[{"href":"https:\/\/gilpimentel.com.br\/site\/wp-json\/wp\/v2\/media?parent=51473"}],"wp:term":[{"taxonomy":"category","embeddable":true,"href":"https:\/\/gilpimentel.com.br\/site\/wp-json\/wp\/v2\/categories?post=51473"},{"taxonomy":"post_tag","embeddable":true,"href":"https:\/\/gilpimentel.com.br\/site\/wp-json\/wp\/v2\/tags?post=51473"}],"curies":[{"name":"wp","href":"https:\/\/api.w.org\/{rel}","templated":true}]}}