{"id":51467,"date":"2026-09-01T21:39:59","date_gmt":"2026-09-02T00:39:59","guid":{"rendered":"https:\/\/gilpimentel.com.br\/site\/?p=51467"},"modified":"2026-09-02T00:42:36","modified_gmt":"2026-09-02T03:42:36","slug":"dj-favorino-collares-celebra-32-anos-de-festas-da-expointer-no-encouracado-butikin","status":"publish","type":"post","link":"https:\/\/gilpimentel.com.br\/site\/dj-favorino-collares-celebra-32-anos-de-festas-da-expointer-no-encouracado-butikin\/","title":{"rendered":"DJ FAVORINO COLLARES CELEBRA 32 ANOS DE FESTAS DA EXPOINTER NO ENCOURA\u00c7ADO BUTIKIN"},"content":{"rendered":"<p>Bageense conhecido por comandar algumas das principais festas do Estado apresenta repert\u00f3rio de rock, pop e m\u00fasica latina neste s\u00e1bado<\/p>\n<p>H\u00e1 32 anos animando as noites da Expointer, o DJ bageense Favorino Collares \u00e9 a atra\u00e7\u00e3o do Encoura\u00e7ado Butikin neste s\u00e1bado, 5 de setembro, a partir das 20h30. A festa O Agro \u00e9 Rock, o Agro \u00e9 Tudo leva para a pista sucessos do rock, do pop e da m\u00fasica latina que marcaram as d\u00e9cadas de 1980 e 1990.<\/p>\n<p>A trajet\u00f3ria de Favorino ligada \u00e0 feira come\u00e7ou em 1994, quando comandou sua primeira festa durante a Expointer, no British Club. Desde ent\u00e3o, tornou-se presen\u00e7a recorrente nos encontros que movimentam o calend\u00e1rio social do evento.<\/p>\n<p>Fora do circuito da Expointer, o DJ tamb\u00e9m construiu uma trajet\u00f3ria ligada a festas realizadas durante o Carnaval em Punta del Este. Os eventos, que tradicionalmente atraem muitos brasileiros ao balne\u00e1rio uruguaio, ajudaram a ampliar sua proje\u00e7\u00e3o para al\u00e9m do Rio Grande do Sul.<\/p>\n<p>No Encoura\u00e7ado Butikin, Favorino apresenta um repert\u00f3rio que percorre diferentes momentos de sua carreira, reunindo m\u00fasicas que marcaram as festas da Expointer e outras pistas comandadas pelo DJ ao longo de mais de tr\u00eas d\u00e9cadas.<\/p>\n<p>O Encoura\u00e7ado Butikin fica na Avenida Independ\u00eancia, 936, em Porto Alegre. O check-in \u00e9 obrigat\u00f3rio e deve ser realizado pelo WhatsApp (51) 99820-8703.<\/p>\n<p>SERVI\u00c7O<\/p>\n<p>Festa O Agro \u00e9 Rock, o Agro \u00e9 Tudo com DJ Favorino Collares<\/p>\n<p>05 de setembro | S\u00e1bado<\/p>\n<p>20h30<\/p>\n<p>Av. Independ\u00eancia, 936<\/p>\n<p>Informa\u00e7\u00f5es e reservas pelo WhatsApp: (51) 99820-8703<\/p>\n<p>&nbsp;<\/p>\n","protected":false},"excerpt":{"rendered":"<p>Bageense conhecido por comandar algumas das principais festas do Estado apresenta repert\u00f3rio de rock, pop e m\u00fasica latina neste s\u00e1bado H\u00e1 32 anos animando as &hellip; <\/p>\n","protected":false},"author":2,"featured_media":51468,"comment_status":"closed","ping_status":"closed","sticky":false,"template":"","format":"standard","meta":{"footnotes":""},"categories":[2],"tags":[],"class_list":["post-51467","post","type-post","status-publish","format-standard","has-post-thumbnail","hentry","category-noticias","latest_post"],"_links":{"self":[{"href":"https:\/\/gilpimentel.com.br\/site\/wp-json\/wp\/v2\/posts\/51467","targetHints":{"allow":["GET"]}}],"collection":[{"href":"https:\/\/gilpimentel.com.br\/site\/wp-json\/wp\/v2\/posts"}],"about":[{"href":"https:\/\/gilpimentel.com.br\/site\/wp-json\/wp\/v2\/types\/post"}],"author":[{"embeddable":true,"href":"https:\/\/gilpimentel.com.br\/site\/wp-json\/wp\/v2\/users\/2"}],"replies":[{"embeddable":true,"href":"https:\/\/gilpimentel.com.br\/site\/wp-json\/wp\/v2\/comments?post=51467"}],"version-history":[{"count":1,"href":"https:\/\/gilpimentel.com.br\/site\/wp-json\/wp\/v2\/posts\/51467\/revisions"}],"predecessor-version":[{"id":51469,"href":"https:\/\/gilpimentel.com.br\/site\/wp-json\/wp\/v2\/posts\/51467\/revisions\/51469"}],"wp:featuredmedia":[{"embeddable":true,"href":"https:\/\/gilpimentel.com.br\/site\/wp-json\/wp\/v2\/media\/51468"}],"wp:attachment":[{"href":"https:\/\/gilpimentel.com.br\/site\/wp-json\/wp\/v2\/media?parent=51467"}],"wp:term":[{"taxonomy":"category","embeddable":true,"href":"https:\/\/gilpimentel.com.br\/site\/wp-json\/wp\/v2\/categories?post=51467"},{"taxonomy":"post_tag","embeddable":true,"href":"https:\/\/gilpimentel.com.br\/site\/wp-json\/wp\/v2\/tags?post=51467"}],"curies":[{"name":"wp","href":"https:\/\/api.w.org\/{rel}","templated":true}]}}