{"id":51455,"date":"2026-09-01T07:00:37","date_gmt":"2026-09-01T10:00:37","guid":{"rendered":"https:\/\/gilpimentel.com.br\/site\/?p=51455"},"modified":"2026-09-02T00:31:14","modified_gmt":"2026-09-02T03:31:14","slug":"show-a-flor-e-o-poeta-leva-classicos-do-samba-choro-serestas-e-cancoes-ao-teatro-oficina-olga-reverbel","status":"publish","type":"post","link":"https:\/\/gilpimentel.com.br\/site\/show-a-flor-e-o-poeta-leva-classicos-do-samba-choro-serestas-e-cancoes-ao-teatro-oficina-olga-reverbel\/","title":{"rendered":"SHOW \u201cA FLOR E O POETA\u201d LEVA CL\u00c1SSICOS DO SAMBA, CHORO, SERESTAS E CAN\u00c7\u00d5ES AO TEATRO OFICINA OLGA REVERBEL"},"content":{"rendered":"<p>No dia 04 de setembro, sexta-feira, \u00e0s 19h, o Teatro Oficina Olga Reverbel, no Multipalco Eva Sopher, recebe o espet\u00e1culo musical A Flor e o Poeta.<\/p>\n<p>Protagonizado pelos int\u00e9rpretes J\u00f4 Remi\u00e3o e Ronaldo Poeta, o show retorna ao palco ap\u00f3s estrear com ingressos esgotados em dezembro de 2025. A apresenta\u00e7\u00e3o percorre alguns dos mais belos sambas, choros e can\u00e7\u00f5es da m\u00fasica brasileira, valorizando a riqueza e a diversidade desse repert\u00f3rio.<\/p>\n<p>O programa re\u00fane grandes compositores de diferentes momentos da m\u00fasica brasileira, como Pixinguinha, Jacob do Bandolim, Vinicius de Moraes, Toquinho, Paulinho da Viola e Chico Buarque, e valoriza a produ\u00e7\u00e3o do Rio Grande do Sul, representada por Nelson Coelho de Castro, que far\u00e1 uma participa\u00e7\u00e3o especial com o grupo. Obras de Ederaldo Gentil e Moacyr Luz completam um repert\u00f3rio que alterna lirismo, balan\u00e7o e grandes interpreta\u00e7\u00f5es.<\/p>\n<p>A palavra cantada e a poesia est\u00e3o no centro da concep\u00e7\u00e3o de A Flor e o Poeta. As can\u00e7\u00f5es se sucedem em um roteiro que aproxima m\u00fasica, poesia e interpreta\u00e7\u00e3o, criando diferentes momentos ao longo da apresenta\u00e7\u00e3o, com destaque para os blocos constru\u00eddos a partir das obras de Vinicius de Moraes.<\/p>\n<p>Sob a dire\u00e7\u00e3o art\u00edstica de Marcelo Delacroix, J\u00f4 Remi\u00e3o e Ronaldo Poeta compartilham o palco com Mateus Nascimento (viol\u00e3o e vocal), Jo\u00e3o Madruga (viol\u00e3o de sete cordas e vocal), Pedro Callegaro (cavaquinho e vocal) e Giovanni Berti (percuss\u00e3o), em uma forma\u00e7\u00e3o pensada especialmente para dar vida aos arranjos do espet\u00e1culo.<\/p>\n<p>A Flor e o Poeta retorna para mais uma noite de grandes can\u00e7\u00f5es brasileiras, poesia e o prazer da m\u00fasica feita entre amigos e para os amigos da boa m\u00fasica.<\/p>\n<p>Os ingressos est\u00e3o dispon\u00edveis a partir de R$ 40,00 pela plataforma oficial do Complexo Cultural Theatro S\u00e3o Pedro.<\/p>\n<p>SERVI\u00c7O<\/p>\n<p>O qu\u00ea: Show musical A Flor e o Poeta, de J\u00f4 Remi\u00e3o e Ronaldo Poeta Quando: 04 de setembro, sexta-feira, \u00e0s 19h Onde: Teatro Oficina Olga Reverbel \u2013 Multipalco Eva Sopher \/ Complexo Cultural Theatro S\u00e3o Pedro (Pra\u00e7a Marechal Deodoro, s\/n\u00ba \u2013 Centro Hist\u00f3rico | Porto Alegre\/RS) Ingressos: a partir de R$ 40,00 Vendas on-line: https:\/\/theatrosaopedro.rs.gov.br\/a-flor-e-o-poeta e, no dia do espet\u00e1culo, a partir das 18h, mediante disponibilidade.<\/p>\n<p>FICHA T\u00c9CNICA Voz e percuss\u00e3o: J\u00f4 Remi\u00e3o e Ronaldo Poeta M\u00fasicos: Mateus Nascimento (viol\u00e3o e vocal), Jo\u00e3o Madruga (viol\u00e3o de sete cordas e vocal), Pedro Callegaro (cavaquinho e vocal) e Giovanni Berti (percuss\u00e3o) Dire\u00e7\u00e3o art\u00edstica: Marcelo Delacroix<\/p>\n<p>&nbsp;<\/p>\n","protected":false},"excerpt":{"rendered":"<p>No dia 04 de setembro, sexta-feira, \u00e0s 19h, o Teatro Oficina Olga Reverbel, no Multipalco Eva Sopher, recebe o espet\u00e1culo musical A Flor e o &hellip; <\/p>\n","protected":false},"author":2,"featured_media":51456,"comment_status":"closed","ping_status":"closed","sticky":false,"template":"","format":"standard","meta":{"footnotes":""},"categories":[2],"tags":[],"class_list":["post-51455","post","type-post","status-publish","format-standard","has-post-thumbnail","hentry","category-noticias","latest_post"],"_links":{"self":[{"href":"https:\/\/gilpimentel.com.br\/site\/wp-json\/wp\/v2\/posts\/51455","targetHints":{"allow":["GET"]}}],"collection":[{"href":"https:\/\/gilpimentel.com.br\/site\/wp-json\/wp\/v2\/posts"}],"about":[{"href":"https:\/\/gilpimentel.com.br\/site\/wp-json\/wp\/v2\/types\/post"}],"author":[{"embeddable":true,"href":"https:\/\/gilpimentel.com.br\/site\/wp-json\/wp\/v2\/users\/2"}],"replies":[{"embeddable":true,"href":"https:\/\/gilpimentel.com.br\/site\/wp-json\/wp\/v2\/comments?post=51455"}],"version-history":[{"count":1,"href":"https:\/\/gilpimentel.com.br\/site\/wp-json\/wp\/v2\/posts\/51455\/revisions"}],"predecessor-version":[{"id":51457,"href":"https:\/\/gilpimentel.com.br\/site\/wp-json\/wp\/v2\/posts\/51455\/revisions\/51457"}],"wp:featuredmedia":[{"embeddable":true,"href":"https:\/\/gilpimentel.com.br\/site\/wp-json\/wp\/v2\/media\/51456"}],"wp:attachment":[{"href":"https:\/\/gilpimentel.com.br\/site\/wp-json\/wp\/v2\/media?parent=51455"}],"wp:term":[{"taxonomy":"category","embeddable":true,"href":"https:\/\/gilpimentel.com.br\/site\/wp-json\/wp\/v2\/categories?post=51455"},{"taxonomy":"post_tag","embeddable":true,"href":"https:\/\/gilpimentel.com.br\/site\/wp-json\/wp\/v2\/tags?post=51455"}],"curies":[{"name":"wp","href":"https:\/\/api.w.org\/{rel}","templated":true}]}}