{"id":51427,"date":"2026-09-01T02:15:43","date_gmt":"2026-09-01T05:15:43","guid":{"rendered":"https:\/\/gilpimentel.com.br\/site\/?p=51427"},"modified":"2026-08-31T20:59:04","modified_gmt":"2026-08-31T23:59:04","slug":"auditorio-araujo-vianna-apresenta-marcelo-falcao","status":"publish","type":"post","link":"https:\/\/gilpimentel.com.br\/site\/auditorio-araujo-vianna-apresenta-marcelo-falcao\/","title":{"rendered":"AUDIT\u00d3RIO ARA\u00daJO VIANNA APRESENTA MARCELO FALC\u00c3O"},"content":{"rendered":"<p>Com o show baseado no seu mais recente trabalho de est\u00fadio e em diferentes momentos da sua trajet\u00f3ria, Marcelo Falc\u00e3o viajar\u00e1 por poucas capitais em 2026, incluindo Porto Alegre nesse roteiro. O cantor vai trazer ao Audit\u00f3rio Ara\u00fajo Vianna, no dia 4 de setembro, a turn\u00ea \u201cO Legado\u201d, em que revisita a sua hist\u00f3ria e mostra que \u00e9 uma das figuras mais emblem\u00e1ticas da m\u00fasica brasileira.<\/p>\n<p>Al\u00e9m de incluir no repert\u00f3rio singles novos como \u201cVit\u00f3ria\u201d e \u201cFela Kuti\u201d, Falc\u00e3o n\u00e3o deixar\u00e1 de fora do set-list os sucessos que atravessam gera\u00e7\u00f5es, incluindo m\u00fasicas da sua carreira solo e cl\u00e1ssicos ligados ao per\u00edodo em que esteve \u00e0 frente do O Rappa. A apresenta\u00e7\u00e3o, que tem outras datas somente no Rio de Janeiro, S\u00e3o Paulo e em Curitiba, vai conectar as diversas fases do artista.<\/p>\n<p>No palco, o cantor estar\u00e1 acompanhado da sua banda completa, formada por Negralha (DJ), Cleber (bateria), Davi e Vine Bone (sax), Ferinha (teclado), Arimat\u00e9a (trompete), Vallad\u00e3o (baixo) e Mari (guitarra). \u201cO p\u00fablico pode esperar por um show potente, com m\u00fasicas que v\u00eam do cora\u00e7\u00e3o e ganham for\u00e7a ao vivo. \u00c9 um momento especial. Quem est\u00e1 ali merece o melhor, e \u00e9 isso que eu busco entregar\u201d, adianta Falc\u00e3o.<\/p>\n<p>MARCELO FALC\u00c3O<\/p>\n<p>Uma das vozes mais representativas da m\u00fasica brasileira contempor\u00e2nea, Marcelo Falc\u00e3o iniciou a sua trajet\u00f3ria no in\u00edcio da d\u00e9cada de 90 e ganhou proje\u00e7\u00e3o nacional como vocalista do O Rappa. O grupo carioca, que tem sucessos como \u201cPescador de Ilus\u00f5es\u201d, \u201cRodo Cotidiano\u201d e \u201cMe Deixa\u201d, conquistou o p\u00fablico ao unir rock, reggae e rap numa linguagem bastante pr\u00f3pria.\u00c0 frente da banda, Falc\u00e3o participou de \u00e1lbuns premiados e que bateram recordes de venda, como \u201cLado B Lado A\u201d (1999), \u201cO Sil\u00eancio Q Precede o Esporro\u201d (2003) e \u201c7 Vezes\u201d (2008). Em carreira solo desde 2018, ele estreou com o disco \u201cViver (Mais Leve que o Ar)\u201d e soltou no final do ano passado \u201cO Legado\u201d.<\/p>\n<p>\u201cQuando revisito minha hist\u00f3ria e, ao mesmo tempo, gravo com a nova gera\u00e7\u00e3o, vejo que essa troca \u00e9 verdadeira. Existem respeito e admira\u00e7\u00e3o, e isso \u00e9 emocionante\u201d, explica o cantor sobre o \u00e1lbum, que re\u00fane convidados especiais. \u201cMinha continuidade est\u00e1 em seguir acreditando que a m\u00fasica muda a vida das pessoas. Esse \u00e9 o segredo: valorizar as coisas simples e transform\u00e1-las em algo que toque de verdade\u201d, completa.<\/p>\n<p>SERVI\u00c7O \u2013 MARCELO FALC\u00c3O<\/p>\n<p>Onde:\u00a0Audit\u00f3rio Ara\u00fajo Vianna (Avenida Osvaldo Aranha, 685)<\/p>\n<p>Quando:\u00a04 de setembro, sexta-feira, \u00e0s 21h<\/p>\n<p>Abertura da casa:\u00a019h30<\/p>\n<p>Classifica\u00e7\u00e3o:\u00a016 anos<\/p>\n<p>Realiza\u00e7\u00e3o:\u00a030e<\/p>\n<p>Ingressos:<\/p>\n<p>Lote 1:<\/p>\n<p>Plateia Alta Lateral:<\/p>\n<p>Inteira Solid\u00e1ria (todas as pessoas podem comprar mediante a doa\u00e7\u00e3o de 1kg de alimento n\u00e3o perec\u00edvel): R$ 132<\/p>\n<p>Meia-entrada (desconto de 50%): R$ 120<\/p>\n<p>Inteira: R$ 240<\/p>\n<p>Plateia Alta Central:<\/p>\n<p>Inteira Solid\u00e1ria (todas as pessoas podem comprar mediante a doa\u00e7\u00e3o de 1kg de alimento n\u00e3o perec\u00edvel): R$ 154<\/p>\n<p>Meia-entrada (desconto de 50%): R$ 140<\/p>\n<p>Inteira: R$ 280<\/p>\n<p>Plateia Baixa Lateral:<\/p>\n<p>Inteira Solid\u00e1ria (todas as pessoas podem comprar mediante a doa\u00e7\u00e3o de 1kg de alimento n\u00e3o perec\u00edvel): R$ 176<\/p>\n<p>Meia-entrada (desconto de 50%): R$ 160<\/p>\n<p>Inteira: R$ 320<\/p>\n<p>Plateia Baixa Central:<\/p>\n<p>Inteira Solid\u00e1ria (todas as pessoas podem comprar mediante a doa\u00e7\u00e3o de 1kg de alimento n\u00e3o perec\u00edvel): R$ 231<\/p>\n<p>Meia-entrada (desconto de 50%): R$ 210<\/p>\n<p>Inteira: R$ 420<\/p>\n<p>Plateia Gold:<\/p>\n<p>Inteira Solid\u00e1ria (todas as pessoas podem comprar mediante a doa\u00e7\u00e3o de 1kg de alimento n\u00e3o perec\u00edvel): R$ 324,50<\/p>\n<p>Meia-entrada (desconto de 50%): R$ 295<\/p>\n<p>Inteira: R$ 590<\/p>\n<p>Plateia Lateral em P\u00e9:<\/p>\n<p>Inteira Solid\u00e1ria (todas as pessoas podem comprar mediante a doa\u00e7\u00e3o de 1kg de alimento n\u00e3o perec\u00edvel): R$ 63,25<\/p>\n<p>Meia-entrada (desconto de 50%): R$ 57,50<\/p>\n<p>Inteira: R$ 115<\/p>\n<p>* Os alimentos dever\u00e3o ser entregues no Audit\u00f3rio Ara\u00fajo Vianna, no momento da entrada ao evento.<\/p>\n<p>** Para o benef\u00edcio da meia-entrada (50% de desconto), \u00e9 necess\u00e1ria a apresenta\u00e7\u00e3o da Carteira de Identifica\u00e7\u00e3o Estudantil (CIE) na entrada do espet\u00e1culo. Os documentos aceitos como v\u00e1lidos est\u00e3o determinados na Lei Federal 12.933\/13.<\/p>\n<p>Demais descontos:<\/p>\n<p>* 50% para idosos: Lei Federal 10.741\/03 \u2013 obrigat\u00f3ria apresenta\u00e7\u00e3o de identidade ou documento oficial com foto.<\/p>\n<p>* 50% para jovens pertencentes a fam\u00edlias de baixa renda: Lei Federal 12.933\/13 \u2013 obrigat\u00f3ria apresenta\u00e7\u00e3o da Carteira de Identidade Jovem e de documento oficial com foto.<\/p>\n<p>* 50% para pessoas com defici\u00eancia (e acompanhante quando necess\u00e1rio): Lei Federal 12.933\/13 \u2013 obrigat\u00f3ria apresenta\u00e7\u00e3o do Cart\u00e3o de Benef\u00edcio de Presta\u00e7\u00e3o Continuada da Assist\u00eancia Social da Pessoa com Defici\u00eancia ou de documento emitido pelo Instituto Nacional do Seguro Social (INSS).<\/p>\n<p>* 50% para doadores regulares de sangue: Lei Estadual n\u00b0 13.891\/12 \u2013 obrigat\u00f3ria apresenta\u00e7\u00e3o de documento oficial v\u00e1lido e expedido pelos hemocentros\/bancos de sangue.<\/p>\n<p>Pontos de venda:<\/p>\n<p>Bilheteria oficial (sem taxa de conveni\u00eancia \u2013 somente em dinheiro):<\/p>\n<p>Loja Planeta Surf Shopping Total (Avenida Cristov\u00e3o Colombo, 545)<\/p>\n<p>Hor\u00e1rio de funcionamento: de segunda a s\u00e1bado, das 10h \u00e0s 22h; e domingos e feriados, das 14h \u00e0s 20h<\/p>\n<p>Online:\u00a0www.eventim.com.br<\/p>\n<p>Informa\u00e7\u00f5es:<\/p>\n<p>www.araujoviannaoficial.com.br<\/p>\n<p>www.facebook.com\/araujoviannaoficial<\/p>\n<p>www.instagram.com\/araujoviannaoficial<\/p>\n<p>www.twitter.com\/araujovianna_<\/p>\n<p>(51) 3211-2838<\/p>\n<div id=\"m#msg-f:1875057426350121381\" class=\"mail-message expanded\">\n<div id=\"m#msg-f:1875057426350121381-content\" class=\"mail-message-content collapsible zoom-normal mail-show-images \">\n<div class=\"clear\">\n<table class=\"zoom-out\" border=\"0\" width=\"100%\" cellspacing=\"0\" cellpadding=\"0\" data-zoom=\"1\">\n<tbody>\n<tr>\n<td class=\"\">\n<table id=\"m_-5336947164627775644Cabe\u00e7alho\" border=\"0\" width=\"600\" cellspacing=\"0\" cellpadding=\"0\" align=\"center\" bgcolor=\"#ffffff\">\n<tbody>\n<tr>\n<td class=\"\" bgcolor=\"#ffffff\" width=\"100%\">\n<table border=\"0\" width=\"100%\" cellspacing=\"0\" cellpadding=\"0\">\n<tbody>\n<tr>\n<td class=\"\"><\/td>\n<\/tr>\n<\/tbody>\n<\/table>\n<\/td>\n<\/tr>\n<\/tbody>\n<\/table>\n<\/td>\n<\/tr>\n<tr>\n<td class=\"\"><\/td>\n<\/tr>\n<\/tbody>\n<\/table>\n<\/div>\n<\/div>\n<\/div>\n","protected":false},"excerpt":{"rendered":"<p>Com o show baseado no seu mais recente trabalho de est\u00fadio e em diferentes momentos da sua trajet\u00f3ria, Marcelo Falc\u00e3o viajar\u00e1 por poucas capitais em &hellip; <\/p>\n","protected":false},"author":2,"featured_media":51428,"comment_status":"closed","ping_status":"closed","sticky":false,"template":"","format":"standard","meta":{"footnotes":""},"categories":[2],"tags":[],"class_list":["post-51427","post","type-post","status-publish","format-standard","has-post-thumbnail","hentry","category-noticias","latest_post"],"_links":{"self":[{"href":"https:\/\/gilpimentel.com.br\/site\/wp-json\/wp\/v2\/posts\/51427","targetHints":{"allow":["GET"]}}],"collection":[{"href":"https:\/\/gilpimentel.com.br\/site\/wp-json\/wp\/v2\/posts"}],"about":[{"href":"https:\/\/gilpimentel.com.br\/site\/wp-json\/wp\/v2\/types\/post"}],"author":[{"embeddable":true,"href":"https:\/\/gilpimentel.com.br\/site\/wp-json\/wp\/v2\/users\/2"}],"replies":[{"embeddable":true,"href":"https:\/\/gilpimentel.com.br\/site\/wp-json\/wp\/v2\/comments?post=51427"}],"version-history":[{"count":4,"href":"https:\/\/gilpimentel.com.br\/site\/wp-json\/wp\/v2\/posts\/51427\/revisions"}],"predecessor-version":[{"id":51441,"href":"https:\/\/gilpimentel.com.br\/site\/wp-json\/wp\/v2\/posts\/51427\/revisions\/51441"}],"wp:featuredmedia":[{"embeddable":true,"href":"https:\/\/gilpimentel.com.br\/site\/wp-json\/wp\/v2\/media\/51428"}],"wp:attachment":[{"href":"https:\/\/gilpimentel.com.br\/site\/wp-json\/wp\/v2\/media?parent=51427"}],"wp:term":[{"taxonomy":"category","embeddable":true,"href":"https:\/\/gilpimentel.com.br\/site\/wp-json\/wp\/v2\/categories?post=51427"},{"taxonomy":"post_tag","embeddable":true,"href":"https:\/\/gilpimentel.com.br\/site\/wp-json\/wp\/v2\/tags?post=51427"}],"curies":[{"name":"wp","href":"https:\/\/api.w.org\/{rel}","templated":true}]}}