{"id":51424,"date":"2026-09-01T02:00:20","date_gmt":"2026-09-01T05:00:20","guid":{"rendered":"https:\/\/gilpimentel.com.br\/site\/?p=51424"},"modified":"2026-08-31T20:30:03","modified_gmt":"2026-08-31T23:30:03","slug":"o-novo-espetaculo-da-cia-municipal-de-danca-entre-dois-uma-cancao-com-coreografia-e-concepcao-de-henrique-rodovalho-volta-aos-palcos","status":"publish","type":"post","link":"https:\/\/gilpimentel.com.br\/site\/o-novo-espetaculo-da-cia-municipal-de-danca-entre-dois-uma-cancao-com-coreografia-e-concepcao-de-henrique-rodovalho-volta-aos-palcos\/","title":{"rendered":"O NOVO ESPET\u00c1CULO DA CIA MUNICIPAL DE DAN\u00c7A, ENTRE DOIS, UMA CAN\u00c7\u00c3O, COM COREOGRAFIA E CONCEP\u00c7\u00c3O DE HENRIQUE RODOVALHO, VOLTA AOS PALCOS"},"content":{"rendered":"<p>Inspirada na obra de Lupic\u00ednio Rodrigues, a montagem ter\u00e1 apresenta\u00e7\u00f5es dias 5 e 6 de setembro no Teatro Renascen\u00e7a e tamb\u00e9m dia 14, na grade do Porto Alegre em Cena<\/p>\n<p>O novo espet\u00e1culo da Cia Municipal de Dan\u00e7a de Porto Alegre, Entre dois, uma can\u00e7\u00e3o, estreou com casa cheia e muitos elogios. A montagem se inspira no universo do compositor porto-alegrense Lupic\u00ednio Rodrigues, e transita pela boemia, pela dor-de-cotovelo, pelas marchinhas de carnaval e sambas-can\u00e7\u00e3o, atualizando seu imagin\u00e1rio e trazendo ao p\u00fablico uma leitura contempor\u00e2nea de suas can\u00e7\u00f5es. Entre dois, uma can\u00e7\u00e3o, marca a parceria com o criador e core\u00f3grafo Henrique Rodovalho, diretor art\u00edstico da Quasar Cia de Dan\u00e7a, que esteve em Porto Alegre para uma imers\u00e3o com o grupo, resultando em um espet\u00e1culo sens\u00edvel e impactante. A obra segue seu percurso com apresenta\u00e7\u00f5es dias 5 e 6 de setembro no Teatro Renascen\u00e7a. Tamb\u00e9m j\u00e1 est\u00e1 confirmada na grade do Porto Alegre em Cena, dia 14 de setembro.<\/p>\n<p>Rodovalho afirmou em depoimentos que foi um imenso desafio coreografar este espet\u00e1culo. \u201cS\u00e3o can\u00e7\u00f5es que trazem um enorme peso na mem\u00f3ria afetiva das pessoas. A grande quest\u00e3o \u00e9 como corresponder a isso? Como n\u00e3o interferir nos sentimentos das pessoas com essas can\u00e7\u00f5es e a sua grandeza? Ent\u00e3o, tentarei n\u00e3o \u201ctoc\u00e1-las\u201d neste lugar\u201d, reflete Henrique. Rodovalho prop\u00f4s que os movimentos estivessem presentes integralmente neste espet\u00e1culo, mas de uma forma quase paralela com as can\u00e7\u00f5es, abordando as can\u00e7\u00f5es de diferentes formas, sempre com o contempor\u00e2neo no horizonte, seja na movimenta\u00e7\u00e3o dos bailarinos da Companhia Municipal, seja nas situa\u00e7\u00f5es e rela\u00e7\u00f5es que aconteceram em cena ou escolhas das vers\u00f5es que ser\u00e3o cantadas. \u201cEnt\u00e3o, s\u00e3o as can\u00e7\u00f5es de Lupic\u00ednio Rodrigues cantadas por int\u00e9rpretes e vers\u00f5es atuais, que dialogam com as coreografias tamb\u00e9m, com este hoje. O hoje das rela\u00e7\u00f5es e o hoje da dan\u00e7a. E para isso, o incr\u00edvel elenco da Cia Municipal de Porto Alegre, trouxe toda uma contribui\u00e7\u00e3o neste conceito, com sua maneira de se expressar e se mover\u201d, afirma o core\u00f3grafo.<\/p>\n<p>Lupic\u00ednio Rodrigues (1914-1974) e seu universo s\u00e3o retratados com muita sensibilidade nesse projeto. Um dos mais relevantes compositores ga\u00fachos, autor dos sucessos Se Acaso Voc\u00ea Chegasse, Nervos de A\u00e7o, Vingan\u00e7a e Felicidade, viveu intensamente. Lupi, como era chamado desde pequeno, comp\u00f4s marchinhas de carnaval e sambas-can\u00e7\u00e3o, m\u00fasicas que expressam muito sentimento, principalmente a melancolia por um amor perdido. Foi o inventor do termo dor-de-cotovelo, que se refere \u00e0 pr\u00e1tica de quem crava os cotovelos em um balc\u00e3o ou mesa de bar, pede um u\u00edsque duplo, e chora pela perda da pessoa amada. Deixou cerca de uma centena e meia de can\u00e7\u00f5es editadas; outras centenas que comp\u00f4s foram perdidas, esquecidas ou est\u00e3o \u00e0 espera de quem as resgate. Lupic\u00ednio Rodrigues nasceu em Porto Alegre, Rio Grande do Sul, no dia 16 de setembro de 1914 e faleceu em 27 de agosto de 1974. Foi o primeiro filho homem e o quarto de uma s\u00e9rie de 21 filhos de Francisco Rodrigues e Abigail Rodrigues.<\/p>\n<p>Henrique Rodovalho \u00e9 diretor art\u00edstico e core\u00f3grafo da Quasar Cia de Dan\u00e7a de Goi\u00e2nia\/GO desde sua funda\u00e7\u00e3o. Tem em seu curr\u00edculo trinta espet\u00e1culos criados e dirigidos em sua companhia de 1988 aos dias atuais, vistos por todo o pa\u00eds, Am\u00e9rica do Sul, Europa, \u00c1frica e \u00c1sia. Desenvolveu trabalhos como core\u00f3grafo convidado em diversas companhias nacionais e internacionais. Entre elas a S\u00e3o Paulo Cia de Dan\u00e7a, Cia do Teatro Municipal do Rio de Janeiro, Cia do Teatro Amazonas &#8211; Manaus, Bal\u00e9 do Teatro Gua\u00edra &#8211; Curitiba, Bal\u00e9 do Teatro Castro Alves &#8211; Salvador, Nederlands Dans Theater &#8211; Holanda, Ballet da Funda\u00e7\u00e3o Gulbenkian &#8211; Portugal, Phoenix Dance Theatre &#8211; Inglaterra, LaMov Dance Theatre &#8211; Espanha. Agora estar\u00e1, a convite de Airton Tomazzoni e Ilza do Canto, diretores da Companhia Municipal de Dan\u00e7a, nesta imers\u00e3o com os bailarinos e com a cidade, se inspirando na cria\u00e7\u00e3o do rico universo de Lupic\u00ednio. Rodovalho \u00e9 um core\u00f3grafo muito premiado, tendo recebido distin\u00e7\u00f5es em Israel, no M\u00e9xico e in\u00fameros pr\u00eamios no Brasil.<\/p>\n<p>A Cia Municipal de Dan\u00e7a de Porto Alegre mant\u00e9m um elenco diversificado de bailarinos e bailarinas profissionais que realizam aulas, ensaios, apresenta\u00e7\u00f5es p\u00fablicas e o trabalho educativo com as jovens companhias de dan\u00e7a nas escolas da rede municipal de ensino, al\u00e9m das escolas preparat\u00f3rias de dan\u00e7a em quatro escolas da periferia da capital. Criada em 2014 e formalizada por lei em 2017, pela Lei 12.202 &#8211; de 13 de janeiro de 2017, a Companhia Municipal de Dan\u00e7a \u00e9 mantida pelas Secretarias Municipais da Cultura e da Educa\u00e7\u00e3o do Munic\u00edpio de Porto Alegre, em parceria com o Instituto Sociocultural AFRO-SUL\/ODOMODE, Organiza\u00e7\u00e3o da Sociedade Civil (OSC). Em seu curr\u00edculo figuram espet\u00e1culo incr\u00edveis, ao todo, 21 obras, somando mais de 60 mil espectadores em apresenta\u00e7\u00f5es em Porto Alegre, no Brasil, em Israel e Alemanha<\/p>\n<p>Ficha t\u00e9cnica:<\/p>\n<p>Concep\u00e7\u00e3o e coreografia: Henrique Rodovalho<\/p>\n<p>Argumento: Airton Tomazzoni<\/p>\n<p>Pesquisa musical: Henrique Rodovalho<\/p>\n<p>Trilha sonora: can\u00e7\u00f5es de Lupic\u00ednio Rodrigues<\/p>\n<p>Ilumina\u00e7\u00e3o: Henrique Rodovalho<\/p>\n<p>Dire\u00e7\u00e3o art\u00edstica: Isadora Franco e Driko Oliveira<\/p>\n<p>Elenco: Eduarda Rodrigues, Gabriela Sampaio, Guilherme Capaverde, Iago Poersch, Leonardo Maia, Mariana Pol\u00f4nia, S\u00e9rgio Felicio, Tami Melegari<\/p>\n<p>T\u00e9cnico de som e de luz: Driko Oliveira<\/p>\n<p>Figurino: Gustavo Dienstmann<\/p>\n<p>Produ\u00e7\u00e3o: Ilza do Canto, Carla Souza e Neca Machado<\/p>\n<p>Fotografia: Nando Espinosa<\/p>\n<p>V\u00eddeos: Marcus Godoy<\/p>\n<p>Assessoria de imprensa: Bebe Baumgarten<\/p>\n<p>M\u00eddias sociais: Sofia Alonso<\/p>\n<p>Dura\u00e7\u00e3o: 40 minutos<\/p>\n<p>Classifica\u00e7\u00e3o: Livre<\/p>\n<p>ENTRE DOIS, UMA CAN\u00c7\u00c3O &#8211; espet\u00e1culo da Cia Municipal de Dan\u00e7a<\/p>\n<p>Dias 5 e 6 de setembro. Dia 5 \u00e0s 20h e dia 6 \u00e0s 18h<\/p>\n<p>Teatro Renascen\u00e7a \u2013 Av. Erico Verissimo, 307<\/p>\n<p>Ingressos antecipados:<\/p>\n<p>Dia 5: https:\/\/www.sympla.com.br\/evento\/entre-dois-uma-cancao-companhia-municipal-de-danca-de-porto-alegre\/3543155?algoliaID=f44aa4b5a652c6c52b38da99a78819d0<\/p>\n<p>Dia 6: https:\/\/www.sympla.com.br\/evento\/entre-dois-uma-danca-companhia-municipal-de-danca-de-porto-alegre\/3543169?algoliaID=2e4281e445682c6099b4efabe6a29fe5<\/p>\n<p>Ou na bilheteria do teatro uma hora antes do espet\u00e1culo<\/p>\n<p>Valores:<\/p>\n<p>R$ 60,00 (inteira) e R$ 30,00 (meia)<\/p>\n<p>*Para estudantes, idosos, PCDs, classe art\u00edstica (com comprova\u00e7\u00e3o), municip\u00e1rios (apresenta\u00e7\u00e3o de crach\u00e1)<\/p>\n<p>No Porto Alegre em Cena<\/p>\n<p>Dia 14 de setembro, \u00e0s 20h<\/p>\n<p>CHC Santa Casa \u2013 Av. Independ\u00eancia, 75<\/p>\n<p>Ingressos no site do festival: https:\/\/tri.rs\/event\/entre-dois-uma-cancao-porto-alegre-5e17bb<\/p>\n<p>Redes da Cia Municipal de Dan\u00e7a:<\/p>\n<p>https:\/\/www.instagram.com\/ciamunicipalpoa\/<\/p>\n<p>https:\/\/www.facebook.com\/ciamunicipaldedanca<\/p>\n<p>https:\/\/www.youtube.com\/@ciamunicipaldedancadepoa<\/p>\n<p>Apoio: Casa Salto<\/p>\n<p>Parceria: Instituto Sociocultural Afro-sul Odomod\u00ea<\/p>\n<p>Realiza\u00e7\u00e3o: Cia Municipal de Dan\u00e7a de Porto Alegre \u2013 Secretaria Municipal da Cultura \/ Prefeitura de Porto Alegre<\/p>\n<p>&nbsp;<\/p>\n<p>&nbsp;<\/p>\n<p>&nbsp;<\/p>\n","protected":false},"excerpt":{"rendered":"<p>Inspirada na obra de Lupic\u00ednio Rodrigues, a montagem ter\u00e1 apresenta\u00e7\u00f5es dias 5 e 6 de setembro no Teatro Renascen\u00e7a e tamb\u00e9m dia 14, na grade &hellip; <\/p>\n","protected":false},"author":2,"featured_media":51425,"comment_status":"closed","ping_status":"closed","sticky":false,"template":"","format":"standard","meta":{"footnotes":""},"categories":[2],"tags":[],"class_list":["post-51424","post","type-post","status-publish","format-standard","has-post-thumbnail","hentry","category-noticias","latest_post"],"_links":{"self":[{"href":"https:\/\/gilpimentel.com.br\/site\/wp-json\/wp\/v2\/posts\/51424","targetHints":{"allow":["GET"]}}],"collection":[{"href":"https:\/\/gilpimentel.com.br\/site\/wp-json\/wp\/v2\/posts"}],"about":[{"href":"https:\/\/gilpimentel.com.br\/site\/wp-json\/wp\/v2\/types\/post"}],"author":[{"embeddable":true,"href":"https:\/\/gilpimentel.com.br\/site\/wp-json\/wp\/v2\/users\/2"}],"replies":[{"embeddable":true,"href":"https:\/\/gilpimentel.com.br\/site\/wp-json\/wp\/v2\/comments?post=51424"}],"version-history":[{"count":1,"href":"https:\/\/gilpimentel.com.br\/site\/wp-json\/wp\/v2\/posts\/51424\/revisions"}],"predecessor-version":[{"id":51426,"href":"https:\/\/gilpimentel.com.br\/site\/wp-json\/wp\/v2\/posts\/51424\/revisions\/51426"}],"wp:featuredmedia":[{"embeddable":true,"href":"https:\/\/gilpimentel.com.br\/site\/wp-json\/wp\/v2\/media\/51425"}],"wp:attachment":[{"href":"https:\/\/gilpimentel.com.br\/site\/wp-json\/wp\/v2\/media?parent=51424"}],"wp:term":[{"taxonomy":"category","embeddable":true,"href":"https:\/\/gilpimentel.com.br\/site\/wp-json\/wp\/v2\/categories?post=51424"},{"taxonomy":"post_tag","embeddable":true,"href":"https:\/\/gilpimentel.com.br\/site\/wp-json\/wp\/v2\/tags?post=51424"}],"curies":[{"name":"wp","href":"https:\/\/api.w.org\/{rel}","templated":true}]}}