{"id":51406,"date":"2026-08-31T06:15:08","date_gmt":"2026-08-31T09:15:08","guid":{"rendered":"https:\/\/gilpimentel.com.br\/site\/?p=51406"},"modified":"2026-08-31T20:03:08","modified_gmt":"2026-08-31T23:03:08","slug":"festa-classica-da-noite-porto-alegrense-celebra-25-anos-de-historia","status":"publish","type":"post","link":"https:\/\/gilpimentel.com.br\/site\/festa-classica-da-noite-porto-alegrense-celebra-25-anos-de-historia\/","title":{"rendered":"FESTA CL\u00c1SSICA DA NOITE PORTO-ALEGRENSE CELEBRA 25 ANOS DE HIST\u00d3RIA"},"content":{"rendered":"<p>Dedicada \u00e0 cultura dos anos 80 e 90, Balon\u00ea comemora anivers\u00e1rio no dia 5 de setembro, no bar Ocidente, e se consolida como uma das festas mais longevas da cidade<\/p>\n<p>O que come\u00e7ou como um encontro entre amigos, em 2001, tornou-se parte da hist\u00f3ria da noite de Porto Alegre. Aos 25 anos, a Balon\u00ea celebra uma trajet\u00f3ria marcada por m\u00fasica, irrever\u00eancia e uma pista que atravessou diferentes gera\u00e7\u00f5es. Para comemorar a data, a festa realiza uma edi\u00e7\u00e3o especial de anivers\u00e1rio no dia 5 de setembro, no bar Ocidente, reunindo p\u00fablico, DJs e personagens que fazem parte dessa hist\u00f3ria.<\/p>\n<p>Conhecida pela mistura sem regras de sucessos dos anos 80 e 90, a Balon\u00ea mant\u00e9m como uma de suas principais caracter\u00edsticas a capacidade de reunir diferentes gera\u00e7\u00f5es e tribos em uma mesma pista. No setlist, vale de tudo: de Xuxa a Ramones, de Nirvana a Molejo, de Depeche Mode a AC\/DC, de Madonna a Banda Eva, de The Cure a Gonzaguinha.<\/p>\n<p>A trilha sonora da edi\u00e7\u00e3o comemorativa ser\u00e1 comandada por DJs que fazem parte da trajet\u00f3ria da festa. Entre eles est\u00e3o Ta\u00eds Scherer, uma das criadoras do projeto; Roger Lerina, que participa desde a primeira edi\u00e7\u00e3o, em 2001; Adriana Banana e Feij\u00e3o, atuais DJs residentes; al\u00e9m dos convidados especiais Diego de Godoy (dgdgd) e Cl\u00e1udia Schumacher.<\/p>\n<p>\u201cA Balon\u00ea nasceu para ser uma festa democr\u00e1tica, divertida e sem preconceitos musicais. O que mais nos emociona nesses 25 anos \u00e9 olhar para a pista e encontrar pessoas que est\u00e3o conosco desde o come\u00e7o, ao lado de quem est\u00e1 chegando agora. Conseguir manter essa conex\u00e3o por tanto tempo \u00e9 algo muito especial\u201d, destacam os s\u00f3cios Ta\u00eds Scherer e Alex Hoff.<\/p>\n<p>25 anos de sucessos<\/p>\n<p>A hist\u00f3ria da Balon\u00ea come\u00e7ou antes mesmo de ela ter esse nome. Ta\u00eds Scherer e Cl\u00e1udia Schumacher promoviam a Eletrochili, uma festa de m\u00fasica eletr\u00f4nica que reunia amigos ligados \u00e0s \u00e1reas de publicidade e jornalismo. Em uma das edi\u00e7\u00f5es, convidaram o jornalista Roger Lerina e o cineasta Diego de Godoy para tocar. O detalhe \u00e9 que nenhum dos dois tocava m\u00fasica eletr\u00f4nica.<\/p>\n<p>A partir da\u00ed, surgiu a ideia de mudar o rumo da noite e apostar nos cl\u00e1ssicos dos anos 80. Para criar os flyers da nova festa, as amigas chamaram o designer e amigo Chris Petersen, que tamb\u00e9m sugeriu um novo nome: Balon\u00ea.<\/p>\n<p>Assim nasceu a Balon\u00ea \u2013 Festa Very 80\u2019s. A primeira edi\u00e7\u00e3o reuniu cerca de 300 pessoas. Apenas 20 dias depois, a segunda j\u00e1 recebeu aproximadamente 600. Era o in\u00edcio de uma trajet\u00f3ria que se tornaria parte da identidade da noite porto-alegrense.<\/p>\n<p>Em 2004, Alex Hoff entrou para o projeto e, atualmente, \u00e9 s\u00f3cio de Ta\u00eds. No mesmo ano, a Balon\u00ea realizou uma grande edi\u00e7\u00e3o no DC Navegantes, em parceria com Beto Lewin e Z\u00e9 Starosta. Cerca de 4 mil pessoas participaram da noite, que teve como atra\u00e7\u00e3o a cantora Rosana, um dos grandes nomes da m\u00fasica brasileira dos anos 80.<\/p>\n<p>Ao longo de 25 anos, a festa tamb\u00e9m realizou edi\u00e7\u00f5es especiais em bares e espa\u00e7os de Porto Alegre e do interior do Rio Grande do Sul, participou do Planeta Atl\u00e2ntida, abriu shows de artistas internacionais como Erasure, Pet Shop Boys, 10.000 Maniacs, Information Society, Kon Kan e Double You, al\u00e9m de integrar comemora\u00e7\u00f5es como os 20 anos da Casa de Cultura Mario Quintana (CCMQ) e os 25 anos da pe\u00e7a Bailei na Curva.<\/p>\n<p>Pelos palcos da Balon\u00ea tamb\u00e9m passaram artistas que marcaram diferentes gera\u00e7\u00f5es, como L\u00e9o Jaime, Pepeu Gomes, Ritchie, Wando, Sidney Magal, Rosana, Elke Maravilha, Rita Cadillac e Gretchen, entre outros.<\/p>\n<p>A trajet\u00f3ria da festa tamb\u00e9m acompanhou as mudan\u00e7as de seu p\u00fablico. Muitos dos frequentadores das primeiras edi\u00e7\u00f5es hoje s\u00e3o pais e m\u00e3es e passaram a levar os filhos para o Balon\u00ea Kids, vers\u00e3o criada especialmente para as fam\u00edlias, em formato de matin\u00ea.<\/p>\n<p>Uma festa que n\u00e3o parou nem durante a pandemia<\/p>\n<p>A longevidade da Balon\u00ea ganhou um cap\u00edtulo especial durante a pandemia. Quando as pistas precisaram ser fechadas, a festa encontrou novas formas de manter a conex\u00e3o com o p\u00fablico. Entre abril de 2020 e agosto de 2021, foram realizadas lives mensais.<\/p>\n<p>Em julho de 2020, a Balon\u00ea realizou uma edi\u00e7\u00e3o drive-in em parceria com o Grupo Austral. Dois meses depois, em setembro, comemorou seus 19 anos em uma transmiss\u00e3o ao vivo diretamente do Ocidente, com apenas os DJs presentes. Com a retomada dos eventos presenciais, em setembro de 2021, a festa voltou a receber o p\u00fablico.<\/p>\n<p>\u201cFoi um per\u00edodo muito desafiador para todo mundo, especialmente para quem trabalha com eventos. A gente n\u00e3o queria simplesmente desaparecer. Encontramos maneiras de continuar fazendo a Balon\u00ea acontecer e de manter esse v\u00ednculo com o nosso p\u00fablico. Por isso, quando falamos de uma trajet\u00f3ria sem interrup\u00e7\u00e3o, \u00e9 porque, mesmo quando n\u00e3o pod\u00edamos ocupar a pista, a festa continuou existindo\u201d, conta Ta\u00eds.<\/p>\n<p>Hoje, 25 anos depois, a Balon\u00ea segue celebrando a m\u00fasica e a mem\u00f3ria afetiva de uma \u00e9poca que atravessa gera\u00e7\u00f5es. \u00c9 uma pista onde diferentes p\u00fablicos se reconhecem nas mesmas m\u00fasicas e onde a nostalgia divide espa\u00e7o com novas descobertas.<\/p>\n<p>Mais do que uma festa, a Balon\u00ea se tornou tradi\u00e7\u00e3o na noite de Porto Alegre. E a f\u00f3rmula permanece a mesma: m\u00fasica boa, dan\u00e7a, cantoria e a liberdade de simplesmente ser feliz.<\/p>\n<p>Balon\u00ea 25 Anos \u2013 Edi\u00e7\u00e3o Especial de Anivers\u00e1rio<\/p>\n<p>S\u00e1bado, 05 de setembro, 22h<\/p>\n<p>Bar Ocidente \u2013 Av. Osvaldo Aranha, 960 \u2013 esquina Jo\u00e3o Telles \u2013 Bom Fim<\/p>\n<p>DJs: Ta\u00eds Scherer, Roger Lerina, Feij\u00e3o, Adriana Banana, dgdg e Claudia Schumacher<\/p>\n<p>Ingressos:<\/p>\n<p>Lote 3 &#8211; R$ 80,00 + taxa<\/p>\n<p>Venda online: www.balone.com.br<\/p>\n<p>&nbsp;<\/p>\n<p>&nbsp;<\/p>\n","protected":false},"excerpt":{"rendered":"<p>Dedicada \u00e0 cultura dos anos 80 e 90, Balon\u00ea comemora anivers\u00e1rio no dia 5 de setembro, no bar Ocidente, e se consolida como uma das &hellip; <\/p>\n","protected":false},"author":2,"featured_media":51407,"comment_status":"closed","ping_status":"closed","sticky":false,"template":"","format":"standard","meta":{"footnotes":""},"categories":[2],"tags":[],"class_list":["post-51406","post","type-post","status-publish","format-standard","has-post-thumbnail","hentry","category-noticias","latest_post"],"_links":{"self":[{"href":"https:\/\/gilpimentel.com.br\/site\/wp-json\/wp\/v2\/posts\/51406","targetHints":{"allow":["GET"]}}],"collection":[{"href":"https:\/\/gilpimentel.com.br\/site\/wp-json\/wp\/v2\/posts"}],"about":[{"href":"https:\/\/gilpimentel.com.br\/site\/wp-json\/wp\/v2\/types\/post"}],"author":[{"embeddable":true,"href":"https:\/\/gilpimentel.com.br\/site\/wp-json\/wp\/v2\/users\/2"}],"replies":[{"embeddable":true,"href":"https:\/\/gilpimentel.com.br\/site\/wp-json\/wp\/v2\/comments?post=51406"}],"version-history":[{"count":1,"href":"https:\/\/gilpimentel.com.br\/site\/wp-json\/wp\/v2\/posts\/51406\/revisions"}],"predecessor-version":[{"id":51408,"href":"https:\/\/gilpimentel.com.br\/site\/wp-json\/wp\/v2\/posts\/51406\/revisions\/51408"}],"wp:featuredmedia":[{"embeddable":true,"href":"https:\/\/gilpimentel.com.br\/site\/wp-json\/wp\/v2\/media\/51407"}],"wp:attachment":[{"href":"https:\/\/gilpimentel.com.br\/site\/wp-json\/wp\/v2\/media?parent=51406"}],"wp:term":[{"taxonomy":"category","embeddable":true,"href":"https:\/\/gilpimentel.com.br\/site\/wp-json\/wp\/v2\/categories?post=51406"},{"taxonomy":"post_tag","embeddable":true,"href":"https:\/\/gilpimentel.com.br\/site\/wp-json\/wp\/v2\/tags?post=51406"}],"curies":[{"name":"wp","href":"https:\/\/api.w.org\/{rel}","templated":true}]}}