{"id":51375,"date":"2026-08-31T04:27:27","date_gmt":"2026-08-31T07:27:27","guid":{"rendered":"https:\/\/gilpimentel.com.br\/site\/?p=51375"},"modified":"2026-08-31T17:13:19","modified_gmt":"2026-08-31T20:13:19","slug":"oktoberfest-de-porto-alegre-abracara-o-centro-historico-em-edicao-recorde","status":"publish","type":"post","link":"https:\/\/gilpimentel.com.br\/site\/oktoberfest-de-porto-alegre-abracara-o-centro-historico-em-edicao-recorde\/","title":{"rendered":"OKTOBERFEST DE PORTO ALEGRE ABRA\u00c7AR\u00c1 O CENTRO HIST\u00d3RICO EM EDI\u00c7\u00c3O RECORDE"},"content":{"rendered":"<p>Evento gratuito de 10 de outubro ocupar\u00e1 a Rua Sete de Setembro com 12 horas de shows. Al\u00e9m de novidades como o Pavilh\u00e3o Germ\u00e2nico, Feira de Cerveja Artesanal e um desfile tem\u00e1tico com bandinhas que cruzar\u00e1 o bairro<\/p>\n<p>Em outubro, a Oktoberfest Oficial de Porto Alegre vai dar um grande abra\u00e7o no Centro Hist\u00f3rico da capital ao celebrar a cultura alem\u00e3 no estado em uma proposta de ocupa\u00e7\u00e3o cultural e econ\u00f4mica. Com data marcada para o dia 10 de outubro (s\u00e1bado), ter\u00e1 12 horas de programa\u00e7\u00e3o gratuita. A 2\u00aa edi\u00e7\u00e3o da festa tem \u00e0 frente os hubs POA Centro, Quarto POA e o Instituto Todo Lugar, com apoio da Prefeitura Municipal como evento oficial da cidade.<\/p>\n<p>Ap\u00f3s reunir mais de 25 mil pessoas em 2025, a organiza\u00e7\u00e3o projeta dobrar o n\u00famero de p\u00fablico nesta edi\u00e7\u00e3o. A festa vai ocupar a totalidade da Rua Sete de Setembro e se expandir pelo bairro. A ideia \u00e9 fazer com que os participantes passeiem pelos locais que celebram a hist\u00f3ria e a identidade no cora\u00e7\u00e3o da cidade, com shows no palco principal em frente \u00e0 Casa de Cultura M\u00e1rio Quintana (via Travessa Passarinho).<\/p>\n<p>O som das bandinhas alem\u00e3s marca presen\u00e7a na festa com a Banda T\u00edpica Tannenwald, Canec\u00e3o do Vale, Triozinho Alles Blau, Quebra Galho e Banda Castelus, que trazem a anima\u00e7\u00e3o aut\u00eantica da Oktoberfest e dos Kerbs. A agenda musical tamb\u00e9m tem a proposta de misturar estilos: est\u00e3o programadas apresenta\u00e7\u00f5es de grupos de samba, al\u00e9m do rock da Cachorro Grande como atra\u00e7\u00e3o principal, banda nacional com forte conex\u00e3o com o p\u00fablico ga\u00facho.<\/p>\n<p>\u201cNossa grande inova\u00e7\u00e3o para a Oktoberfest 2026 \u00e9 que conseguimos que o p\u00fablico viva a cultura alem\u00e3 e a cidade de maneira diferente, circulando a p\u00e9 por diversos pontos do Centro. Ser\u00e1 um percurso que, al\u00e9m de valorizar a Casa de Cultura, dar\u00e1 protagonismo ao Viaduto da Borges, ao Mercado P\u00fablico, ao Pa\u00e7o Municipal e \u00e0 Pra\u00e7a da Alf\u00e2ndega, envolvendo todos esses pontos e os comerciantes na celebra\u00e7\u00e3o\u201d, conta Johnny Rickes, um dos s\u00f3cios do hub POA Centro.<\/p>\n<p>Atra\u00e7\u00f5es para toda a fam\u00edlia<\/p>\n<p>Instalada na Sete de Setembro, nas imedia\u00e7\u00f5es da Pra\u00e7a da Alf\u00e2ndega, uma das grandes novidades desta edi\u00e7\u00e3o: o Pavilh\u00e3o Germ\u00e2nico, um espa\u00e7o dedicado a atividades para todas as idades com a\u00e7\u00f5es interativas, dan\u00e7as t\u00edpicas alem\u00e3s, Jogos Germ\u00e2nicos e uma loja com produtos oficiais da Oktoberfest Porto Alegre. O local ser\u00e1 ponto de encontro para quem deseja mergulhar na tradi\u00e7\u00e3o germ\u00e2nica com experi\u00eancias aut\u00eanticas e culturais.<\/p>\n<p>Para esta edi\u00e7\u00e3o, a Pra\u00e7a de Alimenta\u00e7\u00e3o na Rua dos Andradas ser\u00e1 o pr\u00f3prio com\u00e9rcio local. Um dos legados do projeto \u00e9 incentivar que o consumo seja nos bares e restaurantes da regi\u00e3o, todos decorados e servindo pratos t\u00edpicos da cultura alem\u00e3, fomentando a economia e dando visibilidade aos empreendimentos do bairro. J\u00e1 a Feira de Cerveja Artesanal reunir\u00e1 marcas locais com 150 torneiras servindo chopp e valorizando a produ\u00e7\u00e3o artesanal ga\u00facha.<\/p>\n<p>Desfile Tem\u00e1tico Alem\u00e3o percorre o Centro Hist\u00f3rico<\/p>\n<p>Um dos momentos mais esperados da Oktoberfest 2026 ser\u00e1 o Desfile Tem\u00e1tico Alem\u00e3o, que parte do Viaduto Ot\u00e1vio Rocha, na Av. Borges de Medeiros, rumo ao ponto central do evento. A concentra\u00e7\u00e3o ser\u00e1 na parte inferior do viaduto, que foi revitalizada recentemente, onde bandinhas e outras atra\u00e7\u00f5es movimentam a a\u00e7\u00e3o antes da partida.<\/p>\n<p>Do Viaduto da Borges, o desfile segue em dire\u00e7\u00e3o \u00e0 Casa de Cultura, passando pelo Mercado P\u00fablico e Pra\u00e7a da Alf\u00e2ndega, interagindo com o p\u00fablico. Para acompanhar o cortejo, foram convidadas bandinhas, grupos de dan\u00e7a e cortes de diversas cidades do interior do estado. O evento deve reunir mais de 200 participantes vestidos com trajes t\u00edpicos alem\u00e3es, ocupando as ruas do Centro.<\/p>\n<p>Legado econ\u00f4mico e social<\/p>\n<p>\u201cEssa \u00e9 uma iniciativa pensada para fortalecer o com\u00e9rcio do Centro Hist\u00f3rico, impulsionando a regi\u00e3o como polo cultural e gastron\u00f4mico\u201d, aponta Wayner Bechelli, do POA Centro. A ocupa\u00e7\u00e3o inteligente dos espa\u00e7os e a integra\u00e7\u00e3o com o com\u00e9rcio local geram efeito multiplicador na economia da cidade.<\/p>\n<p>A Oktoberfest Oficial de Porto Alegre ocorre em 10 de outubro e tem a realiza\u00e7\u00e3o do POA Centro, Quarto POA e Instituto Todo Lugar. O apoio institucional \u00e9 da Prefeitura de Porto Alegre, por meio do Programa Centro+. Mais detalhes e novidades da programa\u00e7\u00e3o podem ser acompanhados no perfil do evento @poacentro, no Instagram.<\/p>\n<p>SERVI\u00c7O<\/p>\n<p>2\u00aa Oktoberfest de Porto Alegre<\/p>\n<p>www.instagram.com\/poacentro<\/p>\n<p>&nbsp;<\/p>\n<p>&nbsp;<\/p>\n<p>&nbsp;<\/p>\n","protected":false},"excerpt":{"rendered":"<p>Evento gratuito de 10 de outubro ocupar\u00e1 a Rua Sete de Setembro com 12 horas de shows. Al\u00e9m de novidades como o Pavilh\u00e3o Germ\u00e2nico, Feira &hellip; <\/p>\n","protected":false},"author":2,"featured_media":51376,"comment_status":"closed","ping_status":"closed","sticky":false,"template":"","format":"standard","meta":{"footnotes":""},"categories":[2],"tags":[],"class_list":["post-51375","post","type-post","status-publish","format-standard","has-post-thumbnail","hentry","category-noticias","latest_post"],"_links":{"self":[{"href":"https:\/\/gilpimentel.com.br\/site\/wp-json\/wp\/v2\/posts\/51375","targetHints":{"allow":["GET"]}}],"collection":[{"href":"https:\/\/gilpimentel.com.br\/site\/wp-json\/wp\/v2\/posts"}],"about":[{"href":"https:\/\/gilpimentel.com.br\/site\/wp-json\/wp\/v2\/types\/post"}],"author":[{"embeddable":true,"href":"https:\/\/gilpimentel.com.br\/site\/wp-json\/wp\/v2\/users\/2"}],"replies":[{"embeddable":true,"href":"https:\/\/gilpimentel.com.br\/site\/wp-json\/wp\/v2\/comments?post=51375"}],"version-history":[{"count":1,"href":"https:\/\/gilpimentel.com.br\/site\/wp-json\/wp\/v2\/posts\/51375\/revisions"}],"predecessor-version":[{"id":51377,"href":"https:\/\/gilpimentel.com.br\/site\/wp-json\/wp\/v2\/posts\/51375\/revisions\/51377"}],"wp:featuredmedia":[{"embeddable":true,"href":"https:\/\/gilpimentel.com.br\/site\/wp-json\/wp\/v2\/media\/51376"}],"wp:attachment":[{"href":"https:\/\/gilpimentel.com.br\/site\/wp-json\/wp\/v2\/media?parent=51375"}],"wp:term":[{"taxonomy":"category","embeddable":true,"href":"https:\/\/gilpimentel.com.br\/site\/wp-json\/wp\/v2\/categories?post=51375"},{"taxonomy":"post_tag","embeddable":true,"href":"https:\/\/gilpimentel.com.br\/site\/wp-json\/wp\/v2\/tags?post=51375"}],"curies":[{"name":"wp","href":"https:\/\/api.w.org\/{rel}","templated":true}]}}