{"id":51369,"date":"2026-09-02T00:14:52","date_gmt":"2026-09-02T03:14:52","guid":{"rendered":"https:\/\/gilpimentel.com.br\/site\/?p=51369"},"modified":"2026-08-31T20:21:40","modified_gmt":"2026-08-31T23:21:40","slug":"51369-2","status":"publish","type":"post","link":"https:\/\/gilpimentel.com.br\/site\/51369-2\/","title":{"rendered":"FEIRA DE OPORTUNIDADES OFERECE ATIVIDADES GRATUITAS SOBRE CARREIRA, EMPREGABILIDADE E INOVA\u00c7\u00c3O NO SENAC DISTRITO CRIATIVO"},"content":{"rendered":"<p>Programa\u00e7\u00e3o acontece de 14 a 18 de setembro e aborda temas como profiss\u00f5es do futuro, intelig\u00eancia artificial, empreendedorismo e desenvolvimento de carreira<\/p>\n<p>O mercado de trabalho est\u00e1 em constante transforma\u00e7\u00e3o, e acompanhar essas mudan\u00e7as \u00e9 essencial para quem deseja conquistar novas oportunidades profissionais. \u00c9 com esse prop\u00f3sito que o Senac Distrito Criativo participa da 20\u00aa Feira de Oportunidades do Senac-RS, que acontece de 14 a 18 de setembro, com o tema \u201cAcelere seu Futuro\u201d. Durante os cinco dias de programa\u00e7\u00e3o, a escola oferecer\u00e1 atividades gratuitas voltadas ao desenvolvimento profissional, \u00e0 empregabilidade e \u00e0 prepara\u00e7\u00e3o para os desafios do mundo do trabalho.<\/p>\n<p>A programa\u00e7\u00e3o re\u00fane oficinas sobre gest\u00e3o, neg\u00f3cios, marketing, carreira, empreendedorismo, intelig\u00eancia artificial e intelig\u00eancia emocional, proporcionando aos participantes momentos para ampliar conhecimentos, refletir sobre suas trajet\u00f3rias profissionais e conhecer ferramentas que podem contribuir para a busca por novas oportunidades.<\/p>\n<p>Confira a programa\u00e7\u00e3o de oficinas:<\/p>\n<p>14 de setembro<\/p>\n<p>13h30 \u2013 Profiss\u00f5es do Futuro<\/p>\n<p>16h15 \u2013 Planejamento e Desenvolvimento de Carreira<\/p>\n<p>18h \u2013 Intelig\u00eancia Emocional<\/p>\n<p>15 de setembro<\/p>\n<p>14h \u2013 Empreendedorismo<\/p>\n<p>15h \u2013 Intelig\u00eancia Emocional<\/p>\n<p>18h \u2013 Intelig\u00eancia Artificial<\/p>\n<p>16 de setembro<\/p>\n<p>18h \u2013 Processos Seletivos e Entrevistas<\/p>\n<p>17 de setembro<\/p>\n<p>18h \u2013 Planejamento e Desenvolvimento de Carreira<\/p>\n<p>18 de setembro<\/p>\n<p>18h \u2013 Empreendedorismo<\/p>\n<p>Todas as atividades ser\u00e3o realizadas no Senac Distrito Criativo. Para participar, \u00e9 necess\u00e1rio realizar a inscri\u00e7\u00e3o pelo site www.senacrs.com.br\/fo e contribuir com 1 kg de alimento n\u00e3o perec\u00edvel, que ser\u00e1 destinado a a\u00e7\u00f5es sociais. A iniciativa alia qualifica\u00e7\u00e3o profissional e solidariedade, ampliando o impacto da Feira de Oportunidades para al\u00e9m da sala de aula.<\/p>\n<p>Servi\u00e7o<\/p>\n<p>Feira de Oportunidades 2026 \u2013 Senac Distrito Criativo<\/p>\n<p>Data: de 14 a 18 de setembro<\/p>\n<p>Local: Senac Distrito Criativo \u2013 pr\u00e9dio 02, Shopping Total, Rua Crist\u00f3v\u00e3o Colombo, 545 \u2013 Floresta, Porto Alegre<\/p>\n<p>Inscri\u00e7\u00f5es: gratuitas, pelo site www.senacrs.com.br\/fo, mediante inscri\u00e7\u00e3o e doa\u00e7\u00e3o de 1 kg de alimento n\u00e3o perec\u00edvel<\/p>\n<p>Mais informa\u00e7\u00f5es: (51) 3376-6882 ou WhatsApp (51) 99302-3493<\/p>\n","protected":false},"excerpt":{"rendered":"<p>Programa\u00e7\u00e3o acontece de 14 a 18 de setembro e aborda temas como profiss\u00f5es do futuro, intelig\u00eancia artificial, empreendedorismo e desenvolvimento de carreira O mercado de &hellip; <\/p>\n","protected":false},"author":2,"featured_media":51370,"comment_status":"closed","ping_status":"closed","sticky":false,"template":"","format":"standard","meta":{"footnotes":""},"categories":[2],"tags":[],"class_list":["post-51369","post","type-post","status-publish","format-standard","has-post-thumbnail","hentry","category-noticias","latest_post"],"_links":{"self":[{"href":"https:\/\/gilpimentel.com.br\/site\/wp-json\/wp\/v2\/posts\/51369","targetHints":{"allow":["GET"]}}],"collection":[{"href":"https:\/\/gilpimentel.com.br\/site\/wp-json\/wp\/v2\/posts"}],"about":[{"href":"https:\/\/gilpimentel.com.br\/site\/wp-json\/wp\/v2\/types\/post"}],"author":[{"embeddable":true,"href":"https:\/\/gilpimentel.com.br\/site\/wp-json\/wp\/v2\/users\/2"}],"replies":[{"embeddable":true,"href":"https:\/\/gilpimentel.com.br\/site\/wp-json\/wp\/v2\/comments?post=51369"}],"version-history":[{"count":2,"href":"https:\/\/gilpimentel.com.br\/site\/wp-json\/wp\/v2\/posts\/51369\/revisions"}],"predecessor-version":[{"id":51420,"href":"https:\/\/gilpimentel.com.br\/site\/wp-json\/wp\/v2\/posts\/51369\/revisions\/51420"}],"wp:featuredmedia":[{"embeddable":true,"href":"https:\/\/gilpimentel.com.br\/site\/wp-json\/wp\/v2\/media\/51370"}],"wp:attachment":[{"href":"https:\/\/gilpimentel.com.br\/site\/wp-json\/wp\/v2\/media?parent=51369"}],"wp:term":[{"taxonomy":"category","embeddable":true,"href":"https:\/\/gilpimentel.com.br\/site\/wp-json\/wp\/v2\/categories?post=51369"},{"taxonomy":"post_tag","embeddable":true,"href":"https:\/\/gilpimentel.com.br\/site\/wp-json\/wp\/v2\/tags?post=51369"}],"curies":[{"name":"wp","href":"https:\/\/api.w.org\/{rel}","templated":true}]}}