{"id":51366,"date":"2026-08-26T05:00:20","date_gmt":"2026-08-26T08:00:20","guid":{"rendered":"https:\/\/gilpimentel.com.br\/site\/?p=51366"},"modified":"2026-08-29T18:14:43","modified_gmt":"2026-08-29T21:14:43","slug":"51366-2","status":"publish","type":"post","link":"https:\/\/gilpimentel.com.br\/site\/51366-2\/","title":{"rendered":""},"content":{"rendered":"<p>Senac Tech abre \u00faltimas vagas de 2026 para o curso T\u00e9cnico em Inform\u00e1tica<\/p>\n<p>Forma\u00e7\u00e3o prepara profissionais para atuar na \u00e1rea de tecnologia com conhecimentos t\u00e9cnicos e pr\u00e1ticos<\/p>\n<p>O Senac Tech est\u00e1 com as \u00faltimas vagas dispon\u00edveis para a turma de 2026 do curso T\u00e9cnico em Inform\u00e1tica. Com in\u00edcio previsto para 31 de agosto, a forma\u00e7\u00e3o \u00e9 voltada a quem deseja ingressar na \u00e1rea de tecnologia ou ampliar seus conhecimentos para buscar novas oportunidades no mercado de trabalho. As aulas ser\u00e3o realizadas presencialmente na escola, de segunda a sexta-feira, das 19h \u00e0s 22h.<\/p>\n<p>A \u00e1rea de tecnologia est\u00e1 presente em diferentes segmentos e demanda profissionais preparados para acompanhar as transforma\u00e7\u00f5es do mercado. Nesse contexto, o curso T\u00e9cnico em Inform\u00e1tica proporciona aos alunos uma forma\u00e7\u00e3o que combina conhecimentos t\u00e9cnicos e atividades pr\u00e1ticas, contribuindo para o desenvolvimento de compet\u00eancias necess\u00e1rias \u00e0 atua\u00e7\u00e3o profissional.<\/p>\n<p>Durante o curso, os estudantes t\u00eam acesso \u00e0 estrutura do Senac Tech e aos laborat\u00f3rios da institui\u00e7\u00e3o para colocar em pr\u00e1tica os conte\u00fados trabalhados em aula. A proposta aproxima o aprendizado da realidade profissional e permite que os alunos desenvolvam habilidades relacionadas \u00e0 \u00e1rea de Inform\u00e1tica ao longo da forma\u00e7\u00e3o.<\/p>\n<p>As inscri\u00e7\u00f5es podem ser realizadas pelo site do Senac Tech ou na escola, localizada na Avenida Ven\u00e2ncio Aires, 93, bairro Cidade Baixa, em Porto Alegre. As vagas s\u00e3o limitadas. Mais informa\u00e7\u00f5es podem ser obtidas pelo telefone\u00a0 (51) 3376-5758 ou pelo WhatsApp (51) 99102-9117.<\/p>\n<p>Servi\u00e7o<\/p>\n<p>Curso: T\u00e9cnico em Inform\u00e1tica<\/p>\n<p>Institui\u00e7\u00e3o: Senac Tech (Avenida Ven\u00e2ncio Aires, 93, Cidade Baixa)<\/p>\n<p>Modalidade: Presencial<\/p>\n<p>In\u00edcio das aulas: 31 de agosto de 2026<\/p>\n<p>Hor\u00e1rio: segunda a sexta-feira, das 19h \u00e0s 22h<\/p>\n","protected":false},"excerpt":{"rendered":"<p>Senac Tech abre \u00faltimas vagas de 2026 para o curso T\u00e9cnico em Inform\u00e1tica Forma\u00e7\u00e3o prepara profissionais para atuar na \u00e1rea de tecnologia com conhecimentos t\u00e9cnicos &hellip; <\/p>\n","protected":false},"author":2,"featured_media":51367,"comment_status":"closed","ping_status":"closed","sticky":false,"template":"","format":"standard","meta":{"footnotes":""},"categories":[2],"tags":[],"class_list":["post-51366","post","type-post","status-publish","format-standard","has-post-thumbnail","hentry","category-noticias","latest_post"],"_links":{"self":[{"href":"https:\/\/gilpimentel.com.br\/site\/wp-json\/wp\/v2\/posts\/51366","targetHints":{"allow":["GET"]}}],"collection":[{"href":"https:\/\/gilpimentel.com.br\/site\/wp-json\/wp\/v2\/posts"}],"about":[{"href":"https:\/\/gilpimentel.com.br\/site\/wp-json\/wp\/v2\/types\/post"}],"author":[{"embeddable":true,"href":"https:\/\/gilpimentel.com.br\/site\/wp-json\/wp\/v2\/users\/2"}],"replies":[{"embeddable":true,"href":"https:\/\/gilpimentel.com.br\/site\/wp-json\/wp\/v2\/comments?post=51366"}],"version-history":[{"count":1,"href":"https:\/\/gilpimentel.com.br\/site\/wp-json\/wp\/v2\/posts\/51366\/revisions"}],"predecessor-version":[{"id":51368,"href":"https:\/\/gilpimentel.com.br\/site\/wp-json\/wp\/v2\/posts\/51366\/revisions\/51368"}],"wp:featuredmedia":[{"embeddable":true,"href":"https:\/\/gilpimentel.com.br\/site\/wp-json\/wp\/v2\/media\/51367"}],"wp:attachment":[{"href":"https:\/\/gilpimentel.com.br\/site\/wp-json\/wp\/v2\/media?parent=51366"}],"wp:term":[{"taxonomy":"category","embeddable":true,"href":"https:\/\/gilpimentel.com.br\/site\/wp-json\/wp\/v2\/categories?post=51366"},{"taxonomy":"post_tag","embeddable":true,"href":"https:\/\/gilpimentel.com.br\/site\/wp-json\/wp\/v2\/tags?post=51366"}],"curies":[{"name":"wp","href":"https:\/\/api.w.org\/{rel}","templated":true}]}}