{"id":51343,"date":"2026-08-31T05:16:32","date_gmt":"2026-08-31T08:16:32","guid":{"rendered":"https:\/\/gilpimentel.com.br\/site\/?p=51343"},"modified":"2026-08-31T18:02:44","modified_gmt":"2026-08-31T21:02:44","slug":"thermas-de-sao-pedro-apresenta-sua-programacao-para-setembro","status":"publish","type":"post","link":"https:\/\/gilpimentel.com.br\/site\/thermas-de-sao-pedro-apresenta-sua-programacao-para-setembro\/","title":{"rendered":"THERMAS DE S\u00c3O PEDRO APRESENTA SUA PROGRAMA\u00c7\u00c3O PARA SETEMBRO"},"content":{"rendered":"<p>Parque Aqu\u00e1tico continua a promover a Churrascada aos finais de semana, enquanto Resort recebe nova edi\u00e7\u00e3o do Candle Night<\/p>\n<p>Setembro chega ao Thermas de S\u00e3o Pedro com uma programa\u00e7\u00e3o que reune gastronomia, m\u00fasica, lazer e atividades para toda a fam\u00edlia. Acompanhe:<\/p>\n<p>No S\u00e3o Pedro Thermas Resort, o principal destaque de setembro ser\u00e1 o retorno do Candle Night, que acontece no dia 25, \u00e0s 20 horas, na Trattoria. Ap\u00f3s o sucesso da primeira edi\u00e7\u00e3o, o evento volta ao calend\u00e1rio do Resort. O Candle Night \u00e9 uma experi\u00eancia sensorial que une m\u00fasica, ilumina\u00e7\u00e3o c\u00eanica e uma atmosfera intimista para proporcionar momentos de contempla\u00e7\u00e3o e conex\u00e3o. Comandado pelo pianista e compositor Allen Lima, o espet\u00e1culo acontece em um ambiente iluminado por cerca de duas mil velas, criando um cen\u00e1rio envolvente para interpreta\u00e7\u00f5es ao piano, can\u00e7\u00f5es e performances instrumentais. Mais do que uma atra\u00e7\u00e3o cultural, o evento convida o p\u00fablico a desacelerar e viver uma noite marcada por emo\u00e7\u00e3o, bem-estar e encantamento.<\/p>\n<p>A programa\u00e7\u00e3o do m\u00eas tamb\u00e9m inclui atividades di\u00e1rias de lazer para adultos e crian\u00e7as. Entre as op\u00e7\u00f5es est\u00e3o hidrogin\u00e1stica, torneios, caminhadas at\u00e9 a Fazendinha, bingo, bingo musical, Conex\u00e3o Premiada, karaok\u00ea, m\u00fasica ao vivo e atra\u00e7\u00f5es noturnas. Para as crian\u00e7as, a agenda re\u00fane atividades como Onda de Desafios, jogos na piscina, oficinas, Dan\u00e7a Comigo, Baladinha Kids, show de m\u00e1gica, Volta ao Mundo, Duelo de Gera\u00e7\u00f5es e atividades recreativas noturnas.<\/p>\n<p>No Parque Aqu\u00e1tico Thermas de S\u00e3o Pedro, a Churrascada continua a ser realizada aos s\u00e1bados e domingos ao longo de setembro. O menu re\u00fane cortes como picanha, brisket e chorizo, preparados na brasa e acompanhados de arroz e guarni\u00e7\u00f5es. Para quem quiser garantir a experi\u00eancia com anteced\u00eancia, as por\u00e7\u00f5es de picanha, brisket e chorizo tamb\u00e9m podem ser adquiridas previamente pelo site do Thermas.<\/p>\n<p>Al\u00e9m da programa\u00e7\u00e3o gastron\u00f4mica, o Parque amplia as op\u00e7\u00f5es de lazer e entretenimento ao longo de setembro. Aos s\u00e1bados e domingos, os visitantes poder\u00e3o aproveitar m\u00fasica ao vivo, atra\u00e7\u00e3o que tamb\u00e9m ser\u00e1 realizada no feriado de 7 de setembro. Para completar a divers\u00e3o, haver\u00e1 infl\u00e1veis dispon\u00edveis em todos os dias de funcionamento do Parque e personagens tem\u00e1ticos nos dias 5, 6, 7, 12, 13, 19, 20, 26 e 27 de setembro, garantindo momentos de descontra\u00e7\u00e3o para toda a fam\u00edlia.<\/p>\n<p>Com atividades de recrea\u00e7\u00e3o para toda a fam\u00edlia e atra\u00e7\u00f5es que combinam gastronomia, m\u00fasica e divers\u00e3o, o Thermas de S\u00e3o Pedro mant\u00e9m em setembro uma programa\u00e7\u00e3o diversificada para tornar a experi\u00eancia no Parque ainda mais completa.<\/p>\n<p>Reconhecido como um dos principais destinos de lazer do interior paulista, o parque oferece mais de 20 atra\u00e7\u00f5es para todas as idades, incluindo piscinas climatizadas, piscina de ondas, praia artificial, rio lento, diversos tobo\u00e1guas, e programa\u00e7\u00e3o permanente de entretenimento para toda a fam\u00edlia.<\/p>\n<p>O Thermas de S\u00e3o Pedro faz parte do novo Distrito Tur\u00edstico do Estado de S\u00e3o Paulo \u201c\u00c1guas &amp; Aventuras\u201d, iniciativa que re\u00fane os destinos de S\u00e3o Pedro, \u00c1guas de S\u00e3o Pedro e Brotas em uma estrat\u00e9gia conjunta de fortalecimento do turismo regional. A regi\u00e3o concentra atra\u00e7\u00f5es voltadas ao ecoturismo, turismo de aventura, \u00e1guas termais, gastronomia e experi\u00eancias de lazer para diferentes perfis de visitantes.<\/p>\n<p>Localizado a apenas 180 km de S\u00e3o Paulo (menos de 2 horas), 90 km de Campinas e 30 km de Piracicaba, o S\u00e3o Pedro Thermas Resort \u00e9 um destino de f\u00e1cil acesso a partir de importantes centros urbanos e fica a menos de uma hora do Aeroporto Internacional de Viracopos (VCP).<\/p>\n<p>Servi\u00e7o:<\/p>\n<p>Thermas de S\u00e3o Pedro<\/p>\n<p>www.thermas.com.br ou WhatsApp (19) 3112-3389<\/p>\n<p>Endere\u00e7o: Rodovia Geraldo de Barros (SP-304), km 189 \u2013 Fazenda Limoeiro \u2013 S\u00e3o Pedro (SP)<\/p>\n<p>&nbsp;<\/p>\n<p>&nbsp;<\/p>\n<p>&nbsp;<\/p>\n<p>&nbsp;<\/p>\n","protected":false},"excerpt":{"rendered":"<p>Parque Aqu\u00e1tico continua a promover a Churrascada aos finais de semana, enquanto Resort recebe nova edi\u00e7\u00e3o do Candle Night Setembro chega ao Thermas de S\u00e3o &hellip; <\/p>\n","protected":false},"author":2,"featured_media":51344,"comment_status":"closed","ping_status":"closed","sticky":false,"template":"","format":"standard","meta":{"footnotes":""},"categories":[2],"tags":[],"class_list":["post-51343","post","type-post","status-publish","format-standard","has-post-thumbnail","hentry","category-noticias","latest_post"],"_links":{"self":[{"href":"https:\/\/gilpimentel.com.br\/site\/wp-json\/wp\/v2\/posts\/51343","targetHints":{"allow":["GET"]}}],"collection":[{"href":"https:\/\/gilpimentel.com.br\/site\/wp-json\/wp\/v2\/posts"}],"about":[{"href":"https:\/\/gilpimentel.com.br\/site\/wp-json\/wp\/v2\/types\/post"}],"author":[{"embeddable":true,"href":"https:\/\/gilpimentel.com.br\/site\/wp-json\/wp\/v2\/users\/2"}],"replies":[{"embeddable":true,"href":"https:\/\/gilpimentel.com.br\/site\/wp-json\/wp\/v2\/comments?post=51343"}],"version-history":[{"count":1,"href":"https:\/\/gilpimentel.com.br\/site\/wp-json\/wp\/v2\/posts\/51343\/revisions"}],"predecessor-version":[{"id":51345,"href":"https:\/\/gilpimentel.com.br\/site\/wp-json\/wp\/v2\/posts\/51343\/revisions\/51345"}],"wp:featuredmedia":[{"embeddable":true,"href":"https:\/\/gilpimentel.com.br\/site\/wp-json\/wp\/v2\/media\/51344"}],"wp:attachment":[{"href":"https:\/\/gilpimentel.com.br\/site\/wp-json\/wp\/v2\/media?parent=51343"}],"wp:term":[{"taxonomy":"category","embeddable":true,"href":"https:\/\/gilpimentel.com.br\/site\/wp-json\/wp\/v2\/categories?post=51343"},{"taxonomy":"post_tag","embeddable":true,"href":"https:\/\/gilpimentel.com.br\/site\/wp-json\/wp\/v2\/tags?post=51343"}],"curies":[{"name":"wp","href":"https:\/\/api.w.org\/{rel}","templated":true}]}}