{"id":51334,"date":"2026-08-31T04:45:31","date_gmt":"2026-08-31T07:45:31","guid":{"rendered":"https:\/\/gilpimentel.com.br\/site\/?p=51334"},"modified":"2026-08-28T21:07:15","modified_gmt":"2026-08-29T00:07:15","slug":"skyglass-canela-amplia-presenca-em-eventos-de-turismo-no-brasil-e-na-america-latina","status":"publish","type":"post","link":"https:\/\/gilpimentel.com.br\/site\/skyglass-canela-amplia-presenca-em-eventos-de-turismo-no-brasil-e-na-america-latina\/","title":{"rendered":"SKYGLASS CANELA AMPLIA PRESEN\u00c7A EM EVENTOS DE TURISMO NO BRASIL E NA AM\u00c9RICA LATINA"},"content":{"rendered":"<p>Empreendimento localizado na Serra Ga\u00facha participa de encontros com agentes de viagens e feiras do setor para apresentar seus atrativos e fortalecer a conex\u00e3o com o mercado<\/p>\n<p>O Skyglass Canela participa, ao longo do segundo semestre, de uma agenda de eventos e encontros direcionados ao mercado de turismo no Brasil e na Am\u00e9rica Latina. As a\u00e7\u00f5es incluem encontros com agentes de viagens, reuni\u00f5es com profissionais do setor, participa\u00e7\u00e3o em estandes institucionais e presen\u00e7a em feiras que integram o calend\u00e1rio tur\u00edstico nacional e internacional.<\/p>\n<p>A agenda teve in\u00edcio com o Meeting Brasil Latam 2026, realizado entre 3 e 13 de agosto, com etapas em Lima, Santiago, C\u00f3rdoba, Buenos Aires e Montevid\u00e9u. A edi\u00e7\u00e3o reuniu mais de 1.000 agentes de viagens e profissionais do turismo ao longo da programa\u00e7\u00e3o, incluindo 320 participantes somente na etapa realizada no Peru. O encontro possibilitou ao Skyglass Canela apresentar o empreendimento, seus atrativos e as possibilidades de visita\u00e7\u00e3o na Serra Ga\u00facha a profissionais de diferentes mercados da Am\u00e9rica do Sul.<\/p>\n<p>No Brasil, a agenda do parque inclui a AVIRRP, em Ribeir\u00e3o Preto, entre 26 e 27 de agosto. O Skyglass Canela estar\u00e1 presente em dois espa\u00e7os durante o evento: no estande da Secretaria de Turismo do Rio Grande do Sul e no espa\u00e7o do Sindicato das Empresas de Turismo (Sindetur), ampliando os pontos de contato com profissionais do setor.<\/p>\n<p>A participa\u00e7\u00e3o internacional ter\u00e1 continuidade na FIT Buenos Aires, que acontece de 26 a 29 de setembro, na Argentina. Na sequ\u00eancia, o parque marca presen\u00e7a na Abav Expo, de 30 de setembro a 2 de outubro, no Expo Center Norte, em S\u00e3o Paulo (SP), uma das principais feiras do turismo no pa\u00eds.<\/p>\n<p>A programa\u00e7\u00e3o ser\u00e1 encerrada com a participa\u00e7\u00e3o no Festuris, em Gramado, de 12 a 15 de novembro. O Skyglass Canela contar\u00e1 com estande exclusivo, espa\u00e7o destinado ao relacionamento com agentes de viagens, operadores, representantes de empresas e demais profissionais do setor.<\/p>\n<p>\u201cA presen\u00e7a nos eventos faz parte da nossa estrat\u00e9gia de manter relacionamento direto com o trade e ampliar a divulga\u00e7\u00e3o do destino em diferentes mercados. Buscamos estar cada vez mais pr\u00f3ximos dos profissionais que movimentam o setor e ajudam a levar visitantes para a Serra Ga\u00facha\u201d, comenta Alex Bonareti, diretor do Skyglass Canela.<\/p>\n<p>Com estrutura completa e atra\u00e7\u00f5es que combinam contempla\u00e7\u00e3o e aventura, o Skyglass Canela proporciona uma experi\u00eancia diferenciada em meio \u00e0 Serra Ga\u00facha. A plataforma de vidro avan\u00e7a sobre o Vale da Ferradura, oferecendo uma vista panor\u00e2mica da paisagem. Entre os destaques est\u00e1 o Abusado, passeio suspenso que percorre trilhos sob a plataforma a cerca de 360 metros de altura sobre o n\u00edvel do Rio Ca\u00ed. O empreendimento tamb\u00e9m conta com o Deck do P\u00f4r do Sol e o Memorial do Ferro de Passar, que re\u00fane um acervo com mais de 520 pe\u00e7as.<\/p>\n<p>Para mais informa\u00e7\u00f5es, acesse www.skyglasscanela.com.br ou acompanhe as redes sociais: @skyglasscanela no Instagram e Facebook.<\/p>\n<p>&nbsp;<\/p>\n<p>&nbsp;<\/p>\n<p>&nbsp;<\/p>\n<p>&nbsp;<\/p>\n","protected":false},"excerpt":{"rendered":"<p>Empreendimento localizado na Serra Ga\u00facha participa de encontros com agentes de viagens e feiras do setor para apresentar seus atrativos e fortalecer a conex\u00e3o com &hellip; <\/p>\n","protected":false},"author":2,"featured_media":51335,"comment_status":"closed","ping_status":"closed","sticky":false,"template":"","format":"standard","meta":{"footnotes":""},"categories":[2],"tags":[],"class_list":["post-51334","post","type-post","status-publish","format-standard","has-post-thumbnail","hentry","category-noticias","latest_post"],"_links":{"self":[{"href":"https:\/\/gilpimentel.com.br\/site\/wp-json\/wp\/v2\/posts\/51334","targetHints":{"allow":["GET"]}}],"collection":[{"href":"https:\/\/gilpimentel.com.br\/site\/wp-json\/wp\/v2\/posts"}],"about":[{"href":"https:\/\/gilpimentel.com.br\/site\/wp-json\/wp\/v2\/types\/post"}],"author":[{"embeddable":true,"href":"https:\/\/gilpimentel.com.br\/site\/wp-json\/wp\/v2\/users\/2"}],"replies":[{"embeddable":true,"href":"https:\/\/gilpimentel.com.br\/site\/wp-json\/wp\/v2\/comments?post=51334"}],"version-history":[{"count":1,"href":"https:\/\/gilpimentel.com.br\/site\/wp-json\/wp\/v2\/posts\/51334\/revisions"}],"predecessor-version":[{"id":51336,"href":"https:\/\/gilpimentel.com.br\/site\/wp-json\/wp\/v2\/posts\/51334\/revisions\/51336"}],"wp:featuredmedia":[{"embeddable":true,"href":"https:\/\/gilpimentel.com.br\/site\/wp-json\/wp\/v2\/media\/51335"}],"wp:attachment":[{"href":"https:\/\/gilpimentel.com.br\/site\/wp-json\/wp\/v2\/media?parent=51334"}],"wp:term":[{"taxonomy":"category","embeddable":true,"href":"https:\/\/gilpimentel.com.br\/site\/wp-json\/wp\/v2\/categories?post=51334"},{"taxonomy":"post_tag","embeddable":true,"href":"https:\/\/gilpimentel.com.br\/site\/wp-json\/wp\/v2\/tags?post=51334"}],"curies":[{"name":"wp","href":"https:\/\/api.w.org\/{rel}","templated":true}]}}