{"id":51331,"date":"2026-08-31T00:34:04","date_gmt":"2026-08-31T03:34:04","guid":{"rendered":"https:\/\/gilpimentel.com.br\/site\/?p=51331"},"modified":"2026-08-28T19:22:42","modified_gmt":"2026-08-28T22:22:42","slug":"empresa-promove-feirao-com-200-vagas-de-emprego-em-diversas-cidades-gauchas","status":"publish","type":"post","link":"https:\/\/gilpimentel.com.br\/site\/empresa-promove-feirao-com-200-vagas-de-emprego-em-diversas-cidades-gauchas\/","title":{"rendered":"EMPRESA PROMOVE FEIR\u00c3O COM 200 VAGAS DE EMPREGO EM DIVERSAS CIDADES GA\u00daCHAS"},"content":{"rendered":"<p>Sele\u00e7\u00e3o ser\u00e1 realizada de 31 de agosto a 4 de setembro em Porto Alegre, Canoas, Caxias do Sul, Gravata\u00ed, Novo Hamburgo, Santa Cruz do Sul e Viam\u00e3o. H\u00e1 oportunidades para PCDs e n\u00e3o \u00e9 preciso ter experi\u00eancia.<\/p>\n<p>O Fort Atacadista promove, na pr\u00f3xima semana, um feir\u00e3o de empregos com 200 vagas em sete cidades ga\u00fachas. A sele\u00e7\u00e3o ser\u00e1 realizada nas pr\u00f3prias lojas da rede localizadas em Canoas, Caxias do Sul, Gravata\u00ed, Novo Hamburgo, Porto Alegre, Santa Cruz do Sul e Viam\u00e3o. O feir\u00e3o ocorre de segunda-feira, 31 de agosto, \u00e0 sexta-feira, 4 de setembro, das 14h \u00e0s 17h. Os interessados devem comparecer \u00e0s unidades, levando documento de identidade e curr\u00edculo. N\u00e3o \u00e9 necess\u00e1rio ter experi\u00eancia.<\/p>\n<p>H\u00e1 oportunidades para todos. Em cada loja, est\u00e3o dispon\u00edveis dez vagas para Pessoas com Defici\u00eancia. O Grupo Pereira, dono do Fort Atacadista, \u00e9 reconhecido pela inclus\u00e3o, com oportunidades para PCDs, estrangeiros, 50+ e para todos os g\u00eaneros. \u00c9 o primeiro varejista brasileiro a ser contemplado com o selo CAFE (Certified Age Friendly Employer), concedido pelo norte-americano Age Friendly Institute a empresas que promovem a contrata\u00e7\u00e3o e reten\u00e7\u00e3o de funcion\u00e1rios 50+. Al\u00e9m de proporcionar uma carreira acelerada, criando oportunidades reais para crescimento r\u00e1pido.<\/p>\n<p>Confira as informa\u00e7\u00f5es detalhadas para cada cidade:<\/p>\n<p>Porto Alegre \u2013 40 vagas &#8211; auxiliar de perec\u00edveis, auxiliar de preven\u00e7\u00e3o, t\u00e9cnico de carnes, atendente de restaurante e empacotador (PCD).<\/p>\n<p>Endere\u00e7o \u2013 Av. Manoel Elias, 745 \u2013 Passo das Pedras<\/p>\n<p>Canoas &#8211; 30 vagas &#8211; operador de perec\u00edveis, t\u00e9cnico de carnes, atendente de restaurante, auxilia de limpeza e conserva\u00e7\u00e3o, auxiliar de padaria, operador de loja e empacotador (PCD).<\/p>\n<p>Endere\u00e7o &#8211; Av. Farroupilha, 4803 &#8211; Mal. Rondon<\/p>\n<p>Caxias do Sul &#8211; 40 vagas &#8211; operador de perec\u00edveis, t\u00e9cnico de carnes, auxiliar de limpeza e conserva\u00e7\u00e3o, operador de loja e empacotador (PCD).<\/p>\n<p>Endere\u00e7o &#8211; R. Tronca, 1370 \u2013 Exposi\u00e7\u00e3o<\/p>\n<p>Viam\u00e3o &#8211; 30 vagas &#8211; auxiliar de perec\u00edveis, operador de loja e empacotador (PCD).<\/p>\n<p>Endere\u00e7o \u2013 Senador Salgado Filho, 7131 &#8211; Jardim Krahe<\/p>\n<p>Novo Hamburgo &#8211; 30 vagas \u2013 auxiliar de carga e descarga, cartazista, operador de loja, auxiliar de invent\u00e1rio e empacotador (PCD).<\/p>\n<p>Vinte e Quatro de Maio, 368 &#8211; Vila Rosa<\/p>\n<p>Gravata\u00ed &#8211; 30 vagas &#8211; operador de perec\u00edveis, operador de loja e empacotador (PCD).<\/p>\n<p>Dorival C\u00e2ndido Luz de Oliveira, 6845 &#8211; Parque Florido<\/p>\n<p>Santa Cruz do Sul, &#8211; 20 vagas &#8211; operador de perec\u00edveis, auxiliar de carga e descarga e empacotador (PCD).<\/p>\n<p>Paul Harris, 291 \u2013 Centro<\/p>\n<p>Benef\u00edcios:<\/p>\n<p>Al\u00e9m de oportunidade de recoloca\u00e7\u00e3o, os contratados ter\u00e3o acesso a um pacote completo de benef\u00edcios, que inclui:<\/p>\n<p>Seguro de vida<\/p>\n<p>Vale-transporte<\/p>\n<p>Alimenta\u00e7\u00e3o na empresa (caf\u00e9 da manh\u00e3, almo\u00e7o ou jantar)<\/p>\n<p>Conv\u00eanio com o Sesc e empresas parceiras nas \u00e1reas de lazer, educa\u00e7\u00e3o e sa\u00fade<\/p>\n<p>Descontos no Vuon Card (cart\u00e3o de cr\u00e9dito exclusivo para compras nas empresas do Grupo)<\/p>\n<p>Plano odontol\u00f3gico<\/p>\n<p>Programa Acolhe GP (suporte social gratuito com atendimento especializado)<\/p>\n<p>Universidade Corporativa<\/p>\n<p>Kit nascimento<\/p>\n<p>Sobre o Grupo Pereira:<\/p>\n<p>Fundado em 1962, na cidade de Itaja\u00ed, em Santa Catarina, o Grupo Pereira completa 64 anos de hist\u00f3ria em 2026. Atualmente, conta com 25 mil funcion\u00e1rios nos estados de Mato Grosso, Mato Grosso do Sul, Goi\u00e1s, Santa Catarina, S\u00e3o Paulo, Rio Grande do Sul e no Distrito Federal.<\/p>\n<p>O Grupo Pereira tem 194 unidades de neg\u00f3cio, incluindo 39 lojas da rede de supermercados Comper, 78 lojas do Fort Atacadista (atacarejo), 25 unidades do restaurante Trudy\u2019s e uma steakhouse, 3 filiais do Atacado Bate Forte (atacadista de distribui\u00e7\u00e3o), 30 lojas SempreFort (varejo farmac\u00eautico), um Broker \u2013 distribuidor oficial da Nestl\u00e9 -, 5 ag\u00eancias de viagens, 3 postos de combust\u00edvel e um Centro de Distribui\u00e7\u00e3o. Al\u00e9m disso, o Grupo Pereira completa seu ecossistema de solu\u00e7\u00f5es ao incluir o bra\u00e7o log\u00edstico Perlog e os servi\u00e7os financeiros do Vuon, que inclui o private label Vuon Card, com mais de 1,6 milh\u00e3o de cart\u00f5es emitidos, al\u00e9m de gift cards, seguros e assist\u00eancia odontol\u00f3gica.<\/p>\n<p>Em 2026, a companhia entrou para o Top 10 do Pr\u00eamio de Inclus\u00e3o Socioecon\u00f4mica, concedido pelo Minist\u00e9rio do Desenvolvimento e Assist\u00eancia Social, Fam\u00edlia e Combate \u00e0 Fome e virou signat\u00e1ria do Pacto Global da ONU. O Grupo tamb\u00e9m foi a primeira varejista brasileira a conquistar o selo internacional CAFE (Certified Age Friendly Employer), voltado \u00e0 valoriza\u00e7\u00e3o e inclus\u00e3o de profissionais 50+.<\/p>\n<p>&nbsp;<\/p>\n<p>&nbsp;<\/p>\n<p>&nbsp;<\/p>\n<p>&nbsp;<\/p>\n","protected":false},"excerpt":{"rendered":"<p>Sele\u00e7\u00e3o ser\u00e1 realizada de 31 de agosto a 4 de setembro em Porto Alegre, Canoas, Caxias do Sul, Gravata\u00ed, Novo Hamburgo, Santa Cruz do Sul &hellip; <\/p>\n","protected":false},"author":2,"featured_media":51332,"comment_status":"closed","ping_status":"closed","sticky":false,"template":"","format":"standard","meta":{"footnotes":""},"categories":[2],"tags":[],"class_list":["post-51331","post","type-post","status-publish","format-standard","has-post-thumbnail","hentry","category-noticias","latest_post"],"_links":{"self":[{"href":"https:\/\/gilpimentel.com.br\/site\/wp-json\/wp\/v2\/posts\/51331","targetHints":{"allow":["GET"]}}],"collection":[{"href":"https:\/\/gilpimentel.com.br\/site\/wp-json\/wp\/v2\/posts"}],"about":[{"href":"https:\/\/gilpimentel.com.br\/site\/wp-json\/wp\/v2\/types\/post"}],"author":[{"embeddable":true,"href":"https:\/\/gilpimentel.com.br\/site\/wp-json\/wp\/v2\/users\/2"}],"replies":[{"embeddable":true,"href":"https:\/\/gilpimentel.com.br\/site\/wp-json\/wp\/v2\/comments?post=51331"}],"version-history":[{"count":1,"href":"https:\/\/gilpimentel.com.br\/site\/wp-json\/wp\/v2\/posts\/51331\/revisions"}],"predecessor-version":[{"id":51333,"href":"https:\/\/gilpimentel.com.br\/site\/wp-json\/wp\/v2\/posts\/51331\/revisions\/51333"}],"wp:featuredmedia":[{"embeddable":true,"href":"https:\/\/gilpimentel.com.br\/site\/wp-json\/wp\/v2\/media\/51332"}],"wp:attachment":[{"href":"https:\/\/gilpimentel.com.br\/site\/wp-json\/wp\/v2\/media?parent=51331"}],"wp:term":[{"taxonomy":"category","embeddable":true,"href":"https:\/\/gilpimentel.com.br\/site\/wp-json\/wp\/v2\/categories?post=51331"},{"taxonomy":"post_tag","embeddable":true,"href":"https:\/\/gilpimentel.com.br\/site\/wp-json\/wp\/v2\/tags?post=51331"}],"curies":[{"name":"wp","href":"https:\/\/api.w.org\/{rel}","templated":true}]}}