{"id":51324,"date":"2026-09-01T00:02:09","date_gmt":"2026-09-01T03:02:09","guid":{"rendered":"https:\/\/gilpimentel.com.br\/site\/?p=51324"},"modified":"2026-08-31T20:07:07","modified_gmt":"2026-08-31T23:07:07","slug":"51324-2","status":"publish","type":"post","link":"https:\/\/gilpimentel.com.br\/site\/51324-2\/","title":{"rendered":"MONTE VERDE \u00c9 OP\u00c7\u00c3O DE VIAGEM CURTA PARA O FERIADO DE 7 DE SETEMBRO"},"content":{"rendered":"<p>Com o feriado de 7 de setembro neste ano em uma segunda-feira, Monte Verde, distrito de Camanducaia (MG), surge como alternativa para quem quer aproveitar tr\u00eas dias de folga sem precisar percorrer grandes dist\u00e2ncias. Localizada a cerca de 170 quil\u00f4metros de S\u00e3o Paulo, a vila tem acesso pela Rodovia Fern\u00e3o Dias e re\u00fane trilhas, atra\u00e7\u00f5es de aventura, gastronomia e hospedagens que permitem montar uma programa\u00e7\u00e3o variada mesmo em uma viagem curta.<\/p>\n<p>A altitude de 1.554 metros e a localiza\u00e7\u00e3o na Serra da Mantiqueira contribuem para o clima ameno, especialmente \u00e0 noite, enquanto a paisagem de montanha favorece atividades ao ar livre. Entre os passeios mais conhecidos est\u00e3o as trilhas da Pedra Redonda, Pedra Partida, Chap\u00e9u do Bispo e Plat\u00f4, com diferentes n\u00edveis de dificuldade e pontos de observa\u00e7\u00e3o da Mantiqueira.<\/p>\n<p>Quem viaja em fam\u00edlia encontra outras op\u00e7\u00f5es al\u00e9m das caminhadas. A Fazenda Radical re\u00fane atividades como tirolesa, arvorismo e quadriciclo, enquanto a Escola de Falcoaria oferece contato com aves de rapina e informa\u00e7\u00f5es sobre o trabalho de conserva\u00e7\u00e3o (necessita de agendamento pr\u00e9vio). O Pinheiro Velho, uma das \u00e1rvores mais antigas da regi\u00e3o, e o Parque VillaLeta tamb\u00e9m podem entrar no roteiro.<\/p>\n<p>Para quem prefere um programa mais tranquilo, a Avenida Monte Verde concentra restaurantes, caf\u00e9s, chocolaterias, cervejarias artesanais e lojas. A gastronomia \u00e9 um dos destaques da vila, com pratos que valorizam ingredientes da Mantiqueira, como truta e pinh\u00e3o, al\u00e9m de op\u00e7\u00f5es de fondue e chocolates, bastante procuradas nos meses de temperaturas mais baixas.<\/p>\n<p>A curta dist\u00e2ncia de S\u00e3o Paulo \u00e9 um dos principais argumentos para escolher Monte Verde no feriado. O deslocamento de carro permite sair da capital pela manh\u00e3 e chegar ao destino ainda a tempo de aproveitar a tarde, sem comprometer boa parte do per\u00edodo de descanso com a viagem. Para quem disp\u00f5e de apenas tr\u00eas dias, a combina\u00e7\u00e3o de acesso f\u00e1cil e variedade de atra\u00e7\u00f5es facilita a programa\u00e7\u00e3o.<\/p>\n<p>Pousadas para o feriado<\/p>\n<p>Entre as op\u00e7\u00f5es de hospedagem est\u00e3o a Pousada Pedras e Sonhos, na parte alta de Monte Verde, com chal\u00e9s equipados com lareira, hidromassagem com cromoterapia, varanda e garagem coberta. O caf\u00e9 da manh\u00e3 \u00e9 servido at\u00e9 as 11h, uma alternativa para quem prefere come\u00e7ar os passeios mais tarde.<\/p>\n<p>A Pousada Jardim da Mantiqueira fica em um bosque de arauc\u00e1rias, a poucos metros da avenida principal, permitindo acesso a diversos pontos da vila a p\u00e9. As acomoda\u00e7\u00f5es t\u00eam aquecimento e ar-condicionado, e algumas contam com lareira e hidromassagem. A pousada tamb\u00e9m disp\u00f5e de carregador para ve\u00edculos el\u00e9tricos.<\/p>\n<p>J\u00e1 a Pousada Sonho Verde, a aproximadamente 600 metros do centro, oferece chal\u00e9s espa\u00e7osos e quartos para at\u00e9 oito pessoas, sendo uma op\u00e7\u00e3o para fam\u00edlias ou grupos. A estrutura inclui piscina, lareira e caf\u00e9 da manh\u00e3 com receitas caseiras.<\/p>\n<p>Pedras e sonhos \u2013 WhatsApp (35) 98713-5898, fixo (35) 3438-1388, www.pedrasesonhos.com.br e www.instagram.com\/pousadapedrasesonhosmv<\/p>\n<p>Jardim da Mantiqueira \u2013 WhatsApp (35) 99173-9361, fixo (35) 3438-1912, https:\/\/pousadajardimdamantiqueira.com e www.instagram.com\/pousadajardimdamantiqueira<\/p>\n<p>Sonho Verde \u2013 WhatsApp (35) 99885-9638, fixo (35) 3438-1188, www.pousadasonhoverde.com e www.instagram.com\/pousadasonhoverde<\/p>\n<p>&nbsp;<\/p>\n<p>&nbsp;<\/p>\n<p>&nbsp;<\/p>\n","protected":false},"excerpt":{"rendered":"<p>Com o feriado de 7 de setembro neste ano em uma segunda-feira, Monte Verde, distrito de Camanducaia (MG), surge como alternativa para quem quer aproveitar &hellip; <\/p>\n","protected":false},"author":2,"featured_media":51325,"comment_status":"closed","ping_status":"closed","sticky":false,"template":"","format":"standard","meta":{"footnotes":""},"categories":[2],"tags":[],"class_list":["post-51324","post","type-post","status-publish","format-standard","has-post-thumbnail","hentry","category-noticias","latest_post"],"_links":{"self":[{"href":"https:\/\/gilpimentel.com.br\/site\/wp-json\/wp\/v2\/posts\/51324","targetHints":{"allow":["GET"]}}],"collection":[{"href":"https:\/\/gilpimentel.com.br\/site\/wp-json\/wp\/v2\/posts"}],"about":[{"href":"https:\/\/gilpimentel.com.br\/site\/wp-json\/wp\/v2\/types\/post"}],"author":[{"embeddable":true,"href":"https:\/\/gilpimentel.com.br\/site\/wp-json\/wp\/v2\/users\/2"}],"replies":[{"embeddable":true,"href":"https:\/\/gilpimentel.com.br\/site\/wp-json\/wp\/v2\/comments?post=51324"}],"version-history":[{"count":2,"href":"https:\/\/gilpimentel.com.br\/site\/wp-json\/wp\/v2\/posts\/51324\/revisions"}],"predecessor-version":[{"id":51327,"href":"https:\/\/gilpimentel.com.br\/site\/wp-json\/wp\/v2\/posts\/51324\/revisions\/51327"}],"wp:featuredmedia":[{"embeddable":true,"href":"https:\/\/gilpimentel.com.br\/site\/wp-json\/wp\/v2\/media\/51325"}],"wp:attachment":[{"href":"https:\/\/gilpimentel.com.br\/site\/wp-json\/wp\/v2\/media?parent=51324"}],"wp:term":[{"taxonomy":"category","embeddable":true,"href":"https:\/\/gilpimentel.com.br\/site\/wp-json\/wp\/v2\/categories?post=51324"},{"taxonomy":"post_tag","embeddable":true,"href":"https:\/\/gilpimentel.com.br\/site\/wp-json\/wp\/v2\/tags?post=51324"}],"curies":[{"name":"wp","href":"https:\/\/api.w.org\/{rel}","templated":true}]}}