{"id":51321,"date":"2026-08-31T01:30:17","date_gmt":"2026-08-31T04:30:17","guid":{"rendered":"https:\/\/gilpimentel.com.br\/site\/?p=51321"},"modified":"2026-08-28T19:10:01","modified_gmt":"2026-08-28T22:10:01","slug":"verao-2026-da-usaflex-chega-com-novas-cores-e-texturas-artesanais","status":"publish","type":"post","link":"https:\/\/gilpimentel.com.br\/site\/verao-2026-da-usaflex-chega-com-novas-cores-e-texturas-artesanais\/","title":{"rendered":"VER\u00c3O 2026 DA USAFLEX CHEGA COM NOVAS CORES E TEXTURAS ARTESANAIS"},"content":{"rendered":"<p>Nova cole\u00e7\u00e3o traduz tend\u00eancias globais em couros trabalhados \u00e0 m\u00e3o, cartela de tons terrosos e modelos pensados para o dia a dia<\/p>\n<p>A esta\u00e7\u00e3o mais quente do ano pede leveza, cor e um cuidado especial nos detalhes. \u00c9 desse movimento que nasce a nova cole\u00e7\u00e3o de Ver\u00e3o 2026 da Usaflex, marca refer\u00eancia em cal\u00e7ados femininos de conforto no Brasil, que traduz as principais tend\u00eancias da temporada em uma cartela de tons terrosos, texturas marcantes e acabamentos feitos \u00e0 m\u00e3o. A proposta acompanha diferentes momentos da rotina, do trabalho ao lazer, sem abrir m\u00e3o do conforto que define a marca.<\/p>\n<p>A cole\u00e7\u00e3o aposta em quatro novas cores que d\u00e3o o tom da esta\u00e7\u00e3o. P\u00e1prica, A\u00e7afr\u00e3o, Marinho e Avel\u00e3 chegam alinhadas \u00e0s tend\u00eancias do ver\u00e3o e aparecem tanto em cal\u00e7ados quanto em bolsas, ampliando as possibilidades de combina\u00e7\u00e3o. Os tons dialogam com uma paleta acolhedora e natural, que conecta as pe\u00e7as ao clima solar da temporada.<\/p>\n<p>Entre os materiais, dois acabamentos ganham protagonismo. O couro escovado traz um aspecto encerado e brilho suave que valoriza a autenticidade da pe\u00e7a, com um resultado atual e sofisticado. J\u00e1 o couro com estampa avestruz imprime personalidade por meio de uma textura marcante, que cria movimento e refor\u00e7a o car\u00e1ter sensorial das produ\u00e7\u00f5es.<\/p>\n<p>O trabalho manual atravessa toda a cole\u00e7\u00e3o e se transforma em um dos seus principais argumentos. Os Bordados conectam a delicadeza do feito \u00e0 m\u00e3o \u00e0 est\u00e9tica boho, unindo o r\u00fastico ao sofisticado com charme artesanal e transformando o detalhe em protagonista. A valoriza\u00e7\u00e3o das texturas tamb\u00e9m aparece nos Entrela\u00e7ados, com couro trabalhado em relevo que remete ao artesanal e traz um visual marcante, e no Couro Tress\u00ea e Metal, que leva o minimalismo elegante para sand\u00e1lias e chinelos renovados em novas cores. Esses acabamentos refor\u00e7am a proposta de unir autenticidade, estilo e apelo comercial na vitrine.<\/p>\n<p>Os detalhes em metal completam a leitura de tend\u00eancias da esta\u00e7\u00e3o. O Metal Resinado se destaca pelo acabamento perolado, que cria um efeito luminoso e elegante nas pe\u00e7as. J\u00e1 o Metal Torcido funciona como um detalhe de impacto, colocando cada modelo como protagonista do look e refor\u00e7ando o apelo fashion dos produtos. O Bot\u00e3o em Metal entra com um toque retr\u00f4 que valoriza o cal\u00e7ado e agrega sofistica\u00e7\u00e3o sem abrir m\u00e3o do conforto.<\/p>\n<p>Toda a cole\u00e7\u00e3o \u00e9 sustentada pela Tecnologia do Bem-Andar, plataforma propriet\u00e1ria da Usaflex que re\u00fane diferentes solu\u00e7\u00f5es voltadas ao conforto no uso cotidiano. Organizada em benef\u00edcios sensoriais, f\u00edsicos e plenos, a tecnologia traduz em cada modelo recursos que favorecem amortecimento, estabilidade, leveza e adapta\u00e7\u00e3o ao movimento natural dos p\u00e9s.<\/p>\n<p>A nova cole\u00e7\u00e3o de Ver\u00e3o 26\/27 da Usaflex j\u00e1 est\u00e1 dispon\u00edvel nas franquias, lojas multimarcas e no site oficial da marca.<\/p>\n<p>Sobre a Usaflex<\/p>\n<p>A Usaflex entende que \u00e9 a partir dos p\u00e9s que a vida flui, por isso, une conforto e beleza em cal\u00e7ados e bolsas que acompanham a rotina da mulher real. Ao contr\u00e1rio do senso comum, a marca acredita que a zona de conforto n\u00e3o \u00e9 um lugar de acomoda\u00e7\u00e3o, mas o ponto de partida seguro e potente para qualquer conquista. \u00c9 com essa vis\u00e3o que a marca desenvolveu a Tecnologia do Bem-Andar, plataforma propriet\u00e1ria que une inova\u00e7\u00e3o e bem-estar para garantir que os p\u00e9s das suas consumidoras possam ir mais longe, afinal, a Usaflex carrega em sua ess\u00eancia um convite: viver pede conforto. Essa entrega de valor se traduz em uma produ\u00e7\u00e3o di\u00e1ria de at\u00e9 25 mil pares e em mais de 50 linhas de produtos, presentes no dia a dia de milhares de mulheres atrav\u00e9s da loja virtual, parceiros multimarcas, 370 franquias no Brasil e mais de 30 lojas no exterior.<\/p>\n<p>www.usaflex.com.br<\/p>\n<p>IG: @usaflex<\/p>\n<p>&nbsp;<\/p>\n<p>&nbsp;<\/p>\n","protected":false},"excerpt":{"rendered":"<p>Nova cole\u00e7\u00e3o traduz tend\u00eancias globais em couros trabalhados \u00e0 m\u00e3o, cartela de tons terrosos e modelos pensados para o dia a dia A esta\u00e7\u00e3o mais &hellip; <\/p>\n","protected":false},"author":2,"featured_media":51322,"comment_status":"closed","ping_status":"closed","sticky":false,"template":"","format":"standard","meta":{"footnotes":""},"categories":[2],"tags":[],"class_list":["post-51321","post","type-post","status-publish","format-standard","has-post-thumbnail","hentry","category-noticias","latest_post"],"_links":{"self":[{"href":"https:\/\/gilpimentel.com.br\/site\/wp-json\/wp\/v2\/posts\/51321","targetHints":{"allow":["GET"]}}],"collection":[{"href":"https:\/\/gilpimentel.com.br\/site\/wp-json\/wp\/v2\/posts"}],"about":[{"href":"https:\/\/gilpimentel.com.br\/site\/wp-json\/wp\/v2\/types\/post"}],"author":[{"embeddable":true,"href":"https:\/\/gilpimentel.com.br\/site\/wp-json\/wp\/v2\/users\/2"}],"replies":[{"embeddable":true,"href":"https:\/\/gilpimentel.com.br\/site\/wp-json\/wp\/v2\/comments?post=51321"}],"version-history":[{"count":1,"href":"https:\/\/gilpimentel.com.br\/site\/wp-json\/wp\/v2\/posts\/51321\/revisions"}],"predecessor-version":[{"id":51323,"href":"https:\/\/gilpimentel.com.br\/site\/wp-json\/wp\/v2\/posts\/51321\/revisions\/51323"}],"wp:featuredmedia":[{"embeddable":true,"href":"https:\/\/gilpimentel.com.br\/site\/wp-json\/wp\/v2\/media\/51322"}],"wp:attachment":[{"href":"https:\/\/gilpimentel.com.br\/site\/wp-json\/wp\/v2\/media?parent=51321"}],"wp:term":[{"taxonomy":"category","embeddable":true,"href":"https:\/\/gilpimentel.com.br\/site\/wp-json\/wp\/v2\/categories?post=51321"},{"taxonomy":"post_tag","embeddable":true,"href":"https:\/\/gilpimentel.com.br\/site\/wp-json\/wp\/v2\/tags?post=51321"}],"curies":[{"name":"wp","href":"https:\/\/api.w.org\/{rel}","templated":true}]}}