{"id":51299,"date":"2026-08-31T00:03:19","date_gmt":"2026-08-31T03:03:19","guid":{"rendered":"https:\/\/gilpimentel.com.br\/site\/?p=51299"},"modified":"2026-08-28T18:38:05","modified_gmt":"2026-08-28T21:38:05","slug":"moda-e-arquitetura-se-encontram-em-novo-talks-fibraplac-na-casacor-rs","status":"publish","type":"post","link":"https:\/\/gilpimentel.com.br\/site\/moda-e-arquitetura-se-encontram-em-novo-talks-fibraplac-na-casacor-rs\/","title":{"rendered":"MODA E ARQUITETURA SE ENCONTRAM EM NOVO TALKS FIBRAPLAC NA CASACOR RS"},"content":{"rendered":"<p>Pam Zottis conduziu conversa sobre como roupas e espa\u00e7os expressam identidade, mem\u00f3ria e pertencimento<\/p>\n<p>O espa\u00e7o da Fibraplac na CASACOR Rio Grande do Sul 2026 recebeu, nesta quinta-feira (20), o primeiro encontro da nova edi\u00e7\u00e3o do Talks Fibraplac, iniciativa criada pela marca para transformar sua participa\u00e7\u00e3o na mostra em uma plataforma de conte\u00fado, relacionamento e troca de experi\u00eancias com profissionais de arquitetura e design. O encontro foi conduzido pela jornalista e consultora de imagem e estilo Pam Zottis, que apresentou a conversa \u201cModa e Arquitetura: vestir espa\u00e7os, vestir pessoas\u201d.<\/p>\n<p>A palestra abordou as conex\u00f5es entre dois universos que, embora distintos, compartilham princ\u00edpios de express\u00e3o. Assim como as roupas comunicam antes mesmo de uma pessoa dizer uma palavra, os ambientes tamb\u00e9m revelam hist\u00f3rias, refer\u00eancias, escolhas e modos de viver.<\/p>\n<p>A partir de experi\u00eancias de sua trajet\u00f3ria como consultora de estilo e de situa\u00e7\u00f5es do cotidiano, Pam explorou temas como personalidade, propor\u00e7\u00e3o, cor, textura, camadas, contraste, repert\u00f3rio e afeto. Ao todo, foram apresentadas dez conex\u00f5es entre moda e arquitetura, aproximando o universo do vestir da constru\u00e7\u00e3o dos espa\u00e7os e mostrando como escolhas aparentemente simples podem transformar tanto um guarda-roupa quanto um ambiente.<\/p>\n<p>Com quase 20 anos de atua\u00e7\u00e3o na comunica\u00e7\u00e3o, Pam Zottis foi colunista de moda da revista Donna, do jornal Zero Hora, e apresentadora do quadro Inventando Moda, na RBS TV. Desde 2017, dedica-se \u00e0 consultoria de estilo e \u00e0 produ\u00e7\u00e3o de conte\u00fado digital, ajudando mulheres a desenvolver um estilo aut\u00eantico e a se comunicar por meio da imagem.<\/p>\n<p>\u201cModa e arquitetura partem de decis\u00f5es muito semelhantes, mas o que realmente d\u00e1 sentido a elas \u00e9 a identidade. Uma roupa ou um ambiente podem ser visualmente bonitos, mas \u00e9 a conex\u00e3o com a nossa hist\u00f3ria que faz com que aquilo seja verdadeiramente nosso. No fim, n\u00e3o se trata apenas de est\u00e9tica, mas de reconhecer-se naquilo que vestimos e nos espa\u00e7os que habitamos, encontrando ali mem\u00f3ria, afeto e pertencimento\u201d, afirmou Pam Zottis.<\/p>\n<p>Do lan\u00e7amento de produtos \u00e0 experi\u00eancia<\/p>\n<p>A programa\u00e7\u00e3o de talks integra uma estrat\u00e9gia mais ampla da Fibraplac para sua participa\u00e7\u00e3o na CASACOR RS. Em vez de utilizar a mostra apenas como espa\u00e7o para apresentar lan\u00e7amentos, a empresa transformou seus produtos em uma experi\u00eancia arquitet\u00f4nica no Caf\u00e9 Fibraplac, ambiente assinado pela arquiteta K\u00e1tia Vinciprova.<\/p>\n<p>O projeto materializa os novos padr\u00f5es Caf\u00e9 Imperial e Azul Infinito, lan\u00e7ados pela Fibraplac em 2026, e traduz o conceito da Cole\u00e7\u00e3o Equil\u00edbrio, inspirada no encontro entre terra e infinito. No ambiente, os padr\u00f5es deixam de ser apenas revestimentos e integram uma narrativa espacial que explora acolhimento, contempla\u00e7\u00e3o, perman\u00eancia e bem-estar.<\/p>\n<p>A experi\u00eancia \u00e9 complementada por uma obra de arte exclusiva criada pelo escultor Ricardo Aguiar especialmente para o espa\u00e7o. A escultura estabelece um di\u00e1logo entre arte e arquitetura e amplia a dimens\u00e3o sensorial do ambiente, refor\u00e7ando a proposta da Fibraplac de apresentar seus produtos inseridos em experi\u00eancias completas de design.<\/p>\n<p>\u201cA arquitetura tem a capacidade de expressar e provocar sensa\u00e7\u00f5es por meio dos espa\u00e7os. Trazer essa conversa tamb\u00e9m para o universo da moda amplia esse olhar e refor\u00e7a uma ideia que est\u00e1 muito presente na proposta da Fibraplac para a CASACOR: materiais, cores e texturas ganham significado quando ajudam a construir ambientes conectados \u00e0s pessoas que os habitam\u201d, afirma Riciele Garcia, gerente de Marketing da Fibraplac.<\/p>\n<p>Projetado para desacelerar o ritmo da visita\u00e7\u00e3o e transformar um gesto cotidiano em uma experi\u00eancia de contempla\u00e7\u00e3o, o Caf\u00e9 Fibraplac utiliza os pain\u00e9is da marca como protagonistas da narrativa espacial. A proposta tamb\u00e9m aproxima a ind\u00fastria de arquitetos, designers e demais especificadores, ao mostrar como pesquisas de comportamento, tend\u00eancias e relacionamento com o mercado orientam o desenvolvimento de novos produtos e solu\u00e7\u00f5es.<\/p>\n<p>A partir do espa\u00e7o, a Fibraplac tamb\u00e9m amplia sua atua\u00e7\u00e3o na mostra ao promover conte\u00fados e discuss\u00f5es sobre temas relacionados a arquitetura, design, comportamento, criatividade e neg\u00f3cios. O Talks Fibraplac ter\u00e1 novas edi\u00e7\u00f5es ao longo da CASACOR RS 2026, com diferentes convidados e tem\u00e1ticas.<\/p>\n<p>A CASACOR RS 2026 ocorre at\u00e9 4 de outubro, no antigo terminal do Aeroporto Salgado Filho, em Porto Alegre.<\/p>\n<p>&nbsp;<\/p>\n<p>&nbsp;<\/p>\n","protected":false},"excerpt":{"rendered":"<p>Pam Zottis conduziu conversa sobre como roupas e espa\u00e7os expressam identidade, mem\u00f3ria e pertencimento O espa\u00e7o da Fibraplac na CASACOR Rio Grande do Sul 2026 &hellip; <\/p>\n","protected":false},"author":2,"featured_media":51300,"comment_status":"closed","ping_status":"closed","sticky":false,"template":"","format":"standard","meta":{"footnotes":""},"categories":[2],"tags":[],"class_list":["post-51299","post","type-post","status-publish","format-standard","has-post-thumbnail","hentry","category-noticias","latest_post"],"_links":{"self":[{"href":"https:\/\/gilpimentel.com.br\/site\/wp-json\/wp\/v2\/posts\/51299","targetHints":{"allow":["GET"]}}],"collection":[{"href":"https:\/\/gilpimentel.com.br\/site\/wp-json\/wp\/v2\/posts"}],"about":[{"href":"https:\/\/gilpimentel.com.br\/site\/wp-json\/wp\/v2\/types\/post"}],"author":[{"embeddable":true,"href":"https:\/\/gilpimentel.com.br\/site\/wp-json\/wp\/v2\/users\/2"}],"replies":[{"embeddable":true,"href":"https:\/\/gilpimentel.com.br\/site\/wp-json\/wp\/v2\/comments?post=51299"}],"version-history":[{"count":1,"href":"https:\/\/gilpimentel.com.br\/site\/wp-json\/wp\/v2\/posts\/51299\/revisions"}],"predecessor-version":[{"id":51301,"href":"https:\/\/gilpimentel.com.br\/site\/wp-json\/wp\/v2\/posts\/51299\/revisions\/51301"}],"wp:featuredmedia":[{"embeddable":true,"href":"https:\/\/gilpimentel.com.br\/site\/wp-json\/wp\/v2\/media\/51300"}],"wp:attachment":[{"href":"https:\/\/gilpimentel.com.br\/site\/wp-json\/wp\/v2\/media?parent=51299"}],"wp:term":[{"taxonomy":"category","embeddable":true,"href":"https:\/\/gilpimentel.com.br\/site\/wp-json\/wp\/v2\/categories?post=51299"},{"taxonomy":"post_tag","embeddable":true,"href":"https:\/\/gilpimentel.com.br\/site\/wp-json\/wp\/v2\/tags?post=51299"}],"curies":[{"name":"wp","href":"https:\/\/api.w.org\/{rel}","templated":true}]}}