{"id":51278,"date":"2026-08-31T07:00:08","date_gmt":"2026-08-31T10:00:08","guid":{"rendered":"https:\/\/gilpimentel.com.br\/site\/?p=51278"},"modified":"2026-08-31T19:16:52","modified_gmt":"2026-08-31T22:16:52","slug":"ney-matogrosso-anuncia-a-turne-85-anos-de-ousadia-com-shows-pelo-pais-e-imagens-de-david-lachapelle","status":"publish","type":"post","link":"https:\/\/gilpimentel.com.br\/site\/ney-matogrosso-anuncia-a-turne-85-anos-de-ousadia-com-shows-pelo-pais-e-imagens-de-david-lachapelle\/","title":{"rendered":"NEY MATOGROSSO ANUNCIA A TURN\u00ca 85 ANOS DE OUSADIA COM SHOWS PELO PA\u00cdS E IMAGENS DE DAVID LACHAPELLE"},"content":{"rendered":"<p>Realizada pela 30e e apresentada por Ita\u00fa Live, a tour estreia em janeiro de 2027 e contar\u00e1 com figurinos emblem\u00e1ticos da trajet\u00f3ria do artista recriados especialmente para o projeto<\/p>\n<p>Poucos artistas na hist\u00f3ria da m\u00fasica mundial podem ostentar a palavra \u201cousadia\u201d como defini\u00e7\u00e3o de sua pr\u00f3pria exist\u00eancia. Aos 85 anos, Ney Matogrosso, al\u00e9m de carregar essa marca, a transforma em combust\u00edvel para o que ainda quer fazer nos palcos. Trata-se da turn\u00ea Ney Matogrosso \u2013 85 Anos de Ousadia, que estreia em janeiro de 2027, na capital paulista, e contar\u00e1 com dez espet\u00e1culos no total. Realizada pela 30e, maior companhia brasileira de entretenimento ao vivo, e apresentado por Ita\u00fa Live, plataforma propriet\u00e1ria de m\u00fasica do Ita\u00fa Unibanco, a turn\u00ea \u00e9 anunciada com fotografias assinadas pelo norte-americano David LaChapelle, feitas em um ensaio realizado em S\u00e3o Paulo. \u00cdcone da cultura pop, o fot\u00f3grafo traduziu, em seus retratos, a liberdade e a aud\u00e1cia que atravessam a vida e a obra de Ney Matogrosso. As primeiras datas confirmadas s\u00e3o: S\u00e3o Paulo, em 30 de janeiro de 2027, no Nubank Parque; Curitiba, em 3 de abril, na Arena da Baixada; Recife, em 17 de abril, no Classic Hall; Belo Horizonte, em 1\u00ba de maio, na Esplanada do Mineir\u00e3o; e Rio de Janeiro, em 18 de dezembro, no Maracan\u00e3. Em breve, mais dias e locais ser\u00e3o anunciados.<\/p>\n<p>Clientes Ita\u00fa t\u00eam pr\u00e9-venda exclusiva com 30% de desconto no valor dos ingressos para compras realizadas com cart\u00f5es de cr\u00e9dito. As entradas estar\u00e3o dispon\u00edveis pelo site da Eventim (acesse aqui), da seguinte forma:<\/p>\n<p>Clientes Private e Ita\u00fa Personnalit\u00e9: 27 de agosto, \u00e0s 10h, at\u00e9 28 de agosto, \u00e0s 10h.<br \/>\nDemais clientes Ita\u00fa Unibanco: 28 de agosto, \u00e0s 10h, at\u00e9 30 de agosto, \u00e0s 23h.<br \/>\nVenda geral: 31 de agosto, meio-dia on-line, e \u00e0s 13h na bilheteria oficial.<br \/>\nNa 85 Anos de Ousadia, Ney Matogrosso n\u00e3o se apega a narrativas nost\u00e1lgicas ou retrospectivas. Uma despedida tamb\u00e9m n\u00e3o est\u00e1 em quest\u00e3o. A ideia \u00e9 celebrar a trajet\u00f3ria de um artista que chega a esse momento da vida em pleno movimento, interessado em transformar o que j\u00e1 construiu e experimentar o que ainda pode fazer. O palco continua sendo seu espa\u00e7o de liberdade, e o show, um organismo vivo que muda junto com ele. \u201cA idade e o tempo de carreira n\u00e3o impactam em nada. Eu continuo na estrada, gosto de ter gente na minha frente e de dan\u00e7ar\u201d, afirma Ney Matogrosso. Os olhos do artista brilham tamb\u00e9m ao falar dos figurinos extravagantes que ajudaram a construir sua identidade visual. N\u00e3o \u00e0 toa, essas pe\u00e7as ganham um olhar especial na nova turn\u00ea. \u201cVou recriar figurinos cl\u00e1ssicos que remetem \u00e0 minha trajet\u00f3ria, mas todos com ares in\u00e9ditos\u201d, revela.<\/p>\n<p>Ao se unir a David LaChapelle para criar as imagens da turn\u00ea, Ney reafirma uma caracter\u00edstica que o acompanha desde o in\u00edcio de tudo: a compreens\u00e3o de que imagem, corpo, figurino e m\u00fasica s\u00e3o partes de uma mesma express\u00e3o art\u00edstica. Ele \u00e9 o primeiro artista brasileiro a ser fotografado pelo norte-americano, conhecido por construir universos surrealistas e por ter colaborado com alguns dos principais nomes da cultura pop, como Madonna e Elton John, al\u00e9m de ter trabalhado com Andy Warhol no in\u00edcio de sua carreira. \u201cH\u00e1 muito tempo sonh\u00e1vamos em trazer David LaChapelle para um projeto da 30e, mas sab\u00edamos que esse encontro precisava acontecer com algu\u00e9m capaz de entrar no universo dele sem perder a pr\u00f3pria identidade. Ney era essa pessoa. Quando apresentamos a ideia, ele topou imediatamente\u201d, comenta Carol Pascoal, VP de Marketing e Comunica\u00e7\u00e3o da 30e. \u201cDavid assistiu \u00e0 cinebiografia de Ney e ficou fascinado pelo universo que encontrou. A partir do conceito que constru\u00edmos para a s\u00e9rie de shows, ele criou imagens que materializam a atmosfera fant\u00e1stica, livre e ousada que imagin\u00e1vamos para o projeto\u201d, complementa.<\/p>\n<p>A parceria entre a 30e e Ney Matogrosso teve in\u00edcio em 2024, quando a companhia levou Bloco na Rua, que estava em cartaz desde 2019, para o est\u00e1dio do Palmeiras, em S\u00e3o Paulo, diante de 45 mil pessoas. Em 2025, Ney voltou ao local para mais uma apresenta\u00e7\u00e3o, com ingressos esgotados. A escolha de ocupar um palco dessa dimens\u00e3o sem criar um novo espet\u00e1culo especialmente para a ocasi\u00e3o dizia muito sobre a rela\u00e7\u00e3o que come\u00e7ava a ser constru\u00edda. \u201cA minha parceria com a 30e j\u00e1 iniciou ousada. Imagina levar para um est\u00e1dio um show que existe desde 2019. N\u00e3o precisei criar um show novo ou anunciar uma despedida. Fui com o meu show\u201d, afirma Ney.<\/p>\n<p>\u201cNey Matogrosso \u00e9 um artista \u00fanico, que h\u00e1 d\u00e9cadas marca a hist\u00f3ria da m\u00fasica brasileira e segue conquistando diferentes gera\u00e7\u00f5es com sua autenticidade e capacidade de se reinventar. Fazer parte da celebra\u00e7\u00e3o de seus 85 anos \u00e9 uma grande alegria para o Ita\u00fa. Como Ita\u00fa Live, acreditamos na for\u00e7a da m\u00fasica para criar conex\u00f5es e reunir pessoas em torno de momentos inesquec\u00edveis, e queremos contribuir para que cada vez mais f\u00e3s possam viver esse encontro com um dos maiores nomes da nossa cultura, acompanhando toda a jornada com benef\u00edcios que tornem a experi\u00eancia ainda mais especial\u201d, afirma Rodrigo Montesano, Superintendente de Experi\u00eancias e Conex\u00f5es de Marcas do Ita\u00fa Unibanco.<\/p>\n<p>A ousadia que agora d\u00e1 nome \u00e0 turn\u00ea n\u00e3o \u00e9 uma constru\u00e7\u00e3o recente. Ela acompanha Ney Matogrosso desde que o Brasil o conheceu \u00e0 frente dos Secos &amp; Molhados, no in\u00edcio dos anos 1970. Em plena ditadura militar, a voz, o corpo, a maquiagem e os figurinos tornaram-se elementos de uma presen\u00e7a art\u00edstica que desafiou conven\u00e7\u00f5es e ampliou os limites do que se via nos grandes palcos do pa\u00eds. Na carreira solo, iniciada em 1975, essa liberdade permaneceu como princ\u00edpio: na escolha do repert\u00f3rio, na maneira de cantar, de se vestir, de se movimentar e, sobretudo, de existir.<\/p>\n<p>A ess\u00eancia do homem que chocou e libertou um pa\u00eds continua intacta, mesmo que Ney Matogrosso nunca tenha parado de se transformar. 85 Anos de Ousadia nasce justamente desse encontro entre tudo o que ele construiu e a liberdade de continuar criando o que vem depois.<\/p>\n<p>SERVI\u00c7O<\/p>\n<p>Ney Matogrosso &#8211; 85 Anos de Ousadia<br \/>\nRealiza\u00e7\u00e3o: 30e<br \/>\nApresenta\u00e7\u00e3o: Ita\u00fa Live<\/p>\n<p>S\u00e3o Paulo<br \/>\nData: 30 de janeiro de 2027<br \/>\nLocal: Nubank Parque &#8211; Av. Francisco Matarazzo, 1705 \u2013 \u00c1gua Branca, S\u00e3o Paulo<br \/>\nClassifica\u00e7\u00e3o Et\u00e1ria: Entrada e perman\u00eancia de crian\u00e7as\/adolescentes de 05 a 15 anos de idade, acompanhados dos pais ou respons\u00e1veis, e de 16 a 17 anos, desacompanhados dos pais ou respons\u00e1veis legais*. *Sujeito a altera\u00e7\u00e3o por Decis\u00e3o Judicial.<br \/>\nSetores e pre\u00e7os:<br \/>\nCadeira Superior: R$ 97,50 (meia-entrada legal) | R$ 156,00 (entrada social) | R$ 195,00 (inteira)<br \/>\nCadeira Inferior: R$ 222,50 (meia-entrada legal) | R$ 356,00 (entrada social) | R$ 445,00 (inteira)<br \/>\nPista: R$ 162,50 (meia-entrada legal) | R$ 260,00 (entrada social) | R$ 325,00 (inteira)<br \/>\nPista Premium Ita\u00fa Personnalit\u00e9: R$ 297,50 (meia-entrada legal) | R$ 476,00 (entrada social) | R$ 595,00 (inteira)<br \/>\nCadeira Gold: R$ 447,50 (meia-entrada legal) | R$ 716,00 (entrada social) | R$ 895,00 (inteira)<\/p>\n<p>PACOTE VIP SUPER F\u00c3 ITA\u00da PLATINUM<br \/>\nIngresso Pista Premium Ita\u00fa Personnalit\u00e9<br \/>\nPassagem de som<br \/>\nKit exclusivo<br \/>\nEncontro com o Artista<br \/>\nPit open bar<br \/>\nAcesso antecipado \u00e0 loja oficial, com itens exclusivos \u00e0 venda (quantidades limitadas)<br \/>\n*Proibido para menores de 18 anos<\/p>\n<p>PACOTE VIP SUPER F\u00c3 ITA\u00da GOLD<br \/>\nIngresso Pista Premium Ita\u00fa Personnalit\u00e9<br \/>\nPassagem de som<br \/>\nKit exclusivo<br \/>\n\u00c1rea open bar exclusiva<br \/>\nAcesso antecipado \u00e0 loja oficial, com itens exclusivos<br \/>\n*Proibido para menores de 18 anos<\/p>\n<p>PACOTE VIP SUPER F\u00c3 ITA\u00da SILVER<br \/>\nIngresso Pista Premium Ita\u00fa Personnalit\u00e9<br \/>\nPassagem de som<br \/>\nKit exclusivo<br \/>\nAcesso antecipado \u00e0 loja oficial, com itens exclusivos \u00e0 venda (quantidades limitadas)<\/p>\n<p>Pr\u00e9-venda clientes Ita\u00fa: 27 de agosto, 10h, at\u00e9 o dia 30 de agosto, \u00e0s 23h<br \/>\nVenda geral: 31 de agosto, 12h on-line e \u00e0s 13h na bilheteria oficial<br \/>\nVendas online em: https:\/\/www.eventim.com.br\/neymatogrosso<br \/>\nBilheteria oficial: Nubank Parque &#8211; Endere\u00e7o: Rua Palestra It\u00e1lia, 200 \u2013 Port\u00e3o A \u2013 Perdizes &#8211; S\u00e3o Paulo\/SP<br \/>\nFuncionamento: Ter\u00e7a a s\u00e1bado das 10h \u00e0s 17h | *N\u00e3o h\u00e1 funcionamento em feriados, emendas de feriados, dias de jogos ou em dias de eventos de outras empresas.<br \/>\nBenef\u00edcio para clientes Ita\u00fa<br \/>\nPr\u00e9-venda exclusiva com 30% de desconto no valor dos ingressos para compras com cart\u00f5es de cr\u00e9dito<br \/>\n*Compra de 4 ingressos por CPF &#8211; sendo aplic\u00e1vel somente a ingressos inteira, de qualquer setor, sujeito a disponibilidade<br \/>\nParcelamento em at\u00e9 3x sem juros<br \/>\nO parcelamento em at\u00e9 3x sem juros \u00e9 v\u00e1lido para qualquer compra com cart\u00e3o Ita\u00fa, na pr\u00e9-venda ou n\u00e3o, tenha desconto, ou n\u00e3o no ingresso.<\/p>\n<p>Curitiba<br \/>\nData: 3 de abril de 2027<br \/>\nLocal: Arena da Baixada &#8211; Hugo Lange, Curitiba, Paran\u00e1<br \/>\nClassifica\u00e7\u00e3o Et\u00e1ria: Entrada e perman\u00eancia de crian\u00e7as\/adolescentes de 05 a 15 anos de idade, acompanhados dos pais ou respons\u00e1veis, e de 16 a 17 anos, desacompanhados dos pais ou respons\u00e1veis legais*. *Sujeito a altera\u00e7\u00e3o por Decis\u00e3o Judicial.<br \/>\nSetores e pre\u00e7os:<br \/>\nCadeira Superior: R$ 97,50 (meia-entrada legal) | R$ 156,00 (entrada social) | R$ 195,00 (inteira)<br \/>\nCadeira Inferior: R$ 197,50 (meia-entrada legal) | R$ 316,00 (entrada social) | R$ 395,00 (inteira)<br \/>\nPista: R$ 147,50 (meia-entrada legal) | R$ 236,00 (entrada social) | R$ 295,00 (inteira)<br \/>\nPista Premium Ita\u00fa Personnalit\u00e9: R$ 297,50 (meia-entrada legal) | R$ 476,00 (entrada social) | R$ 595,00 (inteira)<br \/>\nLounge Premium: R$ 347,50 (meia-entrada legal) | R$ 556,00 (entrada social) | R$ 695,00 (inteira)<\/p>\n<p>PACOTE VIP SUPER F\u00c3 ITA\u00da PLATINUM<br \/>\nIngresso Pista Premium Ita\u00fa Personnalit\u00e9<br \/>\nPassagem de som<br \/>\nKit exclusivo<br \/>\nEncontro com o Artista<br \/>\nAcesso antecipado \u00e0 loja oficial, com itens exclusivos \u00e0 venda (quantidades limitadas)<br \/>\n*Proibido para menores de 18 anos<\/p>\n<p>PACOTE VIP SUPER F\u00c3 ITA\u00da SILVER<br \/>\nIngresso Pista Premium Ita\u00fa Personnalit\u00e9<br \/>\nPassagem de som<br \/>\nKit exclusivo<br \/>\nAcesso antecipado \u00e0 loja oficial, com itens exclusivos \u00e0 venda (quantidades limitadas)<\/p>\n<p>Pr\u00e9-venda clientes Ita\u00fa: 27 de agosto, 10h, at\u00e9 o dia 30 de agosto, \u00e0s 23h<br \/>\nVenda geral: 31 de agosto, 12h on-line e \u00e0s 13h na bilheteria oficial<br \/>\nVendas online em: https:\/\/www.eventim.com.br\/neymatogrosso<br \/>\nBilheteria oficial (sem taxa de conveni\u00eancia): HARD ROCK CAF\u00c9 CURITIBA \u2013 BILHETERIA ELETR\u00d4NICA: Rua Buenos Aires, 50 &#8211; Batel, Curitiba, PR, 80250-070<br \/>\nFuncionamento: De Segunda a sexta das 11h \u00e0s 21h | S\u00e1bado e domingo das 9h \u00e0s 21h.<br \/>\nBenef\u00edcio para clientes Ita\u00fa<br \/>\nPr\u00e9-venda exclusiva com 30% de desconto no valor dos ingressos para compras com cart\u00f5es de cr\u00e9dito<br \/>\n*Compra de 4 ingressos por CPF &#8211; sendo aplic\u00e1vel somente a ingressos inteira, de qualquer setor, sujeito a disponibilidade<br \/>\nParcelamento em at\u00e9 3x sem juros<br \/>\nO parcelamento em at\u00e9 3x sem juros \u00e9 v\u00e1lido para qualquer compra com cart\u00e3o Ita\u00fa, na pr\u00e9-venda ou n\u00e3o, tenha desconto, ou n\u00e3o no ingresso.<\/p>\n<p>Recife<br \/>\nData: 17 de abril de 2027<br \/>\nLocal: Classic Hall &#8211; Av. Gov. Agamenon Magalh\u00e3es, S\/N &#8211; Salgadinho, Olinda<br \/>\nClassifica\u00e7\u00e3o Et\u00e1ria: Entrada e perman\u00eancia de crian\u00e7as\/adolescentes de 05 a 15 anos de idade, acompanhados dos pais ou respons\u00e1veis, e de 16 a 17 anos, desacompanhados dos pais ou respons\u00e1veis legais*. *Sujeito a altera\u00e7\u00e3o por Decis\u00e3o Judicial.<br \/>\nSetores e pre\u00e7os:<br \/>\nArena: R$ 147,50 (meia-entrada legal) | R$ 236,00 (entrada social) | R$ 295,00 (inteira)<br \/>\nFront Stage: R$ 297,50 (meia-entrada legal) | R$ 476,00 (entrada social) | R$ 595,00 (inteira)<\/p>\n<p>PACOTE VIP SUPER F\u00c3 ITA\u00da PLATINUM<br \/>\nIngresso Pista Premium Ita\u00fa Personnalit\u00e9<br \/>\nPassagem de som<br \/>\nKit exclusivo<br \/>\nEncontro com o Artista<br \/>\nAcesso antecipado \u00e0 loja oficial, com itens exclusivos \u00e0 venda (quantidades limitadas)<br \/>\n*Proibido para menores de 18 anos<\/p>\n<p>PACOTE VIP SUPER F\u00c3 ITA\u00da SILVER<br \/>\nIngresso Pista Premium Ita\u00fa Personnalit\u00e9<br \/>\nPassagem de som<br \/>\nKit exclusivo<br \/>\nAcesso antecipado \u00e0 loja oficial, com itens exclusivos \u00e0 venda (quantidades limitadas)<\/p>\n<p>Pr\u00e9-venda clientes Ita\u00fa: 27 de agosto, 10h, at\u00e9 o dia 30 de agosto, \u00e0s 23h<br \/>\nVenda geral: 31 de agosto, 12h on-line e \u00e0s 13h na bilheteria oficial<br \/>\nVendas online em: https:\/\/www.eventim.com.br\/neymatogrosso<br \/>\nBilheteria oficial (sem taxa de conveni\u00eancia): CLASSIC HALL &#8211; Av. Gov. Agamenon Magalh\u00e3es, S\/N &#8211; Salgadinho &#8211; Olinda &#8211; Pernambuco (PE) &#8211; 53110-710<br \/>\nFuncionamento: Segunda a Sexta das 9h \u00e0s 18h \/\/ S\u00e1bados: 9h \u00e0s 12h Domingos e feriados n\u00e3o abre<br \/>\nBenef\u00edcio para clientes Ita\u00fa<br \/>\nPr\u00e9-venda exclusiva com 30% de desconto no valor dos ingressos para compras com cart\u00f5es de cr\u00e9dito<br \/>\n*Compra de 4 ingressos por CPF &#8211; sendo aplic\u00e1vel somente a ingressos inteira, de qualquer setor, sujeito a disponibilidade<br \/>\nParcelamento em at\u00e9 3x sem juros<br \/>\nO parcelamento em at\u00e9 3x sem juros \u00e9 v\u00e1lido para qualquer compra com cart\u00e3o Ita\u00fa, na pr\u00e9-venda ou n\u00e3o, tenha desconto, ou n\u00e3o no ingresso.<\/p>\n<p>Belo Horizonte<br \/>\nData: 1 de maio de 2027<br \/>\nLocal: Esplanada Norte do Mineir\u00e3o &#8211; Av. Presidente Carlos Luz &#8211; S\u00e3o Luiz, Belo Horizonte, Minas Gerais<br \/>\nClassifica\u00e7\u00e3o Et\u00e1ria: Entrada e perman\u00eancia de crian\u00e7as\/adolescentes de 05 a 15 anos de idade, acompanhados dos pais ou respons\u00e1veis, e de 16 a 17 anos, desacompanhados dos pais ou respons\u00e1veis legais*. *Sujeito a altera\u00e7\u00e3o por Decis\u00e3o Judicial.<br \/>\nSetores e pre\u00e7os:<br \/>\nPista: R$ 147,50 (meia-entrada legal) | R$ 236,00 (entrada social) | R$ 295,00 (inteira)<br \/>\nPista Premium Ita\u00fa Personnalit\u00e9: R$ 297,50 (meia-entrada legal) | R$ 476,00 (entrada social) | R$ 595,00 (inteira)<\/p>\n<p>PACOTE VIP SUPER F\u00c3 ITA\u00da PLATINUM<br \/>\nIngresso Pista Premium Ita\u00fa Personnalit\u00e9<br \/>\nPassagem de som<br \/>\nKit exclusivo<br \/>\nEncontro com o Artista<br \/>\nAcesso antecipado \u00e0 loja oficial, com itens exclusivos \u00e0 venda (quantidades limitadas)<br \/>\n*Proibido para menores de 18 anos<\/p>\n<p>PACOTE VIP SUPER F\u00c3 ITA\u00da SILVER<br \/>\nIngresso Pista Premium Ita\u00fa Personnalit\u00e9<br \/>\nPassagem de som<br \/>\nKit exclusivo<br \/>\nAcesso antecipado \u00e0 loja oficial, com itens exclusivos \u00e0 venda (quantidades limitadas)<\/p>\n<p>Pr\u00e9-venda clientes Ita\u00fa: 27 de agosto, 10h, at\u00e9 o dia 30 de agosto, \u00e0s 23h<br \/>\nVenda geral: 31 de agosto, 12h on-line e \u00e0s 13h na bilheteria oficial<br \/>\nVendas online em: https:\/\/www.eventim.com.br\/neymatogrosso<br \/>\nBilheteria oficial: LOJA EVENTIM &#8211; BH &#8211; Shopping 5\u00aa Avenida &#8211; Rua Alagoas, 1314 &#8211; Belo Horizonte<br \/>\nFuncionamento: Segunda a sexta-feira das 10h \u00e0s 19h | S\u00e1bados, Domingos e feriados n\u00e3o abre<br \/>\nBenef\u00edcio para clientes Ita\u00fa<br \/>\nPr\u00e9-venda exclusiva com 30% de desconto no valor dos ingressos para compras com cart\u00f5es de cr\u00e9dito<br \/>\n*Compra de 4 ingressos por CPF &#8211; sendo aplic\u00e1vel somente a ingressos inteira, de qualquer setor, sujeito a disponibilidade<br \/>\nParcelamento em at\u00e9 3x sem juros<br \/>\nO parcelamento em at\u00e9 3x sem juros \u00e9 v\u00e1lido para qualquer compra com cart\u00e3o Ita\u00fa, na pr\u00e9-venda ou n\u00e3o, tenha desconto, ou n\u00e3o no ingresso.<\/p>\n<p>Rio de Janeiro<br \/>\nData: 18 de dezembro de 2027<br \/>\nLocal: Est\u00e1dio do Maracan\u00e3 &#8211; Rua Professor Eurico Rabelo, Maracan\u00e3, Rio de Janeiro<br \/>\nClassifica\u00e7\u00e3o Et\u00e1ria: Entrada e perman\u00eancia de crian\u00e7as\/adolescentes de 05 a 15 anos de idade, acompanhados dos pais ou respons\u00e1veis, e de 16 a 17 anos, desacompanhados dos pais ou respons\u00e1veis legais*. *Sujeito a altera\u00e7\u00e3o por Decis\u00e3o Judicial.<br \/>\nSetores e pre\u00e7os:<br \/>\nCadeira Superior Sul: R$ 97,50 (meia-entrada legal) | R$ 156,00 (entrada social) | R$ 195,00 (inteira)<br \/>\nCadeira Superior Leste: R$ 122,50 (meia-entrada legal) | R$ 196,00 (entrada social) | R$ 245,00 (inteira)<br \/>\nPista: R$ 147,50 (meia-entrada legal) | R$ 236,00 (entrada social) | R$ 295,00 (inteira)<br \/>\nCadeira Inferior Sul: R$ 172,50 (meia-entrada legal) | R$ 276,00 (entrada social) | R$ 345,00 (inteira)<br \/>\nCadeira Inferior Leste e Oeste: R$ 197,50 (meia-entrada legal) | R$ 316,00 (entrada social) | R$ 395,00 (inteira)<br \/>\nPista Premium Ita\u00fa Personnalit\u00e9: R$ 297,50 (meia-entrada legal) | R$ 476,00 (entrada social) | R$ 595,00 (inteira)<br \/>\nMaracan\u00e3 Mais Oeste: R$ 372,50 (meia-entrada legal) | R$ 596,00 (entrada social) | R$ 745,00 (inteira)<\/p>\n<p>PACOTE VIP SUPER F\u00c3 ITA\u00da PLATINUM<br \/>\nIngresso Pista Premium Ita\u00fa Personnalit\u00e9<br \/>\nPassagem de som<br \/>\nKit exclusivo<br \/>\nEncontro com o Artista<br \/>\nPit open bar<br \/>\nAcesso antecipado \u00e0 loja oficial, com itens exclusivos \u00e0 venda (quantidades limitadas)<br \/>\n*Proibido para menores de 18 anos<\/p>\n<p>PACOTE VIP SUPER F\u00c3 ITA\u00da GOLD<br \/>\nIngresso Pista Premium Ita\u00fa Personnalit\u00e9<br \/>\nPassagem de som<br \/>\nKit exclusivo<br \/>\n\u00c1rea open bar exclusiva<br \/>\nAcesso antecipado \u00e0 loja oficial, com itens exclusivos<br \/>\n*Proibido para menores de 18 anos<\/p>\n<p>PACOTE VIP SUPER F\u00c3 ITA\u00da SILVER<br \/>\nIngresso Pista Premium Ita\u00fa Personnalit\u00e9<br \/>\nPassagem de som<br \/>\nKit exclusivo<br \/>\nAcesso antecipado \u00e0 loja oficial, com itens exclusivos \u00e0 venda (quantidades limitadas)<\/p>\n<p>Pr\u00e9-venda clientes Ita\u00fa: 27 de agosto, 10h, at\u00e9 o dia 30 de agosto, \u00e0s 23h<br \/>\nVenda geral: 31 de agosto, 12h on-line e \u00e0s 13h na bilheteria oficial<br \/>\nBilheteria oficial (sem taxa de conveni\u00eancia): Est\u00e1dio Nilton Santos (Engenh\u00e3o) &#8211; Rua das Oficinas, s\/n &#8211; Engenho de Dentro &#8211; Rio de Janeiro\/RJ<br \/>\nFuncionamento: Ter\u00e7a a s\u00e1bado das 10h \u00e0s 17h. N\u00e3o h\u00e1 funcionamento em feriados, emendas de feriados, dias de jogos ou em dias de eventos de outras empresas.<br \/>\nBenef\u00edcio para clientes Ita\u00fa<br \/>\nPr\u00e9-venda exclusiva com 30% de desconto no valor dos ingressos para compras com cart\u00f5es de cr\u00e9dito<br \/>\n*Compra de 4 ingressos por CPF &#8211; sendo aplic\u00e1vel somente a ingressos inteira, de qualquer setor, sujeito a disponibilidade<br \/>\nParcelamento em at\u00e9 3x sem juros<br \/>\nO parcelamento em at\u00e9 3x sem juros \u00e9 v\u00e1lido para qualquer compra com cart\u00e3o Ita\u00fa, na pr\u00e9-venda ou n\u00e3o, tenha desconto, ou n\u00e3o no ingresso.<\/p>\n<p>SOBRE A 30e<br \/>\nA 30e \u00e9 a maior e a mais relevante companhia brasileira de entretenimento ao vivo. Com a miss\u00e3o de entregar felicidade e criar mem\u00f3rias inesquec\u00edveis, a empresa tem a inova\u00e7\u00e3o, a excel\u00eancia e as pessoas no centro de tudo o que faz. E, desta forma, a 30e ganhou reconhecimento global como a nova gera\u00e7\u00e3o do setor. A companhia construiu credibilidade junto ao mercado e ganhou a confian\u00e7a dos artistas internacionais e nacionais, al\u00e9m dos f\u00e3s de m\u00fasica. J\u00e1 realizou shows de Paul McCartney, System of a Down, Lana Del Rey, Twenty One Pilots, Florence and the Machine, Kendrick Lamar, Slipknot, Gorillaz, The Killers, Roger Waters e Bring Me The Horizon no pa\u00eds. Como uma empresa 100% brasileira, a 30e tem as credenciais necess\u00e1rias para dimensionar os artistas nacionais e idealizou tours que transformaram a perspectiva do showbiz no Brasil. A turn\u00ea Tit\u00e3s Encontro, a SUPERTURN\u00ca do J\u00e3o, a despedida do Natiruts dos palcos e, agora, a \u00faltima turn\u00ea de Gilberto Gil, TEMPO REI, s\u00e3o exemplos disso. A companhia realiza mais de 200 eventos por ano e tem a proje\u00e7\u00e3o de impactar 4 milh\u00f5es de pessoas em 2025 \u2014 sempre desenvolvendo o seu posicionamento de \u201cDelivering Happiness\u201d.<\/p>\n<p>Sobre o Ita\u00fa Live<br \/>\nIta\u00fa Live \u00e9 a plataforma propriet\u00e1ria de m\u00fasica do Ita\u00fa Unibanco, criada para conectar f\u00e3s, artistas e experi\u00eancias ao vivo em uma estrat\u00e9gia de relacionamento de longo prazo. A iniciativa potencializa toda a atua\u00e7\u00e3o do banco nesse territ\u00f3rio, reunindo shows, festivais e conte\u00fado.<br \/>\nEntre os pilares da plataforma est\u00e1 a parceria estrat\u00e9gica de cinco anos com a 30e, maior companhia brasileira de entretenimento ao vivo, que garante escala e recorr\u00eancia de shows e turn\u00eas em todo o pa\u00eds. Ao colocar o f\u00e3 no centro da jornada, o Ita\u00fa Live transforma a m\u00fasica em um ecossistema de conex\u00e3o, oferecendo condi\u00e7\u00f5es especiais de compra, descontos, parcelamento sem juros e experi\u00eancias exclusivas que ampliam o acesso e qualificam a viv\u00eancia nos eventos.<br \/>\nsite: https:\/\/www.itau.com.br\/itau-live<\/p>\n","protected":false},"excerpt":{"rendered":"<p>Realizada pela 30e e apresentada por Ita\u00fa Live, a tour estreia em janeiro de 2027 e contar\u00e1 com figurinos emblem\u00e1ticos da trajet\u00f3ria do artista recriados &hellip; <\/p>\n","protected":false},"author":2,"featured_media":51279,"comment_status":"closed","ping_status":"closed","sticky":false,"template":"","format":"standard","meta":{"footnotes":""},"categories":[2],"tags":[],"class_list":["post-51278","post","type-post","status-publish","format-standard","has-post-thumbnail","hentry","category-noticias","latest_post"],"_links":{"self":[{"href":"https:\/\/gilpimentel.com.br\/site\/wp-json\/wp\/v2\/posts\/51278","targetHints":{"allow":["GET"]}}],"collection":[{"href":"https:\/\/gilpimentel.com.br\/site\/wp-json\/wp\/v2\/posts"}],"about":[{"href":"https:\/\/gilpimentel.com.br\/site\/wp-json\/wp\/v2\/types\/post"}],"author":[{"embeddable":true,"href":"https:\/\/gilpimentel.com.br\/site\/wp-json\/wp\/v2\/users\/2"}],"replies":[{"embeddable":true,"href":"https:\/\/gilpimentel.com.br\/site\/wp-json\/wp\/v2\/comments?post=51278"}],"version-history":[{"count":1,"href":"https:\/\/gilpimentel.com.br\/site\/wp-json\/wp\/v2\/posts\/51278\/revisions"}],"predecessor-version":[{"id":51280,"href":"https:\/\/gilpimentel.com.br\/site\/wp-json\/wp\/v2\/posts\/51278\/revisions\/51280"}],"wp:featuredmedia":[{"embeddable":true,"href":"https:\/\/gilpimentel.com.br\/site\/wp-json\/wp\/v2\/media\/51279"}],"wp:attachment":[{"href":"https:\/\/gilpimentel.com.br\/site\/wp-json\/wp\/v2\/media?parent=51278"}],"wp:term":[{"taxonomy":"category","embeddable":true,"href":"https:\/\/gilpimentel.com.br\/site\/wp-json\/wp\/v2\/categories?post=51278"},{"taxonomy":"post_tag","embeddable":true,"href":"https:\/\/gilpimentel.com.br\/site\/wp-json\/wp\/v2\/tags?post=51278"}],"curies":[{"name":"wp","href":"https:\/\/api.w.org\/{rel}","templated":true}]}}