{"id":51267,"date":"2026-08-31T05:00:02","date_gmt":"2026-08-31T08:00:02","guid":{"rendered":"https:\/\/gilpimentel.com.br\/site\/?p=51267"},"modified":"2026-08-31T17:59:47","modified_gmt":"2026-08-31T20:59:47","slug":"brasilina-exposicao-reune-arte-e-design-autoral-para-celebrar-diversidade-e-potencia-criativa-brasileira","status":"publish","type":"post","link":"https:\/\/gilpimentel.com.br\/site\/brasilina-exposicao-reune-arte-e-design-autoral-para-celebrar-diversidade-e-potencia-criativa-brasileira\/","title":{"rendered":"BRASILINA: EXPOSI\u00c7\u00c3O RE\u00daNE ARTE E DESIGN AUTORAL PARA CELEBRAR DIVERSIDADE E POT\u00caNCIA CRIATIVA BRASILEIRA"},"content":{"rendered":"<p>Mostra realizada pela Decoranea e 1COMUM Coletivo re\u00fane artistas e designers na Galeria do Centro Cultural SESI, em Vit\u00f3ria, no ES, para refletir sobre identidade, natureza e sociedade brasileira<\/p>\n<p>O Brasil, com sua diversidade de territ\u00f3rios, culturas, povos, paisagens e modos de existir, \u00e9 o ponto de partida da exposi\u00e7\u00e3o Brasilina \u2013 Po\u00e9ticas de uma Na\u00e7\u00e3o M\u00e1tria, realizada pela Decoranea e 1COMUM Coletivo. A mostra re\u00fane artistas e designers brasileiros em torno de uma reflex\u00e3o sobre a riqueza e a complexidade do pa\u00eds, por meio de diferentes linguagens, t\u00e9cnicas, materiais e express\u00f5es criativas.<\/p>\n<p>Idealizada por Isabela Castello e Fernando Caseira Nicolau, com curadoria de Isabela Castello e Isabel Portella, a exposi\u00e7\u00e3o parte de uma imagem simb\u00f3lica: a brasilina, pigmento vermelho associado ao pau-brasil, \u00e1rvore que deu nome ao pa\u00eds. A subst\u00e2ncia que colore o cerne da madeira torna-se, na exposi\u00e7\u00e3o, met\u00e1fora para a pr\u00f3pria identidade brasileira \u2014 diversa, intensa, contradit\u00f3ria e em constante transforma\u00e7\u00e3o.<\/p>\n<p>\u201cA brasile\u00edna \u00e9 uma tinta vermelha intensa, cor de brasa, que se forma naturalmente pela rea\u00e7\u00e3o qu\u00edmica da brasilina \u2013 subst\u00e2ncia encontrada no interior da \u00e1rvore pau-brasil \u2013 em contato com o ar e a luz. Reagir ao encontro, como descrito acima, \u00e9 sintoma de morte por podas dr\u00e1sticas e cortes violentos na esp\u00e9cie. Deste modo, o Brasil, \u00fanico pa\u00eds com nome de \u00e1rvore no mundo, \u00e9 forjado. \u00c9 poss\u00edvel falar de hist\u00f3ria sem falar de corte, de trauma? E falar de corte, de trauma \u00e9 regener\u00e1-lo? Quem \u00e9s tu, cidad\u00e3 brasileira? Quem \u00e9s tu, cidad\u00e3 latino-americana?\u201d, instiga o idealizador, Fernando Nicolau.<\/p>\n<p>Tamb\u00e9m \u00e0 frente do projeto, Isabela Castello diz que \u201cBrasilina fala da pot\u00eancia criativa do nosso pa\u00eds, da nossa ess\u00eancia. Precisamos olhar para nossas ra\u00edzes, nossas belezas e nossa hist\u00f3ria para compreender o pa\u00eds que somos e, principalmente, o pa\u00eds que queremos construir coletivamente. E nada melhor do que a arte para nos ajudar nessa tarefa, porque a arte reflete quem somos e como nos percebemos. Nesta exposi\u00e7\u00e3o, reunimos 32 artistas brasileiros e brasileiras para, por meio de diferentes linguagens e olhares, refletir sobre o Brasil e sobre a na\u00e7\u00e3o que queremos construir. Um convite para olhar para n\u00f3s mesmos, reconhecer nossa diversidade e nossa pot\u00eancia e imaginar, juntos, novos caminhos para o nosso pa\u00eds.\u201d<\/p>\n<p>A proposta da Brasilina nasce do desejo de olhar para o Brasil al\u00e9m dos estere\u00f3tipos e das narrativas \u00fanicas, reconhecendo sua pot\u00eancia natural e cultural, mas tamb\u00e9m suas contradi\u00e7\u00f5es. Um pa\u00eds de dimens\u00f5es continentais, biodiverso, multicultural e miscigenado, marcado por profundas desigualdades, mas tamb\u00e9m por criatividade, resist\u00eancia, afetos e capacidade de reinven\u00e7\u00e3o.<\/p>\n<p>A exposi\u00e7\u00e3o est\u00e1 estruturada em tr\u00eas eixos curatoriais: Identidade, Natureza e Sociedade. Juntos, eles prop\u00f5em diferentes perspectivas sobre o pa\u00eds. Identidade aborda as m\u00faltiplas formas de ser e pertencer ao Brasil; Natureza contempla a biodiversidade, os territ\u00f3rios e as rela\u00e7\u00f5es entre ser humano e meio ambiente; e Sociedade reflete sobre as rela\u00e7\u00f5es, desafios, contrastes e transforma\u00e7\u00f5es que constituem a vida brasileira.<\/p>\n<p>Um dos conceitos centrais da mostra \u00e9 a ideia de na\u00e7\u00e3o m\u00e1tria, uma vis\u00e3o do pa\u00eds como terra-m\u00e3e, que gera, nutre e protege. A express\u00e3o prop\u00f5e uma perspectiva mais afetiva e inclusiva de na\u00e7\u00e3o, relacionada \u00e0 terra, \u00e0 natureza, \u00e0s ancestralidades e ao papel das mulheres na constru\u00e7\u00e3o da vida social e cultural brasileira.<\/p>\n<p>A exposi\u00e7\u00e3o tamb\u00e9m parte de uma reflex\u00e3o simb\u00f3lica sobre a bandeira nacional. O lema \u201cOrdem e Progresso\u201d, inspirado no pensamento de Auguste Comte, originalmente fazia parte de uma formula\u00e7\u00e3o mais extensa que inclu\u00eda a palavra \u201camor\u201d. Ao trazer essa aus\u00eancia para o campo da reflex\u00e3o art\u00edstica, Brasilina prop\u00f5e uma regenera\u00e7\u00e3o simb\u00f3lica: amor como princ\u00edpio, ordem como base e progresso como fim. Terra como corpo, cultura como cura, arte como fala. Mais do que apresentar obras sobre o Brasil, Brasilina busca criar um espa\u00e7o de encontro e reflex\u00e3o, e para isso contar\u00e1 com um programa educativo desenvolvido pela arte-educadora Tatiana Rosa. A diversidade de artistas, linguagens e perspectivas permite que diferentes Brasis coexistam na mesma exposi\u00e7\u00e3o, revelando que n\u00e3o existe uma \u00fanica maneira de representar ou compreender o pa\u00eds.<\/p>\n<p>Para a Decoranea, galeria dedicada \u00e0 arte e ao design autoral, a exposi\u00e7\u00e3o tamb\u00e9m reafirma seu compromisso com a valoriza\u00e7\u00e3o da produ\u00e7\u00e3o criativa brasileira e com a aproxima\u00e7\u00e3o entre essas duas linguagens. A marca se lan\u00e7a ao mercado junto dessa iniciativa para potencializar a presen\u00e7a conjunta de arte e design autoral e ampliar o olhar sobre a criatividade nacional, evidenciando a capacidade brasileira de transformar mat\u00e9ria, cultura e experi\u00eancia em formas, objetos e narrativas.<\/p>\n<p>Brasilina inaugura sua trajet\u00f3ria na Galeria do Centro Cultural SESI, em Jardim da Penha, Vit\u00f3ria, Esp\u00edrito Santo, no dia 1\u00ba de setembro, \u00e0s 18h, e permanece aberta ao p\u00fablico at\u00e9 30 de setembro. Com produ\u00e7\u00e3o de Elaine Pinheiro (ArtES Consultoria, Produ\u00e7\u00e3o e Gest\u00e3o Cultural), a exposi\u00e7\u00e3o nasce tamb\u00e9m com a perspectiva de circular posteriormente por outras cidades brasileiras.<\/p>\n<p>Para acessar o presskit da exposi\u00e7\u00e3o, acesse: https:\/\/tinyurl.com\/brasilina<\/p>\n<p>SERVI\u00c7O<\/p>\n<p>Brasilina &#8211; Po\u00e9ticas de uma Na\u00e7\u00e3o M\u00e1tria<\/p>\n<p>Realiza\u00e7\u00e3o: Decoranea e 1COMUM Coletivo<\/p>\n<p>Idealiza\u00e7\u00e3o: Isabela Castello e Fernando Caseira Nicolau<\/p>\n<p>Curadoria: Isabela Castello e Isabel Portella<\/p>\n<p>Local: Galeria do Centro Cultural SESI \u2013 Jardim da Penha, Vit\u00f3ria \u2013 ES<\/p>\n<p>Abertura: 1\u00ba de setembro, das 18h \u00e0s 21h<\/p>\n<p>Per\u00edodo: 1\u00ba a 30 de setembro de 2026<\/p>\n<p>Visita\u00e7\u00e3o: ter\u00e7a a s\u00e1bado, das 10h \u00e0s 20h<\/p>\n<p>Entrada: Gratuita<\/p>\n<p>Classifica\u00e7\u00e3o: Livre<\/p>\n<p>&nbsp;<\/p>\n<p>&nbsp;<\/p>\n<p>&nbsp;<\/p>\n<p>&nbsp;<\/p>\n","protected":false},"excerpt":{"rendered":"<p>Mostra realizada pela Decoranea e 1COMUM Coletivo re\u00fane artistas e designers na Galeria do Centro Cultural SESI, em Vit\u00f3ria, no ES, para refletir sobre identidade, &hellip; <\/p>\n","protected":false},"author":2,"featured_media":51268,"comment_status":"closed","ping_status":"closed","sticky":false,"template":"","format":"standard","meta":{"footnotes":""},"categories":[2],"tags":[],"class_list":["post-51267","post","type-post","status-publish","format-standard","has-post-thumbnail","hentry","category-noticias","latest_post"],"_links":{"self":[{"href":"https:\/\/gilpimentel.com.br\/site\/wp-json\/wp\/v2\/posts\/51267","targetHints":{"allow":["GET"]}}],"collection":[{"href":"https:\/\/gilpimentel.com.br\/site\/wp-json\/wp\/v2\/posts"}],"about":[{"href":"https:\/\/gilpimentel.com.br\/site\/wp-json\/wp\/v2\/types\/post"}],"author":[{"embeddable":true,"href":"https:\/\/gilpimentel.com.br\/site\/wp-json\/wp\/v2\/users\/2"}],"replies":[{"embeddable":true,"href":"https:\/\/gilpimentel.com.br\/site\/wp-json\/wp\/v2\/comments?post=51267"}],"version-history":[{"count":1,"href":"https:\/\/gilpimentel.com.br\/site\/wp-json\/wp\/v2\/posts\/51267\/revisions"}],"predecessor-version":[{"id":51269,"href":"https:\/\/gilpimentel.com.br\/site\/wp-json\/wp\/v2\/posts\/51267\/revisions\/51269"}],"wp:featuredmedia":[{"embeddable":true,"href":"https:\/\/gilpimentel.com.br\/site\/wp-json\/wp\/v2\/media\/51268"}],"wp:attachment":[{"href":"https:\/\/gilpimentel.com.br\/site\/wp-json\/wp\/v2\/media?parent=51267"}],"wp:term":[{"taxonomy":"category","embeddable":true,"href":"https:\/\/gilpimentel.com.br\/site\/wp-json\/wp\/v2\/categories?post=51267"},{"taxonomy":"post_tag","embeddable":true,"href":"https:\/\/gilpimentel.com.br\/site\/wp-json\/wp\/v2\/tags?post=51267"}],"curies":[{"name":"wp","href":"https:\/\/api.w.org\/{rel}","templated":true}]}}