{"id":50504,"date":"2026-08-26T22:00:35","date_gmt":"2026-08-27T01:00:35","guid":{"rendered":"https:\/\/gilpimentel.com.br\/site\/?p=50504"},"modified":"2026-08-27T07:42:33","modified_gmt":"2026-08-27T10:42:33","slug":"feriado-de-7-de-setembro-sandi-hotel-reune-hospedagem-gastronomia-e-bem-estar-em-paraty","status":"publish","type":"post","link":"https:\/\/gilpimentel.com.br\/site\/feriado-de-7-de-setembro-sandi-hotel-reune-hospedagem-gastronomia-e-bem-estar-em-paraty\/","title":{"rendered":"FERIADO DE 7 DE SETEMBRO: SANDI HOTEL RE\u00daNE HOSPEDAGEM, GASTRONOMIA E BEM-ESTAR EM PARATY"},"content":{"rendered":"<p>O feriado de 7 de Setembro \u00e9 uma oportunidade para trocar a rotina por alguns dias em um destino onde tudo acontece no ritmo da caminhada. Em Paraty, o Centro Hist\u00f3rico convida a explorar ruas de pedra, casar\u00f5es coloniais, ateli\u00eas, restaurantes e o mar da Costa Verde, reunindo patrim\u00f4nio hist\u00f3rico, natureza e gastronomia em uma mesma viagem.<\/p>\n<p>No cora\u00e7\u00e3o desse cen\u00e1rio est\u00e1 o Sandi Hotel, instalado em um casar\u00e3o colonial e administrado pela mesma fam\u00edlia h\u00e1 mais de tr\u00eas d\u00e9cadas, em uma trajet\u00f3ria que se conecta \u00e0 hist\u00f3ria de Paraty h\u00e1 sessenta anos. Ao longo desse per\u00edodo, o empreendimento ampliou sua atua\u00e7\u00e3o para al\u00e9m da hospedagem, contribuindo para o desenvolvimento do turismo, da cultura e da economia criativa da cidade.<\/p>\n<p>Al\u00e9m da localiza\u00e7\u00e3o privilegiada, que permite conhecer o Centro Hist\u00f3rico a p\u00e9, o hotel oferece piscina aquecida, jacuzzi, sauna e academia para quem deseja alternar momentos de descanso com passeios pela cidade. A hospedagem tamb\u00e9m est\u00e1 integrada ao Quadrado M\u00e1gico, ecossistema que re\u00fane gastronomia, arte, bem-estar e experi\u00eancias em um \u00fanico circuito. Durante o feriado, os visitantes podem conhecer os restaurantes Fugu e Pupu&#8217;s Panc Party, fazer uma pausa na tradicional Gelateria Miracolo, relaxar no Shambhala Spa, visitar a Galeria Ao Quadrado e a Cer\u00e2mica Foz ou participar de passeios personalizados organizados pela N\u00e9ctar Experience. A proposta \u00e9 permitir que o h\u00f3spede descubra diferentes facetas de Paraty sem sair do Centro Hist\u00f3rico.<\/p>\n<p>Para o feriado da Independ\u00eancia, entre os dias 4 e 7 de setembro, o Sandi Hotel oferece pacote a partir de R$ 12.260 para duas pessoas, com caf\u00e9 da manh\u00e3 inclu\u00eddo e cortesia para uma crian\u00e7a de at\u00e9 5 anos, hospedada no mesmo apartamento dos pais. As reservas podem ser feitas diretamente com o hotel e est\u00e3o sujeitas \u00e0 disponibilidade.<\/p>\n<p>&nbsp;<\/p>\n<p>&nbsp;<\/p>\n<p>&nbsp;<\/p>\n<p>&nbsp;<\/p>\n","protected":false},"excerpt":{"rendered":"<p>O feriado de 7 de Setembro \u00e9 uma oportunidade para trocar a rotina por alguns dias em um destino onde tudo acontece no ritmo da &hellip; <\/p>\n","protected":false},"author":2,"featured_media":50505,"comment_status":"closed","ping_status":"closed","sticky":false,"template":"","format":"standard","meta":{"footnotes":""},"categories":[2],"tags":[],"class_list":["post-50504","post","type-post","status-publish","format-standard","has-post-thumbnail","hentry","category-noticias","latest_post"],"_links":{"self":[{"href":"https:\/\/gilpimentel.com.br\/site\/wp-json\/wp\/v2\/posts\/50504","targetHints":{"allow":["GET"]}}],"collection":[{"href":"https:\/\/gilpimentel.com.br\/site\/wp-json\/wp\/v2\/posts"}],"about":[{"href":"https:\/\/gilpimentel.com.br\/site\/wp-json\/wp\/v2\/types\/post"}],"author":[{"embeddable":true,"href":"https:\/\/gilpimentel.com.br\/site\/wp-json\/wp\/v2\/users\/2"}],"replies":[{"embeddable":true,"href":"https:\/\/gilpimentel.com.br\/site\/wp-json\/wp\/v2\/comments?post=50504"}],"version-history":[{"count":1,"href":"https:\/\/gilpimentel.com.br\/site\/wp-json\/wp\/v2\/posts\/50504\/revisions"}],"predecessor-version":[{"id":50506,"href":"https:\/\/gilpimentel.com.br\/site\/wp-json\/wp\/v2\/posts\/50504\/revisions\/50506"}],"wp:featuredmedia":[{"embeddable":true,"href":"https:\/\/gilpimentel.com.br\/site\/wp-json\/wp\/v2\/media\/50505"}],"wp:attachment":[{"href":"https:\/\/gilpimentel.com.br\/site\/wp-json\/wp\/v2\/media?parent=50504"}],"wp:term":[{"taxonomy":"category","embeddable":true,"href":"https:\/\/gilpimentel.com.br\/site\/wp-json\/wp\/v2\/categories?post=50504"},{"taxonomy":"post_tag","embeddable":true,"href":"https:\/\/gilpimentel.com.br\/site\/wp-json\/wp\/v2\/tags?post=50504"}],"curies":[{"name":"wp","href":"https:\/\/api.w.org\/{rel}","templated":true}]}}